{"id":34514,"date":"2014-12-08T09:13:42","date_gmt":"2014-12-08T15:13:42","guid":{"rendered":"http:\/\/www.eloriente.net\/home\/?p=34514"},"modified":"2014-12-08T09:13:42","modified_gmt":"2014-12-08T15:13:42","slug":"convocatoria-uabjo-renovacion-del-honorable-consejo-universitario","status":"publish","type":"post","link":"http:\/\/www.eloriente.net\/home\/2014\/12\/08\/convocatoria-uabjo-renovacion-del-honorable-consejo-universitario\/","title":{"rendered":"Convocatoria UABJO: Renovaci\u00f3n del Honorable Consejo Universitario"},"content":{"rendered":"<ul>\n<li><strong>La convocatoria puede ser consultada en <\/strong><a href=\"http:\/\/www.uabjo.mx\"><strong>uabjo.mx<\/strong><\/a><\/li>\n<\/ul>\n<p>(www.eloriente.net \/ <a href=\"http:\/\/www.uabjo.mx\" target=\"_blank\">UABJO<\/a>, Oaxaca, 8 de diciembre 2014).- El rector de la Universidad Aut\u00f3noma \u201cBenito Ju\u00e1rez\u201d de Oaxaca (UABJO), Eduardo Mart\u00ednez Helmes inform\u00f3 que ya se encuentra publicada en la p\u00e1gina de la Universidad, <a href=\"http:\/\/www.uabjo.mx\">www.uabjo.mx<\/a>, la convocatoria correspondiente al proceso de elecci\u00f3n para renovar el Honorable Consejo Universitario.<\/p>\n<p>En ese sentido, Mart\u00ednez Helmes indic\u00f3 que la convocatoria emitida en coordinaci\u00f3n con la Secretar\u00eda General de la UABJO, est\u00e1 formulada con base en los art\u00edculos: 18,19,20,23,25,26,27, 33,34,35,37,38 y 42 fracci\u00f3n I y XVI de la Ley Org\u00e1nica de la Universidad.<\/p>\n<p>De acuerdo a lo anterior, el rector manifest\u00f3 que se espera una participaci\u00f3n entusiasta por parte de los docentes y estudiantes interesados en ser parte del Honorable Consejo Universitario y para ello, deber\u00e1n cumplir con los requisitos establecidos en la convocatoria, entre los que destacan; ser mexicano, tener como m\u00ednimo nivel de licenciatura, con t\u00edtulo profesional en caso de ser profesor y Ser alumno regular y estar oficialmente inscrito o reinscrito en el caso de los estudiantes.<\/p>\n<p>De igual forma, Gozar de reconocido prestigio profesional y haberse distinguido en labores de investigaci\u00f3n o en la c\u00e1tedra y haberse desempe\u00f1ado como profesor o investigador en la Instituci\u00f3n, durante tres a\u00f1os consecutivos e inmediatos al momento de la elecci\u00f3n en el caso de docentes; mientras tanto para los estudiantes, haber observado buena conducta en la instituci\u00f3n y tener promedio m\u00ednimo de 8 de calificaci\u00f3n debidamente acreditada en el semestre o a\u00f1o inmediato anterior.<\/p>\n<p>En lo referente a la elecci\u00f3n el funcionario se\u00f1al\u00f3 que se elegir\u00e1n en la forma que determine el H. Consejo T\u00e9cnico de cada Unidad Acad\u00e9mica, en el caso de los maestros, se elegir\u00e1 a un s\u00f3lo propietario con su respectivo suplente por Unidad Acad\u00e9mica, mientras que los alumnos, se elegir\u00e1n dos propietarios con sus respectivos suplentes por Escuela, Facultad o Instituto.<\/p>\n<p>As\u00ed mismo, refiri\u00f3 que votar\u00e1n solamente los catedr\u00e1ticos que se encuentren en la n\u00f3mina de la Universidad y alumnos que est\u00e9n oficialmente inscritos o reinscritos. Los catedr\u00e1ticos y alumnos que obtengan el mayor n\u00famero de votos ser\u00e1n los propietarios y quienes sigan en el orden de votos ser\u00e1n suplentes y durar\u00e1n en su cargo dos a\u00f1os a partir de su elecci\u00f3n.<\/p>\n<p>Por \u00faltimo, el funcionario explic\u00f3 que el registro de candidatos ser\u00e1 el d\u00eda 9 de diciembre de 2014, de 8:00 a 20:00 horas, mismo que se efectuar\u00e1 en la Direcci\u00f3n de la Escuela, Facultad o Instituto, las campa\u00f1as se realizar\u00e1n los d\u00edas 10 y 11 de diciembre y la elecci\u00f3n se llevar\u00e1 a cabo el 15 de diciembre, al tiempo que hac\u00eda extensiva la invitaci\u00f3n para conocer con mayor detalle la Convocatoria en <a href=\"http:\/\/www.uabjo.mx\">www.uabjo.mx<\/a>.<\/p>\n<div id='gallery-1' class='gallery galleryid-34514 gallery-columns-3 gallery-size-thumbnail'><figure class='gallery-item'>\n\t\t\t<div class='gallery-icon portrait'>\n\t\t\t\t<a href='http:\/\/www.eloriente.net\/home\/wp-content\/uploads\/2014\/12\/CONVOCATORIA-CONSEJO-UNIVERSITARIO-2014-1.jpg'><img loading=\"lazy\" decoding=\"async\" width=\"150\" height=\"150\" src=\"http:\/\/www.eloriente.net\/home\/wp-content\/uploads\/2014\/12\/CONVOCATORIA-CONSEJO-UNIVERSITARIO-2014-1-150x150.jpg\" class=\"attachment-thumbnail size-thumbnail\" alt=\"\" srcset=\"http:\/\/www.eloriente.net\/home\/wp-content\/uploads\/2014\/12\/CONVOCATORIA-CONSEJO-UNIVERSITARIO-2014-1-150x150.jpg 150w, http:\/\/www.eloriente.net\/home\/wp-content\/uploads\/2014\/12\/CONVOCATORIA-CONSEJO-UNIVERSITARIO-2014-1-50x50.jpg 50w\" sizes=\"(max-width: 150px) 100vw, 150px\" \/><\/a>\n\t\t\t<\/div><\/figure><figure class='gallery-item'>\n\t\t\t<div class='gallery-icon portrait'>\n\t\t\t\t<a href='http:\/\/www.eloriente.net\/home\/wp-content\/uploads\/2014\/12\/CONVOCATORIA-CONSEJO-UNIVERSITARIO-2014-2.jpg'><img loading=\"lazy\" decoding=\"async\" width=\"150\" height=\"150\" src=\"http:\/\/www.eloriente.net\/home\/wp-content\/uploads\/2014\/12\/CONVOCATORIA-CONSEJO-UNIVERSITARIO-2014-2-150x150.jpg\" class=\"attachment-thumbnail size-thumbnail\" alt=\"\" srcset=\"http:\/\/www.eloriente.net\/home\/wp-content\/uploads\/2014\/12\/CONVOCATORIA-CONSEJO-UNIVERSITARIO-2014-2-150x150.jpg 150w, http:\/\/www.eloriente.net\/home\/wp-content\/uploads\/2014\/12\/CONVOCATORIA-CONSEJO-UNIVERSITARIO-2014-2-50x50.jpg 50w\" sizes=\"(max-width: 150px) 100vw, 150px\" \/><\/a>\n\t\t\t<\/div><\/figure><figure class='gallery-item'>\n\t\t\t<div class='gallery-icon portrait'>\n\t\t\t\t<a href='http:\/\/www.eloriente.net\/home\/wp-content\/uploads\/2014\/12\/CONVOCATORIA-CONSEJO-UNIVERSITARIO-2014-3.jpg'><img loading=\"lazy\" decoding=\"async\" width=\"150\" height=\"150\" src=\"http:\/\/www.eloriente.net\/home\/wp-content\/uploads\/2014\/12\/CONVOCATORIA-CONSEJO-UNIVERSITARIO-2014-3-150x150.jpg\" class=\"attachment-thumbnail size-thumbnail\" alt=\"\" srcset=\"http:\/\/www.eloriente.net\/home\/wp-content\/uploads\/2014\/12\/CONVOCATORIA-CONSEJO-UNIVERSITARIO-2014-3-150x150.jpg 150w, http:\/\/www.eloriente.net\/home\/wp-content\/uploads\/2014\/12\/CONVOCATORIA-CONSEJO-UNIVERSITARIO-2014-3-50x50.jpg 50w\" sizes=\"(max-width: 150px) 100vw, 150px\" \/><\/a>\n\t\t\t<\/div><\/figure>\n\t\t<\/div>\n\n<p><a href=\"http:\/\/www.eloriente.net\/home\/wp-content\/uploads\/2014\/12\/071.jpg\"><img loading=\"lazy\" decoding=\"async\" class=\"alignnone size-medium wp-image-34518\" src=\"http:\/\/www.eloriente.net\/home\/wp-content\/uploads\/2014\/12\/071-300x174.jpg\" alt=\"07(1)\" width=\"300\" height=\"174\" srcset=\"http:\/\/www.eloriente.net\/home\/wp-content\/uploads\/2014\/12\/071-300x174.jpg 300w, http:\/\/www.eloriente.net\/home\/wp-content\/uploads\/2014\/12\/071-1024x595.jpg 1024w\" sizes=\"(max-width: 300px) 100vw, 300px\" \/><\/a><\/p>\n<p>Foto: UABJO<\/p>\n<p><strong>Entradas relacionadas:<\/strong><\/p>\n<div id=\"post-34407\" class=\"post-34407 post type-post status-publish format-standard has-post-thumbnail hentry category-educacion-y-cultura category-entradas category-gastronomia category-lo-mas-reciente category-oaxaca-estados category-universidades tag-uabjo entry loop-default border_bottom_30\">\n<p class=\"entry_title\"><a title=\"Enlace Permanente a Alumnos oaxaque\u00f1os en El saber del sabor 2014\" href=\"http:\/\/www.eloriente.net\/home\/2014\/12\/03\/alumnos-oaxaquenos-en-el-saber-del-sabor-2014\/\" rel=\"bookmark\">Alumnos oaxaque\u00f1os en El saber del sabor 2014<\/a><\/p>\n<p><a href=\"http:\/\/www.eloriente.net\/home\/2014\/12\/03\/alumnos-oaxaquenos-en-el-saber-del-sabor-2014\/\" rel=\"bookmark\"><img decoding=\"async\" class=\"alignleft\" title=\"Alumnos oaxaque\u00f1os en El saber del sabor 2014\" src=\"http:\/\/www.eloriente.net\/home\/wp-content\/themes\/city-desk\/timthumb.php?src=http%3A%2F%2Fwww.eloriente.net%2Fhome%2Fwp-content%2Fuploads%2F2014%2F12%2F03.jpg&amp;q=90&amp;w=160&amp;h=106&amp;zc=1\" alt=\"Alumnos oaxaque\u00f1os en El saber del sabor 2014\" \/><\/a>(www.eloriente.net \/ UABJO, 3 de diciembre 2014).- Estudiantes de la Licenciatura en Gastronom\u00eda de la Universidad Aut\u00f3noma \u201cBenito Ju\u00e1rez\u201d de Oaxaca (UABJO), participaron en la sexta edici\u00f3n del Festival Culinario \u201cEl saber del sabor\u201d, el cual se presenta como un espacio de creaci\u00f3n y reflexi\u00f3n culinaria que muestra las tradiciones, la riqueza y diversidad cultural [\u2026]<\/p>\n<div class=\"toolbar-social\">\n<div class=\"social-widget\">\n<div id=\"sharing-widget\"><a class=\"button icon-share\">Compartir<\/a><\/div>\n<\/div>\n<\/div>\n<p class=\"postmeta\"><span class=\"meta_date\">diciembre 3, 2014<\/span><\/p>\n<\/div>\n<div id=\"post-34315\" class=\"post-34315 post type-post status-publish format-standard has-post-thumbnail hentry category-comunicados-y-boletines category-educacion-y-cultura category-entradas category-lo-mas-reciente category-oaxaca-estados category-salud category-universidades tag-salud-2 tag-uabjo entry loop-default border_bottom_30\">\n<p class=\"entry_title\"><a title=\"Enlace Permanente a Los Retos de la Salud en Oaxaca\" href=\"http:\/\/www.eloriente.net\/home\/2014\/11\/29\/los-retos-de-la-salud-en-oaxaca\/\" rel=\"bookmark\">Los Retos de la Salud en Oaxaca<\/a><\/p>\n<p><a href=\"http:\/\/www.eloriente.net\/home\/2014\/11\/29\/los-retos-de-la-salud-en-oaxaca\/\" rel=\"bookmark\"><img decoding=\"async\" class=\"alignleft\" title=\"Los Retos de la Salud en Oaxaca\" src=\"http:\/\/www.eloriente.net\/home\/wp-content\/themes\/city-desk\/timthumb.php?src=http%3A%2F%2Fwww.eloriente.net%2Fhome%2Fwp-content%2Fuploads%2F2014%2F11%2F291.jpg&amp;q=90&amp;w=160&amp;h=106&amp;zc=1\" alt=\"Los Retos de la Salud en Oaxaca\" \/><\/a>eloriente.net \/ UABJO 29\/noviembre\/2014 El Instituto de Investigaciones Sociol\u00f3gicas de la Universidad Aut\u00f3noma \u201cBenito Ju\u00e1rez\u201d de Oaxaca (IISUABJO) a trav\u00e9s del \u00c1rea de Desarrollo Regional, present\u00f3 la conferencia \u201cLos Retos de la Salud en Oaxaca\u201d, como parte del ciclo \u201cOaxaca en el Debate Nacional\u201d. La conferencia, realizada en las instalaciones de la Biblioteca Francisco de [\u2026]<\/p>\n<div class=\"toolbar-social\">\n<div class=\"social-widget\">\n<div id=\"sharing-widget\"><a class=\"button icon-share\">Compartir<\/a><\/div>\n<\/div>\n<\/div>\n<p class=\"postmeta\"><span class=\"meta_date\">noviembre 29, 2014<\/span><\/p>\n<\/div>\n<div id=\"post-34258\" class=\"post-34258 post type-post status-publish format-standard has-post-thumbnail hentry category-comunicados-y-boletines category-educacion-y-cultura category-entradas category-lo-mas-reciente category-oaxaca-estados category-principal category-universidades tag-congreso-internacional tag-derecho-procesal-penal tag-uabjo entry loop-default border_bottom_30\">\n<p class=\"entry_title\"><a title=\"Enlace Permanente a Congreso Internacional de Derecho Procesal Penal en la UABJO\" href=\"http:\/\/www.eloriente.net\/home\/2014\/11\/27\/congreso-internacional-de-derecho-procesal-penal-en-la-uabjo\/\" rel=\"bookmark\">Congreso Internacional de Derecho Procesal Penal en la UABJO<\/a><\/p>\n<p><a href=\"http:\/\/www.eloriente.net\/home\/2014\/11\/27\/congreso-internacional-de-derecho-procesal-penal-en-la-uabjo\/\" rel=\"bookmark\"><img decoding=\"async\" class=\"alignleft\" title=\"Congreso Internacional de Derecho Procesal Penal en la UABJO\" src=\"http:\/\/www.eloriente.net\/home\/wp-content\/themes\/city-desk\/timthumb.php?src=http%3A%2F%2Fwww.eloriente.net%2Fhome%2Fwp-content%2Fuploads%2F2014%2F11%2F27.jpg&amp;q=90&amp;w=160&amp;h=106&amp;zc=1\" alt=\"Congreso Internacional de Derecho Procesal Penal en la UABJO\" \/><\/a>(www.eloriente.net\/UABJO, M\u00e9xico, 27 de noviembre\/2014).-\u00a0Con la finalidad de establecer espacios de discusi\u00f3n acad\u00e9mica y profesional en torno a las experiencias que se han suscitado en Latinoam\u00e9rica y el mundo sobre el nuevo sistema penal, la Facultad de Derecho y Ciencias Sociales de la Universidad Aut\u00f3noma \u201cBenito Ju\u00e1rez\u201d de Oaxaca (FDyCS UABJO), organiz\u00f3 el Sexto Congreso [\u2026]<\/p>\n<div class=\"toolbar-social\">\n<div class=\"social-widget\">\n<div id=\"sharing-widget\"><a class=\"button icon-share active\">Compartir<\/a><\/div>\n<\/div>\n<div class=\"tooltip-wrapper\">\n<div class=\"arrow\"><\/div>\n<div id=\"tooltip-close\">noviembre 27, 2014<\/div>\n<\/div>\n<\/div>\n<\/div>\n\n\t\t\t  <div \n\t\t\t  \tclass = \"fb-comments\" \n\t\t\t  \tdata-href = \"http:\/\/www.eloriente.net\/home\/2014\/12\/08\/convocatoria-uabjo-renovacion-del-honorable-consejo-universitario\/\"\n\t\t\t  \tdata-numposts = \"10\"\n\t\t\t\tdata-colorscheme = \"dark\"\n\t\t\t\tdata-order-by = \"social\"\n\t\t\t\tdata-mobile=true>\n\t\t\t  <\/div>\n\t\t  <style>\n\t\t\t.fb_iframe_widget_fluid_desktop iframe {\n\t\t\t    width: 100% !important;\n\t\t\t}\n\t\t  <\/style>\n\t\t  ","protected":false},"excerpt":{"rendered":"<p>La convocatoria puede ser consultada en uabjo.mx (www.eloriente.net \/ UABJO, Oaxaca, 8 de diciembre 2014).- El rector de la Universidad Aut\u00f3noma \u201cBenito Ju\u00e1rez\u201d de Oaxaca (UABJO), Eduardo Mart\u00ednez Helmes inform\u00f3 que ya se encuentra publicada en la p\u00e1gina de la Universidad, www.uabjo.mx, la convocatoria correspondiente al proceso de elecci\u00f3n para renovar el Honorable Consejo Universitario. [&hellip;]<\/p>\n","protected":false},"author":1,"featured_media":34518,"comment_status":"open","ping_status":"open","sticky":false,"template":"","format":"standard","meta":{"_jetpack_memberships_contains_paid_content":false,"footnotes":""},"categories":[1588,18,32,10,464,84],"tags":[182],"class_list":["post-34514","post","type-post","status-publish","format-standard","has-post-thumbnail","hentry","category-comunicados-y-boletines","category-educacion-y-cultura","category-entradas","category-lo-mas-reciente","category-oaxaca-estados","category-universidades","tag-uabjo"],"jetpack_featured_media_url":"http:\/\/www.eloriente.net\/home\/wp-content\/uploads\/2014\/12\/071.jpg","jetpack_sharing_enabled":true,"_links":{"self":[{"href":"http:\/\/www.eloriente.net\/home\/wp-json\/wp\/v2\/posts\/34514"}],"collection":[{"href":"http:\/\/www.eloriente.net\/home\/wp-json\/wp\/v2\/posts"}],"about":[{"href":"http:\/\/www.eloriente.net\/home\/wp-json\/wp\/v2\/types\/post"}],"author":[{"embeddable":true,"href":"http:\/\/www.eloriente.net\/home\/wp-json\/wp\/v2\/users\/1"}],"replies":[{"embeddable":true,"href":"http:\/\/www.eloriente.net\/home\/wp-json\/wp\/v2\/comments?post=34514"}],"version-history":[{"count":1,"href":"http:\/\/www.eloriente.net\/home\/wp-json\/wp\/v2\/posts\/34514\/revisions"}],"predecessor-version":[{"id":34519,"href":"http:\/\/www.eloriente.net\/home\/wp-json\/wp\/v2\/posts\/34514\/revisions\/34519"}],"wp:featuredmedia":[{"embeddable":true,"href":"http:\/\/www.eloriente.net\/home\/wp-json\/wp\/v2\/media\/34518"}],"wp:attachment":[{"href":"http:\/\/www.eloriente.net\/home\/wp-json\/wp\/v2\/media?parent=34514"}],"wp:term":[{"taxonomy":"category","embeddable":true,"href":"http:\/\/www.eloriente.net\/home\/wp-json\/wp\/v2\/categories?post=34514"},{"taxonomy":"post_tag","embeddable":true,"href":"http:\/\/www.eloriente.net\/home\/wp-json\/wp\/v2\/tags?post=34514"}],"curies":[{"name":"wp","href":"https:\/\/api.w.org\/{rel}","templated":true}]}}