{"id":34520,"date":"2014-12-08T09:27:33","date_gmt":"2014-12-08T15:27:33","guid":{"rendered":"http:\/\/www.eloriente.net\/home\/?p=34520"},"modified":"2014-12-08T11:12:40","modified_gmt":"2014-12-08T17:12:40","slug":"sala-constitucional-proteccion-a-los-derechos-humanos","status":"publish","type":"post","link":"http:\/\/www.eloriente.net\/home\/2014\/12\/08\/sala-constitucional-proteccion-a-los-derechos-humanos\/","title":{"rendered":"Se estrena Sala Constitucional: resuelve 10 primeros casos"},"content":{"rendered":"<p>eloriente.net \/ <a href=\"http:\/\/www.tribunaloax.gob.mx\/\" target=\"_blank\">Tribunal Superior de Justicia<\/a><\/p>\n<p>8\/diciembre\/2014<strong>\u00a0<\/strong><\/p>\n<ul>\n<li>El magistrado Alfredo Lagunas Rivera inform\u00f3 que a trav\u00e9s de esa instancia se resolvieron seis controversias constitucionales y cuatro juicios de protecci\u00f3n de derechos humanos<\/li>\n<\/ul>\n<p>Durante su primer a\u00f1o de funcionamiento, la Sala Constitucional del Tribunal Superior de Justicia conoci\u00f3 y resolvi\u00f3 seis controversias constitucionales y cuatro juicios de protecci\u00f3n de derechos humanos, instrumento procesal \u00fanico en su tipo en el pa\u00eds, basado en el procedimiento que se sigue en el Sistema Interamericano de Derechos Humanos, al cual los oaxaque\u00f1os y oaxaque\u00f1as pueden recurrir cuando consideren que sus garant\u00edas individuales han sido violadas.<\/p>\n<p>Al informar lo anterior, el titular del Poder Judicial del Estado, magistrado Alfredo Rodrigo Lagunas Rivera, se\u00f1al\u00f3 que actualmente en Oaxaca, las autoridades que se nieguen a cumplir con las recomendaciones emitidas por los \u00f3rganos estatales, nacionales e internacionales de derechos humanos, est\u00e1n expuestas a una sentencia que puede llegar al cese de funciones, consignaci\u00f3n ante las instancias correspondientes o al pago de la reparaci\u00f3n del da\u00f1o.<\/p>\n<p>En el marco del D\u00eda de los Derechos Humanos, que se conmemorar\u00e1 el pr\u00f3ximo 10 de diciembre, manifest\u00f3 que 17 entidades del pa\u00eds cuentan con una sala o tribunal constitucional; sin embargo, solo en nuestro estado se aplica un juicio especializado que garantiza a las personas la defensa de sus derechos contra los abusos de autoridad.<\/p>\n<p>Por otra parte, coment\u00f3 que la Sala tambi\u00e9n est\u00e1 facultada para conocer e intervenir en los casos de controversias constitucionales, es decir, cuando haya invasi\u00f3n de las facultades de una autoridad frente a otra, entre poderes o municipios, pues ello puede agraviar los derechos humanos.<\/p>\n<p>Adem\u00e1s, atiende las acciones de inconstitucionalidad cuando las leyes que se aprueban desde los Congresos van en contra de la Constituci\u00f3n y las dudas que emanen de los tribunales o jueces sobre las formas de aplicar la ley, que en ocasiones pueden ir en contra de lo que establece la Carta Magna, puntualiz\u00f3 el magistrado Lagunas Rivera.<\/p>\n<p>Resalt\u00f3 que la instalaci\u00f3n de la Sala Constitucional, integrada por los magistrados Eduardo Pinacho S\u00e1nchez y Fernando Enrique M\u00e9ndez Ortega as\u00ed como la magistrada Gregoria Hortensia Castellanos Ch\u00e1vez, era un reto inaplazable para Oaxaca, pues anteriormente los casos de inconstitucionalidad, controversias o los procedimientos para control previo de la Constitucionalidad de decretos, eran atendidos \u00fanicamente por el Poder Judicial Federal.<\/p>\n<p>Cabe se\u00f1alar que la Sala Constitucional inici\u00f3 funciones en octubre del 2013 en cumplimiento a la Reforma Constitucional promovida en 2011 en Oaxaca, misma que impulsa el fortalecimiento org\u00e1nico y constitucional del Estado.<\/p>\n<p><a href=\"http:\/\/www.eloriente.net\/home\/wp-content\/uploads\/2014\/08\/Magistrado-Alfredo-Lagunas-Rivera-1.jpg\"><img loading=\"lazy\" decoding=\"async\" class=\"alignnone size-medium wp-image-31139\" src=\"http:\/\/www.eloriente.net\/home\/wp-content\/uploads\/2014\/08\/Magistrado-Alfredo-Lagunas-Rivera-1-300x254.jpg\" alt=\"Magistrado Alfredo Lagunas Rivera (1)\" width=\"300\" height=\"254\" srcset=\"http:\/\/www.eloriente.net\/home\/wp-content\/uploads\/2014\/08\/Magistrado-Alfredo-Lagunas-Rivera-1-300x254.jpg 300w, http:\/\/www.eloriente.net\/home\/wp-content\/uploads\/2014\/08\/Magistrado-Alfredo-Lagunas-Rivera-1.jpg 905w\" sizes=\"(max-width: 300px) 100vw, 300px\" \/><\/a><\/p>\n<p>Foto: TSJ<\/p>\n<p><strong>Entradas relacionadas:<\/strong><\/p>\n<div id=\"post-34054\" class=\"post-34054 post type-post status-publish format-standard has-post-thumbnail hentry category-comunicados-y-boletines category-congreso-y-justicia category-entradas category-lo-mas-reciente category-oaxaca-estados tag-tsj entry loop-default border_bottom_30\">\n<p class=\"entry_title\"><a title=\"Enlace Permanente a Mediadores comunitarios, generadores de confianza en la autoridad\" href=\"http:\/\/www.eloriente.net\/home\/2014\/11\/19\/mediadores-comunitarios-generadores-de-confianza-en-la-autoridad\/\" rel=\"bookmark\">Mediadores comunitarios, generadores de confianza en la autoridad<\/a><\/p>\n<p><a href=\"http:\/\/www.eloriente.net\/home\/2014\/11\/19\/mediadores-comunitarios-generadores-de-confianza-en-la-autoridad\/\" rel=\"bookmark\"><img decoding=\"async\" class=\"alignleft\" title=\"Mediadores comunitarios, generadores de confianza en la autoridad\" src=\"http:\/\/www.eloriente.net\/home\/wp-content\/themes\/city-desk\/timthumb.php?src=http%3A%2F%2Fwww.eloriente.net%2Fhome%2Fwp-content%2Fuploads%2F2014%2F11%2FPJO-capacita-a-mediadores-comunitarios-T.jpg&amp;q=90&amp;w=160&amp;h=106&amp;zc=1\" alt=\"Mediadores comunitarios, generadores de confianza en la autoridad\" \/><\/a>eloriente.net \/ Tribunal Superior de Justicia 19\/noviembre\/2014 \u2022 La directora del Centro de Justicia Alternativa del Poder Judicial, Celia Aspiroz, inaugur\u00f3 el curso para la formaci\u00f3n de mediadores de 14 municipios de Oaxaca M\u00e1s de 30 alcaldes, abogados y habitantes de 14 municipios, seleccionados por sus autoridades para desempe\u00f1arse como mediadores comunitarios en la atenci\u00f3n [\u2026]<\/p>\n<div class=\"toolbar-social\">\n<div class=\"social-widget\">\n<div id=\"sharing-widget\"><a class=\"button icon-share\">Compartir<\/a><\/div>\n<\/div>\n<\/div>\n<p class=\"postmeta\"><span class=\"meta_date\">noviembre 19, 2014<\/span><\/p>\n<p class=\"postmeta\"><a title=\"Enlace Permanente a Urgente el tema de la infancia en Oaxaca\" href=\"http:\/\/www.eloriente.net\/home\/2014\/11\/14\/urgente-el-tema-de-la-infancia-en-oaxaca\/\" rel=\"bookmark\">Urgente el tema de la infancia en Oaxaca<\/a><\/p>\n<\/div>\n<div id=\"post-33975\" class=\"post-33975 post type-post status-publish format-standard has-post-thumbnail hentry category-comunicados-y-boletines category-congreso-y-justicia category-entradas category-lo-mas-reciente category-oaxaca-estados tag-infancia tag-tsj entry loop-default border_bottom_30\"><a href=\"http:\/\/www.eloriente.net\/home\/2014\/11\/14\/urgente-el-tema-de-la-infancia-en-oaxaca\/\" rel=\"bookmark\"><img decoding=\"async\" class=\"alignleft\" title=\"Urgente el tema de la infancia en Oaxaca\" src=\"http:\/\/www.eloriente.net\/home\/wp-content\/themes\/city-desk\/timthumb.php?src=http%3A%2F%2Fwww.eloriente.net%2Fhome%2Fwp-content%2Fuploads%2F2014%2F11%2FTitulares-del-PJO-y-PGJE-firmaron-convenio-de-colaboraci%C3%B3n.jpg&amp;q=90&amp;w=160&amp;h=106&amp;zc=1\" alt=\"Urgente el tema de la infancia en Oaxaca\" \/><\/a>eloriente.net \/ Tribunal Superior de Justicia 14\/noviembre\/2014 Intervendr\u00e1n peritos especialistas en casos que involucren a menores de edad \u00b7 Los titulares de ambas instituciones firmaron un convenio para que peritos psic\u00f3logos atiendan casos que involucren a menores de edad y mujeres En su compromiso de ser garante de los derechos humanos y de la protecci\u00f3n [\u2026]<\/p>\n<div class=\"toolbar-social\">\n<div class=\"social-widget\">\n<div id=\"sharing-widget\"><a class=\"button icon-share\">Compartir<\/a><\/div>\n<\/div>\n<\/div>\n<p class=\"postmeta\"><span class=\"meta_date\">noviembre 14, 2014<\/span><\/p>\n<p class=\"postmeta\"><a title=\"Enlace Permanente a \u201cGenerando Ideas GNY\u201d, nuevo espacio juvenil en TV de Oaxaca\" href=\"http:\/\/www.eloriente.net\/home\/2014\/11\/10\/generando-ideas-gny-nuevo-espacio-juvenil-en-tv-de-oaxaca\/\" rel=\"bookmark\">\u201cGenerando Ideas GNY\u201d, nuevo espacio juvenil en TV de Oaxaca<\/a><\/p>\n<\/div>\n<div id=\"post-33833\" class=\"post-33833 post type-post status-publish format-standard has-post-thumbnail hentry category-capital category-comunicados-y-boletines category-congreso-y-justicia category-educacion-y-cultura category-entradas category-lo-mas-reciente category-oaxaca-estados category-universidades tag-cortv tag-jovenes tag-tsj entry loop-default border_bottom_30\"><a href=\"http:\/\/www.eloriente.net\/home\/2014\/11\/10\/generando-ideas-gny-nuevo-espacio-juvenil-en-tv-de-oaxaca\/\" rel=\"bookmark\"><img decoding=\"async\" class=\"alignleft\" title=\"\u201cGenerando Ideas GNY\u201d, nuevo espacio juvenil en TV de Oaxaca\" src=\"http:\/\/www.eloriente.net\/home\/wp-content\/themes\/city-desk\/timthumb.php?src=http%3A%2F%2Fwww.eloriente.net%2Fhome%2Fwp-content%2Fuploads%2F2014%2F11%2FPrimeras-acciones-derivadas-del-convenio-de-colaboaci%C3%B3n-entre-el-PJO-y-CORTV.jpg&amp;q=90&amp;w=160&amp;h=106&amp;zc=1\" alt=\"\u201cGenerando Ideas GNY\u201d, nuevo espacio juvenil en TV de Oaxaca\" \/><\/a>eloriente.net \/ Tribunal Superior de Justicia 10\/noviembre\/2014 Como un espacio de reflexi\u00f3n e intercambio de informaci\u00f3n para j\u00f3venes, el programa de televisi\u00f3n Generando Ideas GNY, iniciar\u00e1 transmisiones el pr\u00f3ximo martes 18 de noviembre El pr\u00f3ximo martes 18 de noviembre iniciar\u00e1 en Oaxaca la primera temporada del programa de televisi\u00f3n \u201cGenerando Ideas\u201d, \u00a0espacio de reflexi\u00f3n e [\u2026]<\/p>\n<div class=\"toolbar-social\">\n<div class=\"social-widget\">\n<div id=\"sharing-widget\"><a class=\"button icon-share\">Compartir<\/a><\/div>\n<\/div>\n<\/div>\n<p class=\"postmeta\"><span class=\"meta_date\">noviembre 10, 2014<\/span><\/p>\n<\/div>\n\n\t\t\t  <div \n\t\t\t  \tclass = \"fb-comments\" \n\t\t\t  \tdata-href = \"http:\/\/www.eloriente.net\/home\/2014\/12\/08\/sala-constitucional-proteccion-a-los-derechos-humanos\/\"\n\t\t\t  \tdata-numposts = \"10\"\n\t\t\t\tdata-colorscheme = \"dark\"\n\t\t\t\tdata-order-by = \"social\"\n\t\t\t\tdata-mobile=true>\n\t\t\t  <\/div>\n\t\t  <style>\n\t\t\t.fb_iframe_widget_fluid_desktop iframe {\n\t\t\t    width: 100% !important;\n\t\t\t}\n\t\t  <\/style>\n\t\t  ","protected":false},"excerpt":{"rendered":"<p>eloriente.net \/ Tribunal Superior de Justicia 8\/diciembre\/2014\u00a0 El magistrado Alfredo Lagunas Rivera inform\u00f3 que a trav\u00e9s de esa instancia se resolvieron seis controversias constitucionales y cuatro juicios de protecci\u00f3n de derechos humanos Durante su primer a\u00f1o de funcionamiento, la Sala Constitucional del Tribunal Superior de Justicia conoci\u00f3 y resolvi\u00f3 seis controversias constitucionales y cuatro juicios [&hellip;]<\/p>\n","protected":false},"author":1,"featured_media":31139,"comment_status":"open","ping_status":"open","sticky":false,"template":"","format":"standard","meta":{"_jetpack_memberships_contains_paid_content":false,"footnotes":""},"categories":[1588,91,22,49,32,63,10,464],"tags":[225],"class_list":["post-34520","post","type-post","status-publish","format-standard","has-post-thumbnail","hentry","category-comunicados-y-boletines","category-congreso-y-justicia","category-derechos-humanos","category-destacadas","category-entradas","category-estados","category-lo-mas-reciente","category-oaxaca-estados","tag-tsj"],"jetpack_featured_media_url":"http:\/\/www.eloriente.net\/home\/wp-content\/uploads\/2014\/08\/Magistrado-Alfredo-Lagunas-Rivera-1.jpg","jetpack_sharing_enabled":true,"_links":{"self":[{"href":"http:\/\/www.eloriente.net\/home\/wp-json\/wp\/v2\/posts\/34520"}],"collection":[{"href":"http:\/\/www.eloriente.net\/home\/wp-json\/wp\/v2\/posts"}],"about":[{"href":"http:\/\/www.eloriente.net\/home\/wp-json\/wp\/v2\/types\/post"}],"author":[{"embeddable":true,"href":"http:\/\/www.eloriente.net\/home\/wp-json\/wp\/v2\/users\/1"}],"replies":[{"embeddable":true,"href":"http:\/\/www.eloriente.net\/home\/wp-json\/wp\/v2\/comments?post=34520"}],"version-history":[{"count":3,"href":"http:\/\/www.eloriente.net\/home\/wp-json\/wp\/v2\/posts\/34520\/revisions"}],"predecessor-version":[{"id":34525,"href":"http:\/\/www.eloriente.net\/home\/wp-json\/wp\/v2\/posts\/34520\/revisions\/34525"}],"wp:featuredmedia":[{"embeddable":true,"href":"http:\/\/www.eloriente.net\/home\/wp-json\/wp\/v2\/media\/31139"}],"wp:attachment":[{"href":"http:\/\/www.eloriente.net\/home\/wp-json\/wp\/v2\/media?parent=34520"}],"wp:term":[{"taxonomy":"category","embeddable":true,"href":"http:\/\/www.eloriente.net\/home\/wp-json\/wp\/v2\/categories?post=34520"},{"taxonomy":"post_tag","embeddable":true,"href":"http:\/\/www.eloriente.net\/home\/wp-json\/wp\/v2\/tags?post=34520"}],"curies":[{"name":"wp","href":"https:\/\/api.w.org\/{rel}","templated":true}]}}