{"id":3453,"date":"2012-09-28T11:18:51","date_gmt":"2012-09-28T17:18:51","guid":{"rendered":"http:\/\/www.eloriente.net\/home\/?p=3453"},"modified":"2012-09-28T13:19:28","modified_gmt":"2012-09-28T19:19:28","slug":"musica-de-fobia-ya-es-parte-del-acervo-de-la-fonoteca-nacional","status":"publish","type":"post","link":"http:\/\/www.eloriente.net\/home\/2012\/09\/28\/musica-de-fobia-ya-es-parte-del-acervo-de-la-fonoteca-nacional\/","title":{"rendered":"M\u00fasica de Fobia ya es parte del acervo de la Fonoteca Nacional"},"content":{"rendered":"<div>eloriente.net\/ <a href=\"http:\/\/www.conaculta.gob.mx\/\" target=\"_blank\">CONACULTA<\/a><\/div>\n<div><\/div>\n<div>28 de septiembre de 2012<\/div>\n<ul>\n<li>Paco Huidobro, compositor y guitarrista de este grupo, particip\u00f3 en la sesi\u00f3n de escucha del ciclo \u201cIconos del rock mexicano (1980-2010)\u00bb<\/li>\n<\/ul>\n<p align=\"justify\">Con una gran convocatoria por parte del p\u00fablico se dio la sesi\u00f3n de escucha dedicada a la banda Fobia, como parte del ciclo \u201cIconos del rock mexicano (1980-2010) de la Fonoteca Nacional del Consejo Nacional para la Cultura y las Artes.<\/p>\n<p>Paco Huidobro, compositor y guitarrista de la agrupaci\u00f3n, platic\u00f3 los acontecimientos m\u00e1s significativos en la historia de la agrupaci\u00f3n que fund\u00f3 junto con Leonardo De Lozzane; desde la formaci\u00f3n de la banda a finales de la d\u00e9cada de los ochenta hasta la actualidad.<\/p>\n<p align=\"justify\">La charla dirigida por Ricardo Bravo consisti\u00f3 en un viaje musical por los discos editados por Fobia; un repaso hist\u00f3rico por aquellas primeras canciones con las cu\u00e1les comenzaron a escribir sus p\u00e1ginas en la historia del rock nacional.<\/p>\n<p align=\"justify\">A manera de reflexi\u00f3n, Paco Huidobro mencion\u00f3 que en la \u00e9poca del disco hom\u00f3nimo\u00a0<em>Fobia\u00a0<\/em>(1990) el sonido de la banda era muy diferente a lo que se escuchaba dentro de la escena.<\/p>\n<p align=\"justify\">\u201cMientras peor les ca\u00edamos a las dem\u00e1s bandas m\u00e1s nos gustaba, porque sab\u00edamos que no est\u00e1bamos jugando en mismo juego de eso se trat\u00f3 el grupo mucho tiempo\u201d.<\/p>\n<p align=\"justify\">Con la canci\u00f3n\u00a0<em>El Microbito<\/em>, una de las m\u00e1s representativas de la banda se rememor\u00f3 la importancia de este material discogr\u00e1fico.<\/p>\n<p align=\"justify\">La evoluci\u00f3n de la banda se logr\u00f3, en parte, \u00a0gracias al contexto en el que surgi\u00f3, ya en los tempranos noventas la escena musical estaba m\u00e1s abierta para las bandas de rock. \u201cSe dio un cambio en la sociedad, el \u00a0pa\u00eds hab\u00eda evolucionado por la gente, \u00a0nos toc\u00f3 ver el nacimiento de las empresas que hacen conciertos y del movimiento de rock en espa\u00f1ol que penetr\u00f3 en todas las disqueras, eso le paso a mi generaci\u00f3n junto con La Maldita Vecindad, Caf\u00e9 Tacvba y los Caifanes\u201d.<\/p>\n<p align=\"justify\">Con\u00a0<em>Mundo feliz\u00a0<\/em>(1991) la banda logr\u00f3 consolidarse en la escena, pero con un sonido y tem\u00e1ticas muy diferentes a las que el p\u00fablico estaba acostumbrado, estas caracter\u00edsticas se convirtieron en rasgos que le dieron identidad y una personalidad peculiar a la banda. \u201cEs un disco que no ten\u00eda que ver con lo que quer\u00edan que hici\u00e9ramos, hice un disco muy marciano fue un intento de rebasar la raya un poco m\u00e1s y creo que se logr\u00f3.\u201d La canci\u00f3n\u00a0<em>El Diablo\u00a0<\/em>fue la encargada de recordar esta etapa de la banda.<\/p>\n<p align=\"justify\">Con\u00a0<em>Leche\u00a0<\/em>(1993) experimentaron un cambio en las t\u00e9cnicas de grabaci\u00f3n, Paco lo considera \u201cel primer disco profesional de la banda, y creo que es el que define al cien por ciento que la actitud no va a cambiar\u201d.<\/p>\n<p align=\"justify\">El cuarto disco de la banda\u00a0<em>Amor chiquito<\/em>\u00a0(1995) fue grabado en condiciones muy dif\u00edciles para la banda, hubo cambios en la agrupaci\u00f3n con la salida del baterista Gabriel Kuri.<\/p>\n<p align=\"justify\">\u201cFue el golpe muy duro para m\u00ed, porque era el c\u00f3mplice, ten\u00eda la idea est\u00e9tica y musical muy clara\u201d. A pesar de ser un disco muy sufrido por varios aspectos, de este material se desprenden canciones emblem\u00e1ticas como<em>Revoluci\u00f3n sin manos<\/em>,\u00a0<em>Hipnot\u00edzame<\/em>\u00a0y\u00a0<em>Veneno Vil<\/em>.<\/p>\n<p align=\"justify\">El quinto disco de estudio,\u00a0<em>Rosa Venus<\/em>\u00a0(2005) fue editado despu\u00e9s de una pausa de casi 10 a\u00f1os. Durante esta pausa, Paco reflexion\u00f3 sobre la importancia que hab\u00eda alcanzado la banda \u201cMe di cuenta de lo que significaba Fobia para m\u00ed y el p\u00fablico, pens\u00e9 s\u00ed lo que les gusta de esto no es ni el cantante ni yo, s\u00ed es la m\u00fasica voy a pagarles con m\u00e1s\u201d.<\/p>\n<p align=\"justify\">Con<em>\u00a0Rosa Venus<\/em>\u00a0se hace evidente la relaci\u00f3n de Fobia con conceptos art\u00edsticos, al involucrar dise\u00f1adores y artistas gr\u00e1ficos para enriquecer los materiales, \u201cNo me veo como un artista, pero veo que mis amigos s\u00ed lo son, siempre buscamos incluir gente que est\u00e1 en el mismo canal\u201d.<\/p>\n<p align=\"justify\">Con su m\u00e1s reciente material discogr\u00e1fico,\u00a0<em>Destruye Hogares<\/em>\u00a0la dupla Huidobro-Lozzane busca renovarse y volver a imponer retos en la creaci\u00f3n, buscar riesgos para seguir creando m\u00fasica y mantener la vigencia de la banda.<\/p>\n<p align=\"justify\">\u201cNo hay satisfacci\u00f3n m\u00e1s grande que saber que eres la raz\u00f3n de la sonrisa de alguien, s\u00ed hacer m\u00fasica le da felicidad a otras personas, bueno es lo poquito que puedo hacer para lograr un mundo mejor\u201d.<\/p>\n<p align=\"justify\">La Fonoteca Nacional entreg\u00f3 un reconocimiento a Paco Huidobro en agradecimiento por el legado de Fobia que ya es parte del acervo discogr\u00e1fico de la instituci\u00f3n.<\/p>\n<p><iframe loading=\"lazy\" src=\"http:\/\/www.youtube.com\/embed\/7sh4Wdk5Vos\" frameborder=\"0\" width=\"420\" height=\"315\"><\/iframe><\/p>\n\n\t\t\t  <div \n\t\t\t  \tclass = \"fb-comments\" \n\t\t\t  \tdata-href = \"http:\/\/www.eloriente.net\/home\/2012\/09\/28\/musica-de-fobia-ya-es-parte-del-acervo-de-la-fonoteca-nacional\/\"\n\t\t\t  \tdata-numposts = \"10\"\n\t\t\t\tdata-colorscheme = \"dark\"\n\t\t\t\tdata-order-by = \"social\"\n\t\t\t\tdata-mobile=true>\n\t\t\t  <\/div>\n\t\t  <style>\n\t\t\t.fb_iframe_widget_fluid_desktop iframe {\n\t\t\t    width: 100% !important;\n\t\t\t}\n\t\t  <\/style>\n\t\t  ","protected":false},"excerpt":{"rendered":"<p>eloriente.net\/ CONACULTA 28 de septiembre de 2012 Paco Huidobro, compositor y guitarrista de este grupo, particip\u00f3 en la sesi\u00f3n de escucha del ciclo \u201cIconos del rock mexicano (1980-2010)\u00bb Con una gran convocatoria por parte del p\u00fablico se dio la sesi\u00f3n de escucha dedicada a la banda Fobia, como parte del ciclo \u201cIconos del rock mexicano [&hellip;]<\/p>\n","protected":false},"author":1,"featured_media":0,"comment_status":"open","ping_status":"open","sticky":false,"template":"","format":"standard","meta":{"_jetpack_memberships_contains_paid_content":false,"footnotes":""},"categories":[18,32,10],"tags":[],"class_list":["post-3453","post","type-post","status-publish","format-standard","hentry","category-educacion-y-cultura","category-entradas","category-lo-mas-reciente"],"jetpack_featured_media_url":"","jetpack_sharing_enabled":true,"_links":{"self":[{"href":"http:\/\/www.eloriente.net\/home\/wp-json\/wp\/v2\/posts\/3453"}],"collection":[{"href":"http:\/\/www.eloriente.net\/home\/wp-json\/wp\/v2\/posts"}],"about":[{"href":"http:\/\/www.eloriente.net\/home\/wp-json\/wp\/v2\/types\/post"}],"author":[{"embeddable":true,"href":"http:\/\/www.eloriente.net\/home\/wp-json\/wp\/v2\/users\/1"}],"replies":[{"embeddable":true,"href":"http:\/\/www.eloriente.net\/home\/wp-json\/wp\/v2\/comments?post=3453"}],"version-history":[{"count":3,"href":"http:\/\/www.eloriente.net\/home\/wp-json\/wp\/v2\/posts\/3453\/revisions"}],"predecessor-version":[{"id":3457,"href":"http:\/\/www.eloriente.net\/home\/wp-json\/wp\/v2\/posts\/3453\/revisions\/3457"}],"wp:attachment":[{"href":"http:\/\/www.eloriente.net\/home\/wp-json\/wp\/v2\/media?parent=3453"}],"wp:term":[{"taxonomy":"category","embeddable":true,"href":"http:\/\/www.eloriente.net\/home\/wp-json\/wp\/v2\/categories?post=3453"},{"taxonomy":"post_tag","embeddable":true,"href":"http:\/\/www.eloriente.net\/home\/wp-json\/wp\/v2\/tags?post=3453"}],"curies":[{"name":"wp","href":"https:\/\/api.w.org\/{rel}","templated":true}]}}