{"id":34536,"date":"2014-12-09T00:00:31","date_gmt":"2014-12-09T06:00:31","guid":{"rendered":"http:\/\/www.eloriente.net\/home\/?p=34536"},"modified":"2014-12-08T17:25:23","modified_gmt":"2014-12-08T23:25:23","slug":"convocatoria-becas-para-proyectos-sobre-proteccion-climatica-en-alemania","status":"publish","type":"post","link":"http:\/\/www.eloriente.net\/home\/2014\/12\/09\/convocatoria-becas-para-proyectos-sobre-proteccion-climatica-en-alemania\/","title":{"rendered":"Convocatoria: Becas para proyectos sobre protecci\u00f3n clim\u00e1tica en Alemania"},"content":{"rendered":"<p>(<a href=\"http:\/\/www.eloriente.net\" target=\"_blank\">www.eloriente.net<\/a>, M\u00e9xico, 9 de diciembre 2014).- Hortensia Sol\u00eds, cient\u00edfica costarricense, llevar\u00e1 a cabo la investigaci\u00f3n para definir y desarrollar los componentes clave del proceso de MRV. La medici\u00f3n, reporte y verificaci\u00f3n (MRV) de las reducciones de emisiones es una barrera clave para la financiaci\u00f3n de acciones de mitigaci\u00f3n en la agricultura. Costa Rica tendr\u00e1 que conseguir reducciones significativas en su sector agr\u00edcola (40% de las emisiones nacionales) para lograr su objetivo la neutralidad de carbono para el a\u00f1o 2021. La industria del caf\u00e9 en Costa Rica ha propuesto reducir las emisiones a trav\u00e9s del proyecto denominado Acci\u00f3n de Mitigaci\u00f3n Nacionalmente Apropiada (NAMA). El objetivo de este proyecto es desarrollar un marco de MRV para las actividades de reducci\u00f3n de emisiones en pa\u00edses productores de caf\u00e9.<\/p>\n<p>As\u00ed como la costarricense Hortensia Sol\u00eds, t\u00fa tambi\u00e9n puedes participar en una beca para proyectos relacionados a la protecci\u00f3n clim\u00e1tica. La Fundaci\u00f3n Alexander von Humboldt ofrece becas sobre la Protecci\u00f3n Internacional del Clima, las cuales son dirigidas a j\u00f3venes de pa\u00edses en desarrollo (M\u00e9xico incluido), activos en cualquiera de las siguientes \u00e1reas: cient\u00edfica, ingenier\u00eda, jur\u00eddica, econ\u00f3mica, aspectos sociales del cambio clim\u00e1tico y que est\u00e9n interesados en realizar y conducir un proyecto en Alemania y desarrollar colaboraciones a largo plazo.<\/p>\n<p>Las becas permiten a los futuros l\u00edderes pasar un a\u00f1o en Alemania trabajando en un proyecto de investigaci\u00f3n en el campo de la protecci\u00f3n del clima, de acuerdo a su propia elecci\u00f3n.<\/p>\n<p>Durante una fase de introducci\u00f3n de tres semanas, los becarios tienen la oportunidad de hacer contacto con otros compa\u00f1eros interesados en la protecci\u00f3n del clima y realizar visitas a empresas, instituciones de investigaci\u00f3n y eventos culturales en Alemania. Se les facilita un curso intensivo de lengua alemana antes de comenzar la beca y una educaci\u00f3n continua que le permite adquirir no s\u00f3lo el conocimiento pr\u00e1ctico con respecto a la protecci\u00f3n del clima, sino tambi\u00e9n experiencia en gesti\u00f3n.<\/p>\n<p>Algunos beneficios:<\/p>\n<ul>\n<li>Subsidio mensual de acuerdo a las calificaciones, el cual oscila entre 2.150 Euros y 2.750 Euros<\/li>\n<li>Curso intensivo en alem\u00e1n cuya duraci\u00f3n es de dos meses<\/li>\n<li>Subsidio para los gastos de viaje<\/li>\n<li>Permisos para las visitas de miembros de la familia<\/li>\n<li>Subsidio de 800 Euros al mes para el anfitri\u00f3n en Alemania referente a proyectos en las ciencias naturales y de ingenier\u00eda y 500 Euros al mes, para proyectos referentes a los temas de humanidades y ciencias sociales.<\/li>\n<\/ul>\n<p>Los interesados deber\u00e1n registrarse <a href=\"http:\/\/www.humboldt-foundation.de\/pls\/web\/pub_register.main?p_package=iks&amp;p_lang=en\" target=\"_blank\">aqu\u00ed<\/a>, antes del 15 de marzo de 2015.<\/p>\n<p>Para informaci\u00f3n m\u00e1s detallada, puedes visitar el siguiente <a href=\"http:\/\/www.humboldt-foundation.de\/web\/icf.html\" target=\"_blank\">enlace<\/a>.<\/p>\n<p><a href=\"http:\/\/www.eloriente.net\/home\/wp-content\/uploads\/2014\/12\/Protecci\u00f3n-al-Ambiente.jpg\"><img loading=\"lazy\" decoding=\"async\" class=\"alignnone size-medium wp-image-34537\" src=\"http:\/\/www.eloriente.net\/home\/wp-content\/uploads\/2014\/12\/Protecci\u00f3n-al-Ambiente-300x199.jpg\" alt=\"Protecci\u00f3n al Ambiente - gardnergp\" width=\"300\" height=\"199\" srcset=\"http:\/\/www.eloriente.net\/home\/wp-content\/uploads\/2014\/12\/Protecci\u00f3n-al-Ambiente-300x199.jpg 300w, http:\/\/www.eloriente.net\/home\/wp-content\/uploads\/2014\/12\/Protecci\u00f3n-al-Ambiente.jpg 1024w\" sizes=\"(max-width: 300px) 100vw, 300px\" \/><\/a><\/p>\n<p>Foto:\u00a0<a class=\"owner-name truncate\" title=\"Ir a la galer\u00eda de gardnergp\" href=\"http:\/\/www.flickr.com\/photos\/gpgardner\/\" data-track=\"attributionNameClick\" data-rapid_p=\"23\">gardnergp<\/a>\u00a0&#8211;\u00a0<a class=\"photo-license-url\" href=\"https:\/\/creativecommons.org\/licenses\/by\/2.0\/\" target=\"_newtab\" rel=\"license cc:license\" data-rapid_p=\"27\"> Algunos derechos reservados<\/a><\/p>\n<p><strong>Entradas relacionadas:<\/strong><\/p>\n<p><a title=\"Enlace Permanente a PJO: Convocatoria para estudios de especializaci\u00f3n\" href=\"http:\/\/www.eloriente.net\/home\/2014\/12\/05\/pjo-convocatoria-para-estudios-de-especializacion\/\" rel=\"bookmark\">PJO: Convocatoria para estudios de especializaci\u00f3n<\/a><\/p>\n<div id=\"post-34456\" class=\"post-34456 post type-post status-publish format-standard has-post-thumbnail hentry category-comunicados-y-boletines category-congreso-y-justicia category-convocatorias category-educacion-y-cultura category-entradas category-lo-mas-reciente category-oaxaca-estados tag-poder-judicial entry loop-default border_bottom_30\"><a href=\"http:\/\/www.eloriente.net\/home\/2014\/12\/05\/pjo-convocatoria-para-estudios-de-especializacion\/\" rel=\"bookmark\"><img decoding=\"async\" class=\"alignleft\" title=\"PJO: Convocatoria para estudios de especializaci\u00f3n\" src=\"http:\/\/www.eloriente.net\/home\/wp-content\/themes\/city-desk\/timthumb.php?src=http%3A%2F%2Fwww.eloriente.net%2Fhome%2Fwp-content%2Fuploads%2F2014%2F12%2FConvocan-a-estudios-de-especializaci%C3%B3n-judicial.jpg&amp;q=90&amp;w=160&amp;h=106&amp;zc=1\" alt=\"PJO: Convocatoria para estudios de especializaci\u00f3n\" \/><\/a>\u00b7 La convocatoria est\u00e1 dirigida a personal de la instituci\u00f3n y licenciados en Derecho (www.eloriente.net\u00a0\/ Tribunal Superior de Justicia, Oaxaca, 05 de diciembre\/2014).- Con la finalidad de profesionalizar a los servidores p\u00fablicos judiciales en temas actuales que les permitan desarrollar su funci\u00f3n con calidad, \u00e9tica y mayor preparaci\u00f3n, el Consejo de la Judicatura del Poder [\u2026]<\/p>\n<div class=\"toolbar-social\">\n<div class=\"social-widget\">\n<div id=\"sharing-widget\"><a class=\"button icon-share\">Compartir<\/a><\/div>\n<\/div>\n<\/div>\n<p class=\"postmeta\"><span class=\"meta_date\">diciembre 5, 2014<\/span><\/p>\n<p class=\"postmeta\"><a title=\"Enlace Permanente a Convocatoria: Beca CANACINE 2014\" href=\"http:\/\/www.eloriente.net\/home\/2014\/12\/04\/convocatoria-beca-canacine-2014\/\" rel=\"bookmark\">Convocatoria: Beca CANACINE 2014<\/a><\/p>\n<\/div>\n<div id=\"post-34429\" class=\"post-34429 post type-post status-publish format-standard has-post-thumbnail hentry category-juevesdecineyseries category-cine category-convocatorias category-educacion-y-cultura category-entradas category-lo-mas-reciente tag-america-latina entry loop-default border_bottom_30\"><a href=\"http:\/\/www.eloriente.net\/home\/2014\/12\/04\/convocatoria-beca-canacine-2014\/\" rel=\"bookmark\"><img decoding=\"async\" class=\"alignleft\" title=\"Convocatoria: Beca CANACINE 2014\" src=\"http:\/\/www.eloriente.net\/home\/wp-content\/themes\/city-desk\/timthumb.php?src=http%3A%2F%2Fwww.eloriente.net%2Fhome%2Fwp-content%2Fuploads%2F2014%2F12%2FCine.jpg&amp;q=90&amp;w=160&amp;h=106&amp;zc=1\" alt=\"Convocatoria: Beca CANACINE 2014\" \/><\/a>(www.eloriente.net \/ IMCINE, M\u00e9xico, 4 de diciembre 2014).- Las Marthas, es un documental dirigido por Cristina Ibarra con la producci\u00f3n de Erin Ploss-Campoamor, en el que se narra la preparaci\u00f3n de un a\u00f1o para las adolescentes debutantes m\u00e9xico-americanos en el Martha Washington Society Ball en Laredo, Texas. Este ball, es una tradici\u00f3n de m\u00e1s de [\u2026]<\/p>\n<div class=\"toolbar-social\">\n<div class=\"social-widget\">\n<div id=\"sharing-widget\"><a class=\"button icon-share\">Compartir<\/a><\/div>\n<\/div>\n<\/div>\n<p class=\"postmeta\"><span class=\"meta_date\">diciembre 4, 2014<\/span><\/p>\n<p class=\"postmeta\"><a title=\"Enlace Permanente a Aret\u00e9 Digital: Reporte sobre gesti\u00f3n cultural, diciembre 2014\" href=\"http:\/\/www.eloriente.net\/home\/2014\/12\/02\/arete-digital-reporte-sobre-gestion-cultural-diciembre-2014\/\" rel=\"bookmark\">Aret\u00e9 Digital: Reporte sobre gesti\u00f3n cultural, diciembre 2014<\/a><\/p>\n<\/div>\n<div id=\"post-34366\" class=\"post-34366 post type-post status-publish format-standard has-post-thumbnail hentry category-convocatorias category-educacion-y-cultura category-entradas category-secciones-oriente category-lo-mas-reciente category-mexico-y-el-mundo tag-arete-digital tag-gestion-cultural entry loop-default border_bottom_30\"><a href=\"http:\/\/www.eloriente.net\/home\/2014\/12\/02\/arete-digital-reporte-sobre-gestion-cultural-diciembre-2014\/\" rel=\"bookmark\"><img decoding=\"async\" class=\"alignleft\" title=\"Aret\u00e9 Digital: Reporte sobre gesti\u00f3n cultural, diciembre 2014\" src=\"http:\/\/www.eloriente.net\/home\/wp-content\/themes\/city-desk\/timthumb.php?src=http%3A%2F%2Fwww.eloriente.net%2Fhome%2Fwp-content%2Fuploads%2F2014%2F12%2FGuitarra-Flamenca-Emilio-del-Pacheco.jpg&amp;q=90&amp;w=160&amp;h=106&amp;zc=1\" alt=\"Aret\u00e9 Digital: Reporte sobre gesti\u00f3n cultural, diciembre 2014\" \/><\/a>(www.eloriente.net, M\u00e9xico, 2 de diciembre\/2014).- La Asociaci\u00f3n Espa\u00f1ola de Gestores de Patrimonio Cultural (AEGPC) public\u00f3 su reporte mensual sobre gesti\u00f3n cultural, Aret\u00e9 Digital, diciembre\u00a02014, en el cual muestra una s\u00edntesis sobre las actividades, convocatorias, cursos, jornadas, congresos, seminarios y noticias de la instituci\u00f3n. En primer lugar, se destaca la nueva imagen de la p\u00e1gina web [\u2026]<\/p>\n<div class=\"toolbar-social\">\n<div class=\"social-widget\">\n<div id=\"sharing-widget\"><a class=\"button icon-share\">Compartir<\/a><\/div>\n<\/div>\n<\/div>\n<p class=\"postmeta\"><span class=\"meta_date\">diciembre 2, 2014<\/span><\/p>\n<\/div>\n<p>&nbsp;<\/p>\n\n\t\t\t  <div \n\t\t\t  \tclass = \"fb-comments\" \n\t\t\t  \tdata-href = \"http:\/\/www.eloriente.net\/home\/2014\/12\/09\/convocatoria-becas-para-proyectos-sobre-proteccion-climatica-en-alemania\/\"\n\t\t\t  \tdata-numposts = \"10\"\n\t\t\t\tdata-colorscheme = \"dark\"\n\t\t\t\tdata-order-by = \"social\"\n\t\t\t\tdata-mobile=true>\n\t\t\t  <\/div>\n\t\t  <style>\n\t\t\t.fb_iframe_widget_fluid_desktop iframe {\n\t\t\t    width: 100% !important;\n\t\t\t}\n\t\t  <\/style>\n\t\t  ","protected":false},"excerpt":{"rendered":"<p>(www.eloriente.net, M\u00e9xico, 9 de diciembre 2014).- Hortensia Sol\u00eds, cient\u00edfica costarricense, llevar\u00e1 a cabo la investigaci\u00f3n para definir y desarrollar los componentes clave del proceso de MRV. La medici\u00f3n, reporte y verificaci\u00f3n (MRV) de las reducciones de emisiones es una barrera clave para la financiaci\u00f3n de acciones de mitigaci\u00f3n en la agricultura. Costa Rica tendr\u00e1 que [&hellip;]<\/p>\n","protected":false},"author":1,"featured_media":34537,"comment_status":"open","ping_status":"open","sticky":false,"template":"","format":"standard","meta":{"_jetpack_memberships_contains_paid_content":false,"footnotes":""},"categories":[26,18,32,10],"tags":[939,710,3129],"class_list":["post-34536","post","type-post","status-publish","format-standard","has-post-thumbnail","hentry","category-convocatorias","category-educacion-y-cultura","category-entradas","category-lo-mas-reciente","tag-clima","tag-ecologia","tag-proteccion-climatica"],"jetpack_featured_media_url":"http:\/\/www.eloriente.net\/home\/wp-content\/uploads\/2014\/12\/Protecci\u00f3n-al-Ambiente.jpg","jetpack_sharing_enabled":true,"_links":{"self":[{"href":"http:\/\/www.eloriente.net\/home\/wp-json\/wp\/v2\/posts\/34536"}],"collection":[{"href":"http:\/\/www.eloriente.net\/home\/wp-json\/wp\/v2\/posts"}],"about":[{"href":"http:\/\/www.eloriente.net\/home\/wp-json\/wp\/v2\/types\/post"}],"author":[{"embeddable":true,"href":"http:\/\/www.eloriente.net\/home\/wp-json\/wp\/v2\/users\/1"}],"replies":[{"embeddable":true,"href":"http:\/\/www.eloriente.net\/home\/wp-json\/wp\/v2\/comments?post=34536"}],"version-history":[{"count":1,"href":"http:\/\/www.eloriente.net\/home\/wp-json\/wp\/v2\/posts\/34536\/revisions"}],"predecessor-version":[{"id":34538,"href":"http:\/\/www.eloriente.net\/home\/wp-json\/wp\/v2\/posts\/34536\/revisions\/34538"}],"wp:featuredmedia":[{"embeddable":true,"href":"http:\/\/www.eloriente.net\/home\/wp-json\/wp\/v2\/media\/34537"}],"wp:attachment":[{"href":"http:\/\/www.eloriente.net\/home\/wp-json\/wp\/v2\/media?parent=34536"}],"wp:term":[{"taxonomy":"category","embeddable":true,"href":"http:\/\/www.eloriente.net\/home\/wp-json\/wp\/v2\/categories?post=34536"},{"taxonomy":"post_tag","embeddable":true,"href":"http:\/\/www.eloriente.net\/home\/wp-json\/wp\/v2\/tags?post=34536"}],"curies":[{"name":"wp","href":"https:\/\/api.w.org\/{rel}","templated":true}]}}