{"id":34575,"date":"2014-12-10T11:34:22","date_gmt":"2014-12-10T17:34:22","guid":{"rendered":"http:\/\/www.eloriente.net\/home\/?p=34575"},"modified":"2014-12-10T11:39:56","modified_gmt":"2014-12-10T17:39:56","slug":"no-necesitamos-una-fiscalia-urge-aplicar-la-ley","status":"publish","type":"post","link":"http:\/\/www.eloriente.net\/home\/2014\/12\/10\/no-necesitamos-una-fiscalia-urge-aplicar-la-ley\/","title":{"rendered":"No necesitamos una fiscal\u00eda: urge aplicar la ley"},"content":{"rendered":"<p>PGJE: con alcances similares a la norma federal<\/p>\n<p>(<a href=\"http:\/\/www.eloriente.net\" target=\"_blank\">www.eloriente.net<\/a>, 10 de diciembre 2014; por <a href=\"http:\/\/www.eloriente.net\/home\/category\/colaboradores\/adrian-ortiz-romero\/\" target=\"_blank\">Adri\u00e1n Ortiz Romero<\/a>).- Dentro de las medidas que el gobernador Gabino Cu\u00e9 anunci\u00f3 en el marco del arranque de su quinto a\u00f1o de gesti\u00f3n, sobresali\u00f3 su disposici\u00f3n de realizar las modificaciones constitucionales que sean necesarias para adecuar el marco jur\u00eddico estatal a las reformas que el presidente Enrique Pe\u00f1a Nieto propuso el pasado 27 de noviembre, para fortalecer el Estado de Derecho. Vale la pena repasar las particularidades que determinan estas posibles reformas, que tienen como base la transformaci\u00f3n del Ministerio P\u00fablico.<\/p>\n<p>En efecto, el pasado lunes, en un mensaje a la ciudadan\u00eda, el gobernador del estado anunci\u00f3 cinco propuestas de reforma \u2014cuatro de ellas relacionadas con la procuraci\u00f3n de justicia\u2014 y gir\u00f3 instrucciones a sus funcionarios para que realicen los trabajos correspondientes para la elaboraci\u00f3n de las iniciativas. Concretamente, el gobernador Cu\u00e9 consider\u00f3 necesaria la creaci\u00f3n de la Fiscal\u00eda General del Estado de Oaxaca, la cual, dijo, fungir\u00e1 como un \u00f3rgano constitucional aut\u00f3nomo, sustituyendo a la Procuradur\u00eda General de Justicia de la entidad.<\/p>\n<p>Propuso, adem\u00e1s, la creaci\u00f3n de una Fiscal\u00eda Anticorrupci\u00f3n, inserta en la estructura de Fiscal\u00eda General del Estado, dot\u00e1ndola de autonom\u00eda funcional, as\u00ed como el establecimiento de 23 Centros de Justicia que permitir\u00e1n la dignificaci\u00f3n de los espacios de procuraci\u00f3n e impartici\u00f3n de justicia, acorde al nuevo sistema de justicia penal. Y anunci\u00f3 que propondr\u00eda a las dirigencias de los partidos sumarse al Plan para el Fortalecimiento de la Seguridad, la Justicia y el Estado de Derecho en M\u00e9xico, mediante la aplicaci\u00f3n de evaluaciones de control de confianza a sus candidatos a cargos de elecci\u00f3n locales (\u00a0<a href=\"http:\/\/bit.ly\/1wbbd1J\" target=\"_blank\">http:\/\/bit.ly\/1wbbd1J<\/a>). Espec\u00edficamente, vale la pena revisar lo relacionado con el Ministerio P\u00fablico.<\/p>\n<p>Esto porque el gobernador Cu\u00e9, lo que t\u00e9cnicamente propuso es adecuar la figura del Ministerio P\u00fablico a la de la Fiscal\u00eda General de la Rep\u00fablica, que aunque ya se encuentra en la Constituci\u00f3n federal, entrar\u00e1 en vigor hasta 2018. Esto, aunque parece algo positivo frente a las circunstancias del pa\u00eds, en realidad resultar\u00eda innecesario, dado que pr\u00e1cticamente todos los elementos que se establecieron en la reciente reforma constitucional federal ya existen en la Constituci\u00f3n del estado desde hace tiempo, y s\u00f3lo hace falta ponerlos en pr\u00e1ctica con verdadera y absoluta visi\u00f3n de Estado por parte de los poderes Legislativo y Ejecutivo. Veamos.<\/p>\n<p>M\u00e9xico ha sido un pa\u00eds ampliamente cuestionado en el \u00e1mbito internacional por el hecho de que su \u00f3rgano de procuraci\u00f3n de justicia depende del Poder Ejecutivo. Esto porque siendo el procurador el fiscal que investiga la comisi\u00f3n de delitos, formula acusaciones y ejercita la acci\u00f3n penal, debiera ser aut\u00f3nomo en su elecci\u00f3n y desempe\u00f1o. Pero no. De acuerdo con la norma que rige hasta el momento, el procurador es un integrante m\u00e1s del gabinete de gobierno del Ejecutivo federal, y su designaci\u00f3n no pasa por la ratificaci\u00f3n del Congreso, o la coparticipaci\u00f3n de alg\u00fan otro poder federal. Y en eso radic\u00f3 uno de los grandes cambios que ya contempla la Constituci\u00f3n de la rep\u00fablica, pero que a\u00fan no entra en vigor.<\/p>\n<p>CAMBIOS\u2026 \u00bfCU\u00c1LES?<\/p>\n<p>El nuevo art\u00edculo 102 de la Constituci\u00f3n federal establece, en su apartado A, que la Fiscal\u00eda General de la Rep\u00fablica ser\u00e1 un organismo p\u00fablico aut\u00f3nomo, que su titular durar\u00e1 nueve a\u00f1os en el cargo y que, por regla general, ser\u00e1 electo por la combinaci\u00f3n de propuestas, ternas y decisiones del Senado de la Rep\u00fablica y el Ejecutivo federal. S\u00f3lo por excepci\u00f3n \u2014cuando o el Senado o el Ejecutivo no act\u00faen en los t\u00e9rminos que se\u00f1ala dicho precepto\u2014 uno de ellos podr\u00e1 realizar la elecci\u00f3n del fiscal general. E incluso, la propia destituci\u00f3n del fiscal no queda s\u00f3lo al arbitrio del Ejecutivo, sino que puede ser objetada, e incluso revocada por el propio Senado.<\/p>\n<p>Aunque pudiera creerse lo contrario, la Constituci\u00f3n de Oaxaca no dista tanto de lo que ahora establece la Constituci\u00f3n de la rep\u00fablica. El art\u00edculo 95 se\u00f1ala que el Ministerio P\u00fablico estar\u00e1 presidido por un procurador general de Justicia que ser\u00e1 elegido por el Congreso del estado de una terna de juristas de reconocida capacidad profesional y solvencia moral que el titular del Poder Ejecutivo someter\u00e1 a su consideraci\u00f3n.<\/p>\n<p>El Congreso \u2014contin\u00faa diciendo el precepto\u2014 elegir\u00e1 al procurador general de Justicia del estado, previa comparecencia de las personas propuestas por la mayor\u00eda de los diputados presentes o, en sus recesos, por la Diputaci\u00f3n Permanente en el improrrogable plazo de treinta d\u00edas. En caso de que la Legislatura no resuelva dentro de dicho plazo, ocupara\u0301 el cargo la persona que de esta terna designe el gobernador del estado.<\/p>\n<p>Si analizamos con detalle y comparamos el contenido de las dos disposiciones, comprobaremos que s\u00f3lo se distinguen por dos cuestiones. Primera, que en la Constituci\u00f3n del estado el Ministerio P\u00fablico no es constitucionalmente aut\u00f3nomo (cuenta con independencia t\u00e9cnica para realizar las funciones de su competencia, lo cual se supone que no es poco); y segunda, que en Oaxaca el procurador s\u00ed puede ser destituido libremente por el gobernador del estado. Ahora bien, consideremos que esa disposici\u00f3n tiene siete a\u00f1os vigente, pues fue aprobada mediante el Decreto 538 de la LIX Legislatura, el 5 de noviembre de 2007.<\/p>\n<p>Con todo esto, lo que parece quedar claro es que antes de pensar en una reforma, lo que hace falta es hacer materialmente aut\u00f3nomo a un Ministerio P\u00fablico que, como figura constitucional, en Oaxaca ya es de vanguardia y que le lleva la delantera a la federaci\u00f3n desde hace m\u00e1s de un lustro. El problema, como siempre, se ha centrado en la insuficiencia presupuestal de la Procuradur\u00eda, en la designaci\u00f3n no de las personas id\u00f3neas, sino de las que el Gobernador quiere, y en la pasividad, en la aberrante pasividad y colaboracionismo irreflexivo del Congreso del estado, que no ha sido capaz de hacer valer sus funciones y participar \u2014y compartir la responsabilidad p\u00fablica\u2014 en la determinaci\u00f3n de la persona encargada de formular acusaciones y perseguir los delitos en el estado.<\/p>\n<p>APLICAR LA LEY<\/p>\n<p>Por eso, creemos que no es necesaria una reforma en este caso, por dos razones. Primera, porque debieran ocurrir las modificaciones federales para que en base a ello se armonizara, y segundo, porque lo que hace falta es aplicar cabalmente las normas ya existentes. El problema, como siempre, no es de la ley sino de quien cree que el problema es de normas, y no de voluntad y compromiso en su aplicaci\u00f3n.<\/p>\n<p><a href=\"http:\/\/www.eloriente.net\/home\/wp-content\/uploads\/2012\/11\/GABINO-CUE-ENTREVISTA-220811-2-300x199.jpg\"><img loading=\"lazy\" decoding=\"async\" class=\"alignnone size-full wp-image-4979\" src=\"http:\/\/www.eloriente.net\/home\/wp-content\/uploads\/2012\/11\/GABINO-CUE-ENTREVISTA-220811-2-300x199.jpg\" alt=\"GABINO-CUE-ENTREVISTA-220811-2-300x199\" width=\"300\" height=\"199\" \/><\/a><\/p>\n<p>Foto: Archivo El Oriente<\/p>\n<p><strong>Entradas relacionadas:<\/strong><\/p>\n<p><a title=\"Enlace Permanente a Debemos pensar ya en una nueva Constituci\u00f3n\" href=\"http:\/\/www.eloriente.net\/home\/2014\/12\/08\/debemos-pensar-ya-en-una-nueva-constitucion\/\" rel=\"bookmark\">Debemos pensar ya en una nueva Constituci\u00f3n<\/a><\/p>\n<div id=\"post-34530\" class=\"post-34530 post type-post status-publish format-standard has-post-thumbnail hentry category-lunesdepolitica category-adrian-ortiz-romero category-colaboradores category-entradas category-lo-mas-reciente category-politica-y-gobierno tag-constitucion tag-constitucion-politica-de-los-estados-unidos-mexicanos entry loop-default border_bottom_30\"><a href=\"http:\/\/www.eloriente.net\/home\/2014\/12\/08\/debemos-pensar-ya-en-una-nueva-constitucion\/\" rel=\"bookmark\"><img decoding=\"async\" class=\"alignleft\" title=\"Debemos pensar ya en una nueva Constituci\u00f3n\" src=\"http:\/\/www.eloriente.net\/home\/wp-content\/themes\/city-desk\/timthumb.php?src=http%3A%2F%2Fwww.eloriente.net%2Fhome%2Fwp-content%2Fuploads%2F2014%2F02%2Fconstituci%C3%B3n.jpg&amp;q=90&amp;w=160&amp;h=106&amp;zc=1\" alt=\"Debemos pensar ya en una nueva Constituci\u00f3n\" \/><\/a>Momento cr\u00edtico debe cambiar ruta de parches (www.eloriente.net, M\u00e9xico, 8 de diciembre 2014; por Adri\u00e1n Ortiz Romero).- En M\u00e9xico debemos comenzar a considerar en serio la posibilidad de llamar a un congreso constituyente para que redacte una nueva Constituci\u00f3n. Son varias las circunstancias que hacen evidente esta necesidad, aunque ninguna otra es del tama\u00f1o de [\u2026]<\/p>\n<div class=\"toolbar-social\">\n<div class=\"social-widget\">\n<div id=\"sharing-widget\"><a class=\"button icon-share\">Compartir<\/a><\/div>\n<\/div>\n<\/div>\n<p class=\"postmeta\"><span class=\"meta_date\">diciembre 8, 2014<\/span><\/p>\n<p class=\"postmeta\"><a title=\"Enlace Permanente a Gobierno federal debe explicar la unificaci\u00f3n de las polic\u00edas\" href=\"http:\/\/www.eloriente.net\/home\/2014\/12\/03\/gobierno-federal-debe-explicar-la-unificacion-de-las-policias\/\" rel=\"bookmark\">Gobierno federal debe explicar la unificaci\u00f3n de las polic\u00edas<\/a><\/p>\n<\/div>\n<div id=\"post-34405\" class=\"post-34405 post type-post status-publish format-standard has-post-thumbnail hentry category-adrian-ortiz-romero category-colaboradores category-entradas category-lo-mas-reciente category-oaxaca-estados category-politica-y-gobierno tag-consulta-popular tag-policia entry loop-default border_bottom_30\"><a href=\"http:\/\/www.eloriente.net\/home\/2014\/12\/03\/gobierno-federal-debe-explicar-la-unificacion-de-las-policias\/\" rel=\"bookmark\"><img decoding=\"async\" class=\"alignleft\" title=\"Gobierno federal debe explicar la unificaci\u00f3n de las polic\u00edas\" src=\"http:\/\/www.eloriente.net\/home\/wp-content\/themes\/city-desk\/timthumb.php?src=http%3A%2F%2Fwww.eloriente.net%2Fhome%2Fwp-content%2Fuploads%2F2014%2F11%2FConsulta-Popular-Comit%C3%A9-Melendre.jpg&amp;q=90&amp;w=160&amp;h=106&amp;zc=1\" alt=\"Gobierno federal debe explicar la unificaci\u00f3n de las polic\u00edas\" \/><\/a>Donde quedan los derechos ind\u00edgenas y el Convenio 169 de la OIT (www.eloriente.net, M\u00e9xico, 3 de diciembre 2014; por Adri\u00e1n Ortiz Romero).- Aunque parece un asunto muy local de una entidad como Oaxaca, el gobierno federal deber\u00eda responder a una pregunta en espec\u00edfico ante su propuesta de unificaci\u00f3n de las polic\u00edas municipales en una sola [\u2026]<\/p>\n<div class=\"toolbar-social\">\n<div class=\"social-widget\">\n<div id=\"sharing-widget\"><a class=\"button icon-share\">Compartir<\/a><\/div>\n<\/div>\n<\/div>\n<p class=\"postmeta\"><span class=\"meta_date\">diciembre 3, 2014<\/span><\/p>\n<p class=\"postmeta\"><a title=\"Enlace Permanente a EPN no orden\u00f3 desapariciones, pero es responsable\" href=\"http:\/\/www.eloriente.net\/home\/2014\/12\/01\/epn-no-ordeno-desapariciones-pero-es-responsable\/\" rel=\"bookmark\">EPN no orden\u00f3 desapariciones, pero es responsable<\/a><\/p>\n<\/div>\n<div id=\"post-34348\" class=\"post-34348 post type-post status-publish format-standard has-post-thumbnail hentry category-lunesdepolitica category-adrian-ortiz-romero category-colaboradores category-entradas category-lo-mas-reciente category-politica-y-gobierno tag-ayotzinapa tag-iguala entry loop-default border_bottom_30\"><a href=\"http:\/\/www.eloriente.net\/home\/2014\/12\/01\/epn-no-ordeno-desapariciones-pero-es-responsable\/\" rel=\"bookmark\"><img decoding=\"async\" class=\"alignleft\" title=\"EPN no orden\u00f3 desapariciones, pero es responsable\" src=\"http:\/\/www.eloriente.net\/home\/wp-content\/themes\/city-desk\/timthumb.php?src=http%3A%2F%2Fwww.eloriente.net%2Fhome%2Fwp-content%2Fuploads%2F2014%2F11%2FEPN-Mensaje-palacio-eloriente.net_.png&amp;q=90&amp;w=160&amp;h=106&amp;zc=1\" alt=\"EPN no orden\u00f3 desapariciones, pero es responsable\" \/><\/a>Una explicaci\u00f3n sobre la responsabilidad de estado (www.eloriente.net, M\u00e9xico, 1 de diciembre\/2014; por Adri\u00e1n Ortiz Romero).- Sigue pasando el tiempo y a muchos sigue sin quedarles claro por qu\u00e9 si el gobierno del presidente Enrique Pe\u00f1a Nieto no orden\u00f3, ni ejecut\u00f3, ni consinti\u00f3 las detenciones-desapariciones de los 43 normalistas en Iguala el pasado 26 de [\u2026]<\/p>\n<div class=\"toolbar-social\">\n<div class=\"social-widget\">\n<div id=\"sharing-widget\"><a class=\"button icon-share active\">Compartir<\/a><\/div>\n<\/div>\n<div class=\"tooltip-wrapper\">\n<div class=\"arrow\"><\/div>\n<div id=\"tooltip-close\">\u00a0diciembre 1, 2014<\/div>\n<\/div>\n<\/div>\n<\/div>\n<p>&nbsp;<\/p>\n\n\t\t\t  <div \n\t\t\t  \tclass = \"fb-comments\" \n\t\t\t  \tdata-href = \"http:\/\/www.eloriente.net\/home\/2014\/12\/10\/no-necesitamos-una-fiscalia-urge-aplicar-la-ley\/\"\n\t\t\t  \tdata-numposts = \"10\"\n\t\t\t\tdata-colorscheme = \"dark\"\n\t\t\t\tdata-order-by = \"social\"\n\t\t\t\tdata-mobile=true>\n\t\t\t  <\/div>\n\t\t  <style>\n\t\t\t.fb_iframe_widget_fluid_desktop iframe {\n\t\t\t    width: 100% !important;\n\t\t\t}\n\t\t  <\/style>\n\t\t  ","protected":false},"excerpt":{"rendered":"<p>PGJE: con alcances similares a la norma federal (www.eloriente.net, 10 de diciembre 2014; por Adri\u00e1n Ortiz Romero).- Dentro de las medidas que el gobernador Gabino Cu\u00e9 anunci\u00f3 en el marco del arranque de su quinto a\u00f1o de gesti\u00f3n, sobresali\u00f3 su disposici\u00f3n de realizar las modificaciones constitucionales que sean necesarias para adecuar el marco jur\u00eddico estatal [&hellip;]<\/p>\n","protected":false},"author":2,"featured_media":4979,"comment_status":"open","ping_status":"open","sticky":false,"template":"","format":"standard","meta":{"_jetpack_memberships_contains_paid_content":false,"footnotes":""},"categories":[38,11,32,10,464,21],"tags":[3142,77],"class_list":["post-34575","post","type-post","status-publish","format-standard","has-post-thumbnail","hentry","category-adrian-ortiz-romero","category-colaboradores","category-entradas","category-lo-mas-reciente","category-oaxaca-estados","category-politica-y-gobierno","tag-fiscalia","tag-gabino-cue"],"jetpack_featured_media_url":"http:\/\/www.eloriente.net\/home\/wp-content\/uploads\/2012\/11\/GABINO-CUE-ENTREVISTA-220811-2-300x199.jpg","jetpack_sharing_enabled":true,"_links":{"self":[{"href":"http:\/\/www.eloriente.net\/home\/wp-json\/wp\/v2\/posts\/34575"}],"collection":[{"href":"http:\/\/www.eloriente.net\/home\/wp-json\/wp\/v2\/posts"}],"about":[{"href":"http:\/\/www.eloriente.net\/home\/wp-json\/wp\/v2\/types\/post"}],"author":[{"embeddable":true,"href":"http:\/\/www.eloriente.net\/home\/wp-json\/wp\/v2\/users\/2"}],"replies":[{"embeddable":true,"href":"http:\/\/www.eloriente.net\/home\/wp-json\/wp\/v2\/comments?post=34575"}],"version-history":[{"count":1,"href":"http:\/\/www.eloriente.net\/home\/wp-json\/wp\/v2\/posts\/34575\/revisions"}],"predecessor-version":[{"id":34576,"href":"http:\/\/www.eloriente.net\/home\/wp-json\/wp\/v2\/posts\/34575\/revisions\/34576"}],"wp:featuredmedia":[{"embeddable":true,"href":"http:\/\/www.eloriente.net\/home\/wp-json\/wp\/v2\/media\/4979"}],"wp:attachment":[{"href":"http:\/\/www.eloriente.net\/home\/wp-json\/wp\/v2\/media?parent=34575"}],"wp:term":[{"taxonomy":"category","embeddable":true,"href":"http:\/\/www.eloriente.net\/home\/wp-json\/wp\/v2\/categories?post=34575"},{"taxonomy":"post_tag","embeddable":true,"href":"http:\/\/www.eloriente.net\/home\/wp-json\/wp\/v2\/tags?post=34575"}],"curies":[{"name":"wp","href":"https:\/\/api.w.org\/{rel}","templated":true}]}}