{"id":34577,"date":"2014-12-10T12:34:18","date_gmt":"2014-12-10T18:34:18","guid":{"rendered":"http:\/\/www.eloriente.net\/home\/?p=34577"},"modified":"2014-12-10T12:34:18","modified_gmt":"2014-12-10T18:34:18","slug":"la-reforma-politico-electoral-y-sus-nuevos-especialistas","status":"publish","type":"post","link":"http:\/\/www.eloriente.net\/home\/2014\/12\/10\/la-reforma-politico-electoral-y-sus-nuevos-especialistas\/","title":{"rendered":"La Reforma Pol\u00edtico Electoral y sus nuevos especialistas"},"content":{"rendered":"<p>eloriente.net \/ <a href=\"http:\/\/http:\/\/www.uabjo.mx\/\" target=\"_blank\">UABJO<\/a><\/p>\n<p>10\/diciembre\/2014<\/p>\n<p>Concluye Diplomado en Derecho Electoral en la UABJO<\/p>\n<p>\u2022 La actividad fue resultado de las acciones conjuntas entre el INE y la Universidad<\/p>\n<p>De manera reciente concluy\u00f3 el Diplomado en Derecho Electoral realizado a trav\u00e9s de las acciones conjuntas entre la Universidad Aut\u00f3noma \u201cBenito Ju\u00e1rez\u201d de Oaxaca (UABJO) y el Instituto Nacional Electoral (INE), con ello se capacit\u00f3 a decenas de abogados en la materia, con el prop\u00f3sito de mantenerse a la vanguardia en relaci\u00f3n a la aprobaci\u00f3n de la Reforma Pol\u00edtico Electoral.<\/p>\n<p>Durante el acto protocolario de clausura celebrado en el Paraninfo Universitario, la Vocal de Capacitaci\u00f3n Electoral y C\u00edvica del INE, Luisa Rebeca Garza L\u00f3pez agradeci\u00f3 el inter\u00e9s de la UABJO para realizar este programa educativo pertinente, acorte a los t\u00f3picos actuales para atender de forma adecuada los asuntos pol\u00edticos con pluralidad y democracia.<\/p>\n<p>Por su parte el director de la Unidad de Atenci\u00f3n Acad\u00e9mica a Estudiantes Ind\u00edgenas (UAAEI), Jorge Arroyo Rodr\u00edguez subray\u00f3 que se trata de un esfuerzo sistem\u00e1tico por sumar conocimientos a los abogados oaxaque\u00f1os, a trav\u00e9s de la promoci\u00f3n y ense\u00f1anza de nuevos aprendizajes para responder con alternativas concretas a las problem\u00e1ticas sociales.<\/p>\n<p>En su oportunidad, el Director de Radio Universidad, Eduardo V\u00e1squez Lagunas, en representaci\u00f3n del rector de la UABJO Eduardo Mart\u00ednez Helmes, felicit\u00f3 a todos los egresados de este diplomado y les invit\u00f3 a ejercer con responsabilidad, \u00e9tica y profesionalismo el conocimiento adquirido para continuar sembrando la semilla del aprendizaje continuo y as\u00ed construir una sociedad m\u00e1s justa.<\/p>\n<p>Lo anterior, con el prop\u00f3sito principal de proporcionar conocimientos y herramientas de an\u00e1lisis necesarios para identificar las bases fundamentales y desarrollo del derecho electoral, la evoluci\u00f3n de los sistemas electorales y de las instituciones que los rigen, as\u00ed como los programas sobre educaci\u00f3n c\u00edvica, cultura pol\u00edtica y participaci\u00f3n ciudadana, dentro de lo \u00e9tico y lo pol\u00edtico.<\/p>\n<p>El programa acad\u00e9mico incluy\u00f3 temas relacionados con los conceptos fundamentales, elementos constitutivos, sujetos as\u00ed como medios y procedimientos de protecci\u00f3n del Derecho Electoral Mexicano, de modo que se garantiza que los participantes cuentan con elementos suficientes para comprender las principales normas e instituciones que son objeto de justicia electoral.<\/p>\n<p>Con estas acciones la M\u00e1xima Casa de Estudios en la entidad cumple con su compromiso social y educativo, con programas abiertos a la sociedad en general, con el \u00fanico fin de abonar conocimientos sobre los temas actuales en las diferentes \u00e1reas.<\/p>\n<p><a href=\"http:\/\/www.eloriente.net\/home\/wp-content\/uploads\/2014\/12\/10.jpg\"><img loading=\"lazy\" decoding=\"async\" class=\"alignnone size-medium wp-image-34578\" src=\"http:\/\/www.eloriente.net\/home\/wp-content\/uploads\/2014\/12\/10-300x200.jpg\" alt=\"10\" width=\"300\" height=\"200\" srcset=\"http:\/\/www.eloriente.net\/home\/wp-content\/uploads\/2014\/12\/10-300x200.jpg 300w, http:\/\/www.eloriente.net\/home\/wp-content\/uploads\/2014\/12\/10-1024x682.jpg 1024w\" sizes=\"(max-width: 300px) 100vw, 300px\" \/><\/a><\/p>\n<p>Foto: UABJO<\/p>\n<p><strong>Entradas relacionadas:<\/strong><\/p>\n<p><a title=\"Enlace Permanente a Convocatoria UABJO: Renovaci\u00f3n del Honorable Consejo Universitario\" href=\"http:\/\/www.eloriente.net\/home\/2014\/12\/08\/convocatoria-uabjo-renovacion-del-honorable-consejo-universitario\/\" rel=\"bookmark\">Convocatoria UABJO: Renovaci\u00f3n del Honorable Consejo Universitario<\/a><\/p>\n<div id=\"post-34514\" class=\"post-34514 post type-post status-publish format-standard has-post-thumbnail hentry category-comunicados-y-boletines category-educacion-y-cultura category-entradas category-lo-mas-reciente category-oaxaca-estados category-universidades tag-uabjo entry loop-default border_bottom_30\"><a href=\"http:\/\/www.eloriente.net\/home\/2014\/12\/08\/convocatoria-uabjo-renovacion-del-honorable-consejo-universitario\/\" rel=\"bookmark\"><img decoding=\"async\" class=\"alignleft\" title=\"Convocatoria UABJO: Renovaci\u00f3n del Honorable Consejo Universitario\" src=\"http:\/\/www.eloriente.net\/home\/wp-content\/themes\/city-desk\/timthumb.php?src=http%3A%2F%2Fwww.eloriente.net%2Fhome%2Fwp-content%2Fuploads%2F2014%2F12%2F071.jpg&amp;q=90&amp;w=160&amp;h=106&amp;zc=1\" alt=\"Convocatoria UABJO: Renovaci\u00f3n del Honorable Consejo Universitario\" \/><\/a>La convocatoria puede ser consultada en uabjo.mx (www.eloriente.net \/ UABJO, Oaxaca, 8 de diciembre 2014).- El rector de la Universidad Aut\u00f3noma \u201cBenito Ju\u00e1rez\u201d de Oaxaca (UABJO), Eduardo Mart\u00ednez Helmes inform\u00f3 que ya se encuentra publicada en la p\u00e1gina de la Universidad, www.uabjo.mx, la convocatoria correspondiente al proceso de elecci\u00f3n para renovar el Honorable Consejo Universitario. [\u2026]<\/p>\n<div class=\"toolbar-social\">\n<div class=\"social-widget\">\n<div id=\"sharing-widget\"><a class=\"button icon-share\">Compartir<\/a><\/div>\n<\/div>\n<\/div>\n<p class=\"postmeta\"><span class=\"meta_date\">diciembre 8, 2014<\/span><\/p>\n<p class=\"postmeta\"><a title=\"Enlace Permanente a Alumnos oaxaque\u00f1os en El saber del sabor 2014\" href=\"http:\/\/www.eloriente.net\/home\/2014\/12\/03\/alumnos-oaxaquenos-en-el-saber-del-sabor-2014\/\" rel=\"bookmark\">Alumnos oaxaque\u00f1os en El saber del sabor 2014<\/a><\/p>\n<\/div>\n<div id=\"post-34407\" class=\"post-34407 post type-post status-publish format-standard has-post-thumbnail hentry category-educacion-y-cultura category-entradas category-gastronomia category-lo-mas-reciente category-oaxaca-estados category-universidades tag-uabjo entry loop-default border_bottom_30\"><a href=\"http:\/\/www.eloriente.net\/home\/2014\/12\/03\/alumnos-oaxaquenos-en-el-saber-del-sabor-2014\/\" rel=\"bookmark\"><img decoding=\"async\" class=\"alignleft\" title=\"Alumnos oaxaque\u00f1os en El saber del sabor 2014\" src=\"http:\/\/www.eloriente.net\/home\/wp-content\/themes\/city-desk\/timthumb.php?src=http%3A%2F%2Fwww.eloriente.net%2Fhome%2Fwp-content%2Fuploads%2F2014%2F12%2F03.jpg&amp;q=90&amp;w=160&amp;h=106&amp;zc=1\" alt=\"Alumnos oaxaque\u00f1os en El saber del sabor 2014\" \/><\/a>(www.eloriente.net \/ UABJO, 3 de diciembre 2014).- Estudiantes de la Licenciatura en Gastronom\u00eda de la Universidad Aut\u00f3noma \u201cBenito Ju\u00e1rez\u201d de Oaxaca (UABJO), participaron en la sexta edici\u00f3n del Festival Culinario \u201cEl saber del sabor\u201d, el cual se presenta como un espacio de creaci\u00f3n y reflexi\u00f3n culinaria que muestra las tradiciones, la riqueza y diversidad cultural [\u2026]<\/p>\n<div class=\"toolbar-social\">\n<div class=\"social-widget\">\n<div id=\"sharing-widget\"><a class=\"button icon-share\">Compartir<\/a><\/div>\n<\/div>\n<\/div>\n<p class=\"postmeta\"><span class=\"meta_date\">diciembre 3, 2014<\/span><\/p>\n<p class=\"postmeta\"><a title=\"Enlace Permanente a Los Retos de la Salud en Oaxaca\" href=\"http:\/\/www.eloriente.net\/home\/2014\/11\/29\/los-retos-de-la-salud-en-oaxaca\/\" rel=\"bookmark\">Los Retos de la Salud en Oaxaca<\/a><\/p>\n<\/div>\n<div id=\"post-34315\" class=\"post-34315 post type-post status-publish format-standard has-post-thumbnail hentry category-comunicados-y-boletines category-educacion-y-cultura category-entradas category-lo-mas-reciente category-oaxaca-estados category-salud category-universidades tag-salud-2 tag-uabjo entry loop-default border_bottom_30\"><a href=\"http:\/\/www.eloriente.net\/home\/2014\/11\/29\/los-retos-de-la-salud-en-oaxaca\/\" rel=\"bookmark\"><img decoding=\"async\" class=\"alignleft\" title=\"Los Retos de la Salud en Oaxaca\" src=\"http:\/\/www.eloriente.net\/home\/wp-content\/themes\/city-desk\/timthumb.php?src=http%3A%2F%2Fwww.eloriente.net%2Fhome%2Fwp-content%2Fuploads%2F2014%2F11%2F291.jpg&amp;q=90&amp;w=160&amp;h=106&amp;zc=1\" alt=\"Los Retos de la Salud en Oaxaca\" \/><\/a>eloriente.net \/ UABJO 29\/noviembre\/2014 El Instituto de Investigaciones Sociol\u00f3gicas de la Universidad Aut\u00f3noma \u201cBenito Ju\u00e1rez\u201d de Oaxaca (IISUABJO) a trav\u00e9s del \u00c1rea de Desarrollo Regional, present\u00f3 la conferencia \u201cLos Retos de la Salud en Oaxaca\u201d, como parte del ciclo \u201cOaxaca en el Debate Nacional\u201d. La conferencia, realizada en las instalaciones de la Biblioteca Francisco de [\u2026]<\/p>\n<div class=\"toolbar-social\">\n<div class=\"social-widget\">\n<div id=\"sharing-widget\"><a class=\"button icon-share active\">Compartir<\/a><\/div>\n<\/div>\n<div class=\"tooltip-wrapper\">\n<div class=\"arrow\"><\/div>\n<div id=\"tooltip-close\">\u00a0noviembre 29, 2014<\/div>\n<\/div>\n<\/div>\n<\/div>\n\n\t\t\t  <div \n\t\t\t  \tclass = \"fb-comments\" \n\t\t\t  \tdata-href = \"http:\/\/www.eloriente.net\/home\/2014\/12\/10\/la-reforma-politico-electoral-y-sus-nuevos-especialistas\/\"\n\t\t\t  \tdata-numposts = \"10\"\n\t\t\t\tdata-colorscheme = \"dark\"\n\t\t\t\tdata-order-by = \"social\"\n\t\t\t\tdata-mobile=true>\n\t\t\t  <\/div>\n\t\t  <style>\n\t\t\t.fb_iframe_widget_fluid_desktop iframe {\n\t\t\t    width: 100% !important;\n\t\t\t}\n\t\t  <\/style>\n\t\t  ","protected":false},"excerpt":{"rendered":"<p>eloriente.net \/ UABJO 10\/diciembre\/2014 Concluye Diplomado en Derecho Electoral en la UABJO \u2022 La actividad fue resultado de las acciones conjuntas entre el INE y la Universidad De manera reciente concluy\u00f3 el Diplomado en Derecho Electoral realizado a trav\u00e9s de las acciones conjuntas entre la Universidad Aut\u00f3noma \u201cBenito Ju\u00e1rez\u201d de Oaxaca (UABJO) y el Instituto [&hellip;]<\/p>\n","protected":false},"author":1,"featured_media":34578,"comment_status":"open","ping_status":"open","sticky":false,"template":"","format":"standard","meta":{"_jetpack_memberships_contains_paid_content":false,"footnotes":""},"categories":[1588,18,32,10,464,84],"tags":[182],"class_list":["post-34577","post","type-post","status-publish","format-standard","has-post-thumbnail","hentry","category-comunicados-y-boletines","category-educacion-y-cultura","category-entradas","category-lo-mas-reciente","category-oaxaca-estados","category-universidades","tag-uabjo"],"jetpack_featured_media_url":"http:\/\/www.eloriente.net\/home\/wp-content\/uploads\/2014\/12\/10.jpg","jetpack_sharing_enabled":true,"_links":{"self":[{"href":"http:\/\/www.eloriente.net\/home\/wp-json\/wp\/v2\/posts\/34577"}],"collection":[{"href":"http:\/\/www.eloriente.net\/home\/wp-json\/wp\/v2\/posts"}],"about":[{"href":"http:\/\/www.eloriente.net\/home\/wp-json\/wp\/v2\/types\/post"}],"author":[{"embeddable":true,"href":"http:\/\/www.eloriente.net\/home\/wp-json\/wp\/v2\/users\/1"}],"replies":[{"embeddable":true,"href":"http:\/\/www.eloriente.net\/home\/wp-json\/wp\/v2\/comments?post=34577"}],"version-history":[{"count":1,"href":"http:\/\/www.eloriente.net\/home\/wp-json\/wp\/v2\/posts\/34577\/revisions"}],"predecessor-version":[{"id":34579,"href":"http:\/\/www.eloriente.net\/home\/wp-json\/wp\/v2\/posts\/34577\/revisions\/34579"}],"wp:featuredmedia":[{"embeddable":true,"href":"http:\/\/www.eloriente.net\/home\/wp-json\/wp\/v2\/media\/34578"}],"wp:attachment":[{"href":"http:\/\/www.eloriente.net\/home\/wp-json\/wp\/v2\/media?parent=34577"}],"wp:term":[{"taxonomy":"category","embeddable":true,"href":"http:\/\/www.eloriente.net\/home\/wp-json\/wp\/v2\/categories?post=34577"},{"taxonomy":"post_tag","embeddable":true,"href":"http:\/\/www.eloriente.net\/home\/wp-json\/wp\/v2\/tags?post=34577"}],"curies":[{"name":"wp","href":"https:\/\/api.w.org\/{rel}","templated":true}]}}