{"id":34593,"date":"2014-12-10T23:05:47","date_gmt":"2014-12-11T05:05:47","guid":{"rendered":"http:\/\/www.eloriente.net\/home\/?p=34593"},"modified":"2014-12-10T23:05:47","modified_gmt":"2014-12-11T05:05:47","slug":"respeto-reclama-villacana-en-su-primer-informe","status":"publish","type":"post","link":"http:\/\/www.eloriente.net\/home\/2014\/12\/10\/respeto-reclama-villacana-en-su-primer-informe\/","title":{"rendered":"&#8216;Respeto&#8217;: reclama Villaca\u00f1a en su Primer Informe"},"content":{"rendered":"<p>eloriente.net\/Gobierno de la Ciudad*<\/p>\n<p>10 de diciembre de 2014<\/p>\n<p>Cumpliendo con lo establecido en los Art\u00edculos\u00a0 68, Fracci\u00f3n VII de la Ley Org\u00e1nica Municipal y 52, Fracci\u00f3n VII, del Bando de Polic\u00eda y Gobierno del Municipio de Oaxaca de Ju\u00e1rez, este mi\u00e9rcoles, el presidente municipal, Javier Villaca\u00f1a Jim\u00e9nez inform\u00f3, en sesi\u00f3n p\u00fablica y solemne, sobre el estado que guarda la administraci\u00f3n p\u00fablica y de las labores realizadas durante el primer a\u00f1o de gesti\u00f3n.<\/p>\n<p>Acompa\u00f1ado del gobernador del estado, Gabino Cu\u00e9 Montegudo y los representantes de los Poderes Legislativo, Leslie Jim\u00e9nez Valencia, y Judicial, Alfredo Lagunas Rivera, as\u00ed como del comandante de la 28\u00aa Zona Militar, Jos\u00e9 Luis Pilar Rodr\u00edguez \u2013quienes fueron invitados especiales en la sesi\u00f3n solemne-; el mun\u00edcipe capitalino destac\u00f3 que cada uno de los pasos dados en la construcci\u00f3n de una ciudad arm\u00f3nica, es resultado de la suma de voluntades entre los tres niveles de gobierno, los sectores productivos, pero sobre todo, la ciudadan\u00eda que ha participado de manera determinante en el dise\u00f1o de una nueva forma de gobernar.<\/p>\n<p>En una Plaza de la Danza plet\u00f3rica de ciudadanos, el presidente Javier Villaca\u00f1a enumer\u00f3 los logros alcanzados por su administraci\u00f3n en este primer a\u00f1o, los cuales han permitido mejorar la calidad de vida de quienes habitan en la ciudad de Oaxaca.<\/p>\n<p>Villaca\u00f1a Jim\u00e9nez reconoci\u00f3 el respaldo del Presidente Enrique Pe\u00f1a Nieto para emprender un nuevo camino para Oaxaca, as\u00ed como la voluntad firme y comprometida del Gobernador Gabino Cu\u00e9 Monteagudo de acompa\u00f1ar a su administraci\u00f3n compartiendo la visi\u00f3n de que Oaxaca est\u00e1 m\u00e1s all\u00e1 de ideolog\u00edas o partidos pol\u00edticos.<\/p>\n<p>Menci\u00f3n especial \u2013dijo- merecen todos y cada uno de los integrantes del Honorable Cabildo, oaxaque\u00f1os convencidos de su responsabilidad pol\u00edtica y social, quienes han aportado ideas, propuestas y acciones para atender la problem\u00e1tica de nuestra sociedad, logrando juntos que casi el 90 por ciento de los acuerdos de esta honorable representaci\u00f3n, se hayan alcanzado por unanimidad, teniendo siempre en la mira el beneficio para Oaxaca.<\/p>\n<p>Ante miles de ciudadanos y representantes de los sectores productivos, Javier Villaca\u00f1a, se\u00f1al\u00f3 que desde antes de tomar protesta como Presidente Municipal, su administraci\u00f3n se vincul\u00f3 con los diferentes sectores de la sociedad para conocer sus necesidades y problem\u00e1tica principal, asumiendo 109 compromisos de distinta \u00edndole, encaminados a resolver los planteamientos de la comunidad oaxaque\u00f1a.<\/p>\n<p>El trabajo conjunto y esfuerzo de los concejales y trabajadores del Municipio \u2013se\u00f1al\u00f3- ha dado como resultado la atenci\u00f3n al 81 por ciento de esos compromisos, de los cuales se han resuelto de manera plena el 70 por ciento, destacando entre ellos, la Cl\u00ednica de la Mujer, el Instituto de la Vivienda Municipal y la creaci\u00f3n de un espacio de atenci\u00f3n a los integrantes de la diversidad sexual.<\/p>\n<p>\u201cA un tercio del camino que habremos de recorrer, y con el af\u00e1n de seguir enfrentando con \u00e9xito los retos venideros, pido a todos los concejales uni\u00f3n y trabajo como hasta hoy; tenemos claro el panorama de trabajo para nuestra gente; los retos pendientes requerir\u00e1n de un esfuerzo tenaz, persistente y comprometido, pero estoy seguro que con la cooperaci\u00f3n y apoyo de todos, seguiremos avanzando firmes y sin tregua hasta el l\u00edmite de nuestras capacidades\u201d, asegur\u00f3.<\/p>\n<p>En el marco de su mensaje al Cabildo y a la ciudadan\u00eda oaxaque\u00f1a, el edil capitalino hizo un llamado respetuoso a las diferentes organizaciones sociales y pol\u00edticas a que conduzcan sus demandas por el camino del dialogo y la tolerancia rec\u00edproca, \u201cpues la Ciudad es la herencia hist\u00f3rica de nuestros ancestros y, ser\u00e1, sin duda alguna, el legado a nuestros hijos, adem\u00e1s del sost\u00e9n indiscutible del empleo y la fuente de ingreso de nuestra gente\u201d.<\/p>\n<p><strong>\u201cHoy es fundamental que unamos recursos, energ\u00eda y voluntades para realizar una campa\u00f1a de valores, que tenga como principal objetivo recuperar el respeto, porque en \u00e9l se basa la convivencia sana, el entorno sustentable, el ambiente de seguridad y el Estado de Derecho\u201d, enfatiz\u00f3.<\/strong><\/p>\n<p>En este marco, el presidente Villaca\u00f1a hizo una convocatoria a las autoridades municipales y estatales, a los sectores sociales y a todos los ciudadanos a emprender una intensa jornada para recuperar la paz social, la tolerancia, el respeto a los dem\u00e1s, a la ley, a las instituciones y al patrimonio; fortaleciendo la hospitalidad, la solidaridad y el respeto a la familia, conceptos y valores que heredamos y tenemos la obligaci\u00f3n de dejar a las pr\u00f3ximas generaciones.<\/p>\n<p>\u201cEstoy convencido que con su participaci\u00f3n y respaldo, con la suma de esfuerzos, con la cooperaci\u00f3n y el amor por nuestra tierra, seguiremos construyendo cosas buenas para Oaxaca de Ju\u00e1rez\u201d, puntualiz\u00f3.<\/p>\n<p><a href=\"http:\/\/www.eloriente.net\/home\/wp-content\/uploads\/2014\/12\/villacan\u0303a-informe-2.jpg\"><img loading=\"lazy\" decoding=\"async\" class=\"alignnone wp-image-34594 size-large\" src=\"http:\/\/www.eloriente.net\/home\/wp-content\/uploads\/2014\/12\/villacan\u0303a-informe-2-1024x255.jpg\" alt=\"villacan\u0303a informe 2\" width=\"1024\" height=\"255\" srcset=\"http:\/\/www.eloriente.net\/home\/wp-content\/uploads\/2014\/12\/villacan\u0303a-informe-2-1024x255.jpg 1024w, http:\/\/www.eloriente.net\/home\/wp-content\/uploads\/2014\/12\/villacan\u0303a-informe-2-300x74.jpg 300w, http:\/\/www.eloriente.net\/home\/wp-content\/uploads\/2014\/12\/villacan\u0303a-informe-2.jpg 1120w\" sizes=\"(max-width: 1024px) 100vw, 1024px\" \/><\/a><\/p>\n<p><strong>\u00a0Calles y colonias m\u00e1s seguras, prioridad que se vuelve realidad<\/strong><\/p>\n<p>En el marco de la sesi\u00f3n solemne que dio inici\u00f3 en punto de las 17:00 horas teniendo como recinto oficial la Plaza de la Danza, el edil capitalino explic\u00f3 de manera sucinta los alcances, logros y restos que enfrenta el gobierno municipal 2014-2016 en la satisfacci\u00f3n de las necesidades de la poblaci\u00f3n.<\/p>\n<p>En primer t\u00e9rmino, explic\u00f3 que para su administraci\u00f3n preservar el orden p\u00fablico, as\u00ed como la seguridad general y patrimonial de los habitantes y visitantes del Municipio de Oaxaca de Ju\u00e1rez, es nuestra prioridad. Por ello, se han implementado estrategias y acciones contundentes para reducir los \u00edndices delictivos.<\/p>\n<p>Al recibir la administraci\u00f3n municipal, se realiz\u00f3 una inversi\u00f3n por m\u00e1s de 4 millones de pesos para el mantenimiento patrullas; mientras que en un esfuerzo presupuestal se destinaron m\u00e1s de 17 millones de pesos, para la adquisici\u00f3n de 61 unidades equipadas tipo patrulla, eficientando el patrullaje en los ocho cuadrantes en los que est\u00e1 dividido el Municipio, destacando las diez unidades el\u00e9ctricas que facilitan la vigilancia permanente del Centro Hist\u00f3rico.<\/p>\n<p>Para reforzar los aspectos de seguridad, en el marco del Programa Nacional de Prevenci\u00f3n del Delito 2014 (PRONAPRED), el Ayuntamiento aplica v\u00eda gobierno del estado 24 millones 600 mil pesos en 39 proyectos en los dos pol\u00edgonos con mayor incidencia delictiva.<\/p>\n<p>Asimismo, el Sistema Nacional de Seguridad ha dotado este a\u00f1o al Ayuntamiento de un subsidio de 12 millones de pesos, que sumados a nuestra aportaci\u00f3n alcanzan un total de 15 millones de pesos, que ser\u00e1n destinados, fundamentalmente, para la profesionalizaci\u00f3n, capacitaci\u00f3n y equipamiento de la polic\u00eda municipal.<\/p>\n<p>Cada una de las acciones de esta Administraci\u00f3n est\u00e1 enfocadas a elevar el nivel y calidad de vida de los habitantes del Municipio.<\/p>\n<p>Una de las iniciativas que han llegado con precisi\u00f3n a la gente de mayor necesidad, y el cual no contaba con antecedente a nivel municipal, ha sido la dotaci\u00f3n de 100,000 despensas a madres de familia y personas de la tercera edad, contribuyendo as\u00ed a la mejor alimentaci\u00f3n de personas de la tercera edad y madres solteras, sectores en situaci\u00f3n vulnerable.<\/p>\n<p>En tanto, como parte del Programa de Empleo Temporal, el presidente municipal logr\u00f3 una gesti\u00f3n sin precedente ante la Secretar\u00eda de Desarrollo Social (SEDESOL), logrando la autorizaci\u00f3n de m\u00e1s de 12 millones de pesos, aplicados en el Programa \u201cRescate y Mejoramiento Urbano de la Ciudad\u201d, para la mejora de plazas c\u00edvicas, parques y jardines, pintura de fachadas y edificios o espacios p\u00fablicos y limpieza y recolecci\u00f3n de residuos s\u00f3lidos en barrancas, r\u00edos y arroyos, cuadriplicando el hist\u00f3rico en este rubro, que s\u00f3lo hab\u00eda llegado a 2 millones 888 mil pesos.<\/p>\n<p>Con una inversi\u00f3n de aproximadamente un mill\u00f3n de pesos, el Municipio de Oaxaca de Ju\u00e1rez y la Fundaci\u00f3n Harp Hel\u00fa, instalaron 20 gimnasios al aire libre en las 13 agencias Municipales, en el marco del programa denominado Circuitos de la Salud, iniciativa que incide favorablemente en nuevas pr\u00e1cticas de salud y esparcimiento para la comunidad.<\/p>\n<p>En materia de desarrollo econ\u00f3mico, el gobierno municipal promovi\u00f3 un\u00a0 convenio con la Cooperativa ACREIMEX, el cual abre una l\u00ednea de apoyo de 100 millones de pesos en cr\u00e9ditos para la creaci\u00f3n de nuevas empresas y el fortalecimiento de las existentes, contemplando a aquellos que se encuentran en bur\u00f3 de cr\u00e9dito, logrando la integraci\u00f3n de m\u00e1s de 500 expedientes, que representa m\u00e1s de 50 millones de pesos gestionados hasta el d\u00eda de hoy.<\/p>\n<p>La suma de voluntades y la coordinaci\u00f3n de los diferentes niveles de gobierno, permiti\u00f3 la aprobaci\u00f3n de cuatro proyectos que, con una inversi\u00f3n tripartita de 100 millones de pesos, har\u00e1n posible el rescate y mejoramiento de mercados emblem\u00e1ticos como son el mercado \u201cBenito Ju\u00e1rez\u201d, \u201c20 de Noviembre\u201d y \u201cDemocracia\u201d, renovando su infraestructura el\u00e9ctrica, hidr\u00e1ulica, sanitaria, pisos, techumbre y dotando a la mayor\u00eda de los negocios de equipo y capacitaci\u00f3n.<\/p>\n<p>Sin embargo, el mandatario capitalino anunci\u00f3 que plantear\u00e1 de manera formal al Subsecretario de SEDESOL la autorizaci\u00f3n de recursos extraordinarios del Programa de Empleo Temporal que permita, con los propios locatarios, el reacondicionamiento de los 13 mercados que no fueron considerados en PROLOGYCA, mediante un pago por dicha actividad.<\/p>\n<p><strong>M\u00e1s de 400 MDP para la realizaci\u00f3n de obras de desarrollo social y urbano<\/strong><\/p>\n<p>La construcci\u00f3n de obras de desarrollo urbano que brinden mejores condiciones de vida y convivencia para los ciudadanos tambi\u00e9n es una responsabilidad de la administraci\u00f3n de Javier Villaca\u00f1a.<\/p>\n<p>Por ello, en este primer a\u00f1o, se han registrado 14 mil 971 acciones en materia de Desarrollo Urbano, Centro Hist\u00f3rico, Ecolog\u00eda y Planeaci\u00f3n Urbana, destacando las acciones ejecutadas en el marco del programa \u201cVerde Antequera\u201d, la Cl\u00ednica para la Mujer, el rescate de espacios p\u00fablicos, mejoramiento de banquetas, el Andador Semi Peatonal Cruz de Piedra\/Carmen Alto y el embellecimiento de los barrios de Xochimilco y Jalatlaco.<\/p>\n<p>En las diferentes zonas de la entidad, se est\u00e1n ejecutando, para el embellecimiento y desarrollo municipal, 249 obras con una inversi\u00f3n de 422.1 millones de pesos, mientras por primera vez se destin\u00f3 la totalidad de los 109 millones de pesos del Ramo 33 orientado a la obra de infraestructura social municipal a las Agencias, mediante un mecanismo equitativo que garantiz\u00f3 un techo financiero a cada una de ellas. Con este fondo se est\u00e1n ejecutando 28 drenajes, 20 redes de agua potable, 45 electrificaciones, 16 aulas y 39 obras especiales.<\/p>\n<p>El Programa Verde Antequera, que tuvo una inversi\u00f3n de recursos propios del orden de los 45 millones de pesos, permiti\u00f3 al Ayuntamiento embellecer la imagen de las calles y avenidas como Avenida Universidad, Manuel Ruiz, Violetas, Heroica Escuela Naval Militar, Netzahualc\u00f3yotl, Emiliano Zapata, Eduardo Vasconcelos, Calzada del Pante\u00f3n, Calzada de la Rep\u00fablica, Camino a San Felipe, Escaleras del Fort\u00edn, Avenida de las Etnias, Ni\u00f1os H\u00e9roes, Carretera Internacional, Rancho el Mezquite y Jorge L. Tamayo, recuperando con esto m\u00e1s de 50 mil metros cuadrados de espacios p\u00fablicos perdidos.<\/p>\n<p>En el prop\u00f3sito de mejorar las calles de la capital, se llev\u00f3 a cabo la repavimentaci\u00f3n de 83 mil 553 metros cuadrados de vialidades, con una inversi\u00f3n de 24 millones de pesos, adem\u00e1s del bacheo de 8 mil 444 metros cuadrados con una inversi\u00f3n de 4 millones de pesos de fondos municipales.<\/p>\n<p>Destac\u00f3 tambi\u00e9n la construcci\u00f3n del \u201cAndador Semi-peatonal Cruz de piedra\/Carmen Alto\u201d, financiado en un 70 por ciento con recursos federales FONCA por un monto de 27 millones 426 mil 549 pesos y de SEDATU con una inversi\u00f3n de 14 millones 323 mil 851 pesos, adem\u00e1s de la aportaci\u00f3n Municipal por el 30 por ciento restante.<\/p>\n<p>Con este mismo fin, se llevan a cabo dos obras de mejoramiento de imagen en la calle 5 de mayo en el barrio de Jalatlaco y en el barrio de Xochimilco, recuperando espacios emblem\u00e1ticos de la capital y haciendo una inversi\u00f3n total de 10 millones 812 mil pesos.<\/p>\n<p>Otro de los programas dise\u00f1ados por esta administraci\u00f3n, es el \u201cBanco de Materiales\u201d, que significa una respuesta oportuna a la demanda de obra p\u00fablica solicitada por la ciudadan\u00eda y promueve la participaci\u00f3n de los habitantes con el tradicional tequio para mejorar el entorno urbano en Agencias, Barrios y Colonias del Municipio. A la fecha, han sido beneficiadas m\u00e1s de 4 mil familias y se espera llegar a 5 mil en el presente a\u00f1o dot\u00e1ndoles de tinacos, l\u00e1mina, grava, cemento gris, arena, malla, arena y m\u00e1s material para construcci\u00f3n, as\u00ed como mejoramiento de vivienda.<\/p>\n<p>Gracias a la visi\u00f3n del presidente Javier Villaca\u00f1a, quien decidi\u00f3 fortalecer las estrategias recaudatorias, en el ejercicio fiscal 2014 los oaxaque\u00f1os de la capital lograron superar en m\u00e1s de 114.2 millones de pesos los ingresos propios respecto al ejercicio fiscal de 2013, lo que representa un incremento del orden del 49.5 por ciento.<\/p>\n<p>Este mejoramiento, disminuye la dependencia respecto de los Ingresos Federales, ya que hoy los ingresos propios representan un 38.5 por ciento respecto del total de ingresos, porcentaje hist\u00f3rico debido a que el m\u00e1ximo alcanzado en los \u00faltimos 6 a\u00f1os fue del 22 por ciento en 2008.<\/p>\n<p>Destaca el trabajo del Ayuntamiento capitalino, con el programa \u201cPong\u00e1monos al D\u00eda\u201d, para que aquellos ciudadanos que por diversas circunstancias se atrasaron en sus pagos, puedan actualizarse, aprovechando beneficios como descuentos y ajuste en sus obligaciones rezagadas, logrando por una parte recuperar recursos y por la otra, mejorando el acercamiento con la ciudadan\u00eda.<\/p>\n<p>&nbsp;<\/p>\n<p><strong>OTRAS ENTRADAS:<\/strong><\/p>\n<div id=\"post-23867\" class=\"post-23867 post type-post status-publish format-standard has-post-thumbnail hentry category-entradas category-especiales category-estados category-municipios category-oaxaca-estados category-politica-y-gobierno tag-ayuntamiento tag-ciudadania tag-oaxaca-de-juarez tag-obras tag-presidente tag-sociedad tag-vivienda entry loop-default border_bottom_30\">\n<h2 class=\"entry_title\"><a title=\"Enlace Permanente a Marca \u2018Verde Antequera\u2019 primeros 100 d\u00edas de Villaca\u00f1a; aqu\u00ed recuento\" href=\"http:\/\/www.eloriente.net\/home\/2014\/04\/07\/se-destinara-mas-de-100-mdp-en-agencias-municipales-en-obra-publica-javier-villacana\/\" rel=\"bookmark\">Marca \u2018Verde Antequera\u2019 primeros 100 d\u00edas de Villaca\u00f1a; aqu\u00ed recuento<\/a><\/h2>\n<p><a href=\"http:\/\/www.eloriente.net\/home\/2014\/04\/07\/se-destinara-mas-de-100-mdp-en-agencias-municipales-en-obra-publica-javier-villacana\/\" rel=\"bookmark\"><img decoding=\"async\" class=\"alignleft\" title=\"Marca \u2018Verde Antequera\u2019 primeros 100 d\u00edas de Villaca\u00f1a; aqu\u00ed recuento\" src=\"http:\/\/www.eloriente.net\/home\/wp-content\/themes\/city-desk\/timthumb.php?src=http%3A%2F%2Fwww.eloriente.net%2Fhome%2Fwp-content%2Fuploads%2F2014%2F04%2FVillaca%C3%B1a-Por-El-Oriente.jpg&amp;q=90&amp;w=160&amp;h=106&amp;zc=1\" alt=\"Marca \u2018Verde Antequera\u2019 primeros 100 d\u00edas de Villaca\u00f1a; aqu\u00ed recuento\" \/><\/a>eloriente.net 7 de abril de 2014 En las agencias municipales se destinar\u00e1n m\u00e1s de 100 millones de pesos en materia de obra p\u00fablica, as\u00ed lo dio a conocer el presidente municipal de Oaxaca de Ju\u00e1rez, Javier Villaca\u00f1a Jim\u00e9nez, en su informe de actividades a\u00a0100 d\u00edas del inicio de su gesti\u00f3n. Asimismo, se\u00f1al\u00f3 que hasta este [\u2026]<\/p>\n<p class=\"postmeta\"><span class=\"meta_date\">abril 7, 2014<\/span><\/p>\n<\/div>\n<div id=\"post-21193\" class=\"post-21193 post type-post status-publish format-standard has-post-thumbnail hentry category-entradas category-lo-mas-reciente category-municipios category-politica-y-gobierno entry loop-default border_bottom_30\">\n<h2 class=\"entry_title\"><a title=\"Enlace Permanente a Continuar con cobertura de programas sociales, solicita Villaca\u00f1a a SEDESOL\" href=\"http:\/\/www.eloriente.net\/home\/2014\/02\/19\/continuar-con-cobertura-de-programas-sociales-solicita-villacana-a-sedesol\/\" rel=\"bookmark\">Continuar con cobertura de programas sociales, solicita Villaca\u00f1a a SEDESOL<\/a><\/h2>\n<p><a href=\"http:\/\/www.eloriente.net\/home\/2014\/02\/19\/continuar-con-cobertura-de-programas-sociales-solicita-villacana-a-sedesol\/\" rel=\"bookmark\"><img decoding=\"async\" class=\"alignleft\" title=\"Continuar con cobertura de programas sociales, solicita Villaca\u00f1a a SEDESOL\" src=\"http:\/\/www.eloriente.net\/home\/wp-content\/themes\/city-desk\/timthumb.php?src=http%3A%2F%2Fwww.eloriente.net%2Fhome%2Fwp-content%2Fuploads%2F2014%2F02%2Fsedesol.jpg&amp;q=90&amp;w=160&amp;h=106&amp;zc=1\" alt=\"Continuar con cobertura de programas sociales, solicita Villaca\u00f1a a SEDESOL\" \/><\/a>eloriente.net\/Ayuntamiento de Oaxaca de Ju\u00e1rez 19 de febrero de 2014 En el marco de la reuni\u00f3n estatal con responsables afiliadas al programa de estancias infantiles para apoyar a madres trabajadoras, el Presidente Municipal de Oaxaca de Ju\u00e1rez, Javier Villaca\u00f1a Jim\u00e9nez, solicit\u00f3 a la directora general de Programas Sociales de SEDESOL, Flora Martha Ang\u00f3n Paz, contin\u00fae [\u2026]<\/p>\n<p class=\"postmeta\"><span class=\"meta_date\">febrero 19, 2014<\/span><\/p>\n<\/div>\n<p>&nbsp;<\/p>\n<p>&nbsp;<\/p>\n<p>&nbsp;<\/p>\n<p>&nbsp;<\/p>\n\n\t\t\t  <div \n\t\t\t  \tclass = \"fb-comments\" \n\t\t\t  \tdata-href = \"http:\/\/www.eloriente.net\/home\/2014\/12\/10\/respeto-reclama-villacana-en-su-primer-informe\/\"\n\t\t\t  \tdata-numposts = \"10\"\n\t\t\t\tdata-colorscheme = \"dark\"\n\t\t\t\tdata-order-by = \"social\"\n\t\t\t\tdata-mobile=true>\n\t\t\t  <\/div>\n\t\t  <style>\n\t\t\t.fb_iframe_widget_fluid_desktop iframe {\n\t\t\t    width: 100% !important;\n\t\t\t}\n\t\t  <\/style>\n\t\t  ","protected":false},"excerpt":{"rendered":"<p>eloriente.net\/Gobierno de la Ciudad* 10 de diciembre de 2014 Cumpliendo con lo establecido en los Art\u00edculos\u00a0 68, Fracci\u00f3n VII de la Ley Org\u00e1nica Municipal y 52, Fracci\u00f3n VII, del Bando de Polic\u00eda y Gobierno del Municipio de Oaxaca de Ju\u00e1rez, este mi\u00e9rcoles, el presidente municipal, Javier Villaca\u00f1a Jim\u00e9nez inform\u00f3, en sesi\u00f3n p\u00fablica y solemne, sobre [&hellip;]<\/p>\n","protected":false},"author":1,"featured_media":34595,"comment_status":"open","ping_status":"open","sticky":false,"template":"","format":"standard","meta":{"_jetpack_memberships_contains_paid_content":false,"footnotes":""},"categories":[29,1588,32,63,10,23,21,65],"tags":[2537,2377,368,3147,1140,3146,3145],"class_list":["post-34593","post","type-post","status-publish","format-standard","has-post-thumbnail","hentry","category-capital","category-comunicados-y-boletines","category-entradas","category-estados","category-lo-mas-reciente","category-municipios","category-politica-y-gobierno","category-puebla","tag-informe-de-actividades","tag-javier-villacana","tag-oaxaca-de-juarez","tag-respeto","tag-valores","tag-verde-antequera","tag-villacana"],"jetpack_featured_media_url":"http:\/\/www.eloriente.net\/home\/wp-content\/uploads\/2014\/12\/VILLACAN\u0303A-INFORME.jpg","jetpack_sharing_enabled":true,"_links":{"self":[{"href":"http:\/\/www.eloriente.net\/home\/wp-json\/wp\/v2\/posts\/34593"}],"collection":[{"href":"http:\/\/www.eloriente.net\/home\/wp-json\/wp\/v2\/posts"}],"about":[{"href":"http:\/\/www.eloriente.net\/home\/wp-json\/wp\/v2\/types\/post"}],"author":[{"embeddable":true,"href":"http:\/\/www.eloriente.net\/home\/wp-json\/wp\/v2\/users\/1"}],"replies":[{"embeddable":true,"href":"http:\/\/www.eloriente.net\/home\/wp-json\/wp\/v2\/comments?post=34593"}],"version-history":[{"count":1,"href":"http:\/\/www.eloriente.net\/home\/wp-json\/wp\/v2\/posts\/34593\/revisions"}],"predecessor-version":[{"id":34596,"href":"http:\/\/www.eloriente.net\/home\/wp-json\/wp\/v2\/posts\/34593\/revisions\/34596"}],"wp:featuredmedia":[{"embeddable":true,"href":"http:\/\/www.eloriente.net\/home\/wp-json\/wp\/v2\/media\/34595"}],"wp:attachment":[{"href":"http:\/\/www.eloriente.net\/home\/wp-json\/wp\/v2\/media?parent=34593"}],"wp:term":[{"taxonomy":"category","embeddable":true,"href":"http:\/\/www.eloriente.net\/home\/wp-json\/wp\/v2\/categories?post=34593"},{"taxonomy":"post_tag","embeddable":true,"href":"http:\/\/www.eloriente.net\/home\/wp-json\/wp\/v2\/tags?post=34593"}],"curies":[{"name":"wp","href":"https:\/\/api.w.org\/{rel}","templated":true}]}}