{"id":34623,"date":"2014-12-14T00:00:39","date_gmt":"2014-12-14T06:00:39","guid":{"rendered":"http:\/\/www.eloriente.net\/home\/?p=34623"},"modified":"2014-12-12T11:24:03","modified_gmt":"2014-12-12T17:24:03","slug":"educacion-ambiental-limites-y-alcances","status":"publish","type":"post","link":"http:\/\/www.eloriente.net\/home\/2014\/12\/14\/educacion-ambiental-limites-y-alcances\/","title":{"rendered":"Educaci\u00f3n ambiental: L\u00edmites y alcances"},"content":{"rendered":"<p style=\"text-align: right;\"><em>Tuve que interrumpir mi educaci\u00f3n para ir a la escuela<\/em><\/p>\n<p style=\"text-align: right;\">George Bernard Shaw<\/p>\n<p>(<a href=\"http:\/\/www.eloriente.net\" target=\"_blank\">www.eloriente.net<\/a>, M\u00e9xico, 14 de diciembre 2014; por <a href=\"http:\/\/www.eloriente.net\/home\/category\/colaboradores\/juan-jose-consejo\/\" target=\"_blank\">Juan Jos\u00e9 Consejo<\/a>*).- Ahora que se han hecho p\u00fablicos los resultados de la cuestionada prueba Enlace, hoy que se discute, por en\u00e9sima vez, la grave crisis educativa nacional o su condici\u00f3n local, especialmente aguda, el tema de la educaci\u00f3n ambiental merece consideraciones. En este breve espacio apenas cabe esbozar algunas notas.<\/p>\n<p>La educaci\u00f3n ambiental, como la ecolog\u00eda, ha pasado a ser con rapidez algo conocido y prestigiado. Los llamados educadores ambientales, profesionales hace poco desconocidos, trabajan hoy en muy diversos \u00e1mbitos, realizan simposios y talleres, constituyen asociaciones. Y todo eso est\u00e1 muy bien, al parecer. Despu\u00e9s de todo, la profunda crisis ambiental que padecemos en Oaxaca, que en realidad se extiende al planeta entero, s\u00f3lo podr\u00e1 ser superada con cambios igualmente profundos en las actitudes de la sociedad, y el aprendizaje es decisivo para lograr tales cambios.<\/p>\n<p>Pero encontramos dificultades al tratar de definir la educaci\u00f3n ambiental. Para algunos se trata de incluir, en los programas escolares y extraescolares, los principios y conceptos de la ciencia ecol\u00f3gica; los t\u00e9rminos que usan ya nos son familiares: cadenas alimenticias, ecosistemas, ciclos de nutrientes. Para otros, en el \u00e1mbito de los ambientalistas, su finalidad debe ser m\u00e1s bien contribuir a ajustar el modo de vida moderno a principios de eficiencia y \u00ablimpieza\u00bb en el uso de la naturaleza: el tan mentado desarrollo sustentable; un amplio rango de temas pueden incluirse en este enfoque: ahorrar agua, separar basura, buscar leyes m\u00e1s estrictas contra la contaminaci\u00f3n. Para unos m\u00e1s, finalmente, una corriente bien representada por Freyre y que es muy vigorosa en Oaxaca, la educaci\u00f3n es una herramienta del cambio social, y entonces la educaci\u00f3n ambiental debe ir m\u00e1s all\u00e1 y cuestionar de manera radical los fundamentos de la sociedad moderna, tan rapaz y despilfarradora con la naturaleza como injusta con las mayor\u00edas sociales.<\/p>\n<p>A\u00fan sin considerar otras corrientes y sectores, desde la new age hasta los fundamentalismos de colores varios, se ve que muchas cosas muy diversas pueden echarse en ese gran saco que se ha llamado educaci\u00f3n ambiental. Si no queremos que sea adem\u00e1s un saco roto, deberemos se\u00f1alar sus l\u00edmites y alcances y esclarecer su discurso, sus implicaciones ideol\u00f3gicas. Tratar\u00e9 de ir por ah\u00ed en temas que me parecen especialmente pertinentes en Oaxaca: la escuela, la ciencia, el agua, el binomio campo-ciudad.<\/p>\n<p>Si hay una instituci\u00f3n que representa las aspiraciones educativas de la sociedad moderna es la escuela. Es entonces l\u00f3gico que una porci\u00f3n muy considerable de las iniciativas de educaci\u00f3n ambiental se concentren en torno a ella, en todos sus niveles. Y muchos pueden juzgar sus logros como positivos, si acaso no suficientemente r\u00e1pidos; los curricula escolares, desde el k\u00ednder hasta los estudios de posgrado, tienen cada vez m\u00e1s contenidos ecol\u00f3gicos y ambientales.<\/p>\n<p>Pero no podemos soslayar que las instituciones escolares en su conjunto padecen una severa y prolongada crisis, que va mucho m\u00e1s all\u00e1 de las tradicionales carencias locales, como deficiente preparaci\u00f3n de maestros, falta de materiales y aulas o deserci\u00f3n de alumnos. Despu\u00e9s de muchos a\u00f1os de buscar reformas escolares de todos tipos, y ante el fracaso de un sinfin de esfuerzos que parec\u00edan alternativas, muchos educadores y pensadores han conclu\u00eddo que las opciones reales de cambio est\u00e1n fuera de la escuela, aqu\u00ed o en Suiza. Iv\u00e1n Ilich describe esto como la contraproductividad de las instituciones modernas: as\u00ed como el drenaje, que deber\u00eda mejorar el saneamiento, produce mayor contaminaci\u00f3n, o el aparato de salud produce enfermedades, la escuela, al tiempo que reproduce los valores dominantes, produce ignorancia. En este contexto, la educaci\u00f3n ambiental escolar, lograr\u00e1 en el mejor de los casos escu\u00e1lidos cambios. No se trata, empero, de desestimar los esfuerzos de educaci\u00f3n ambiental en el marco escolar, sino de reconocer sus l\u00edmites y su car\u00e1cter a contracorriente.<\/p>\n<p>Por otra parte, un gran sector de educadores ambientales se basa en la ciencia ecol\u00f3gica. Eso puede darle formalidad a su trabajo, pero a veces se olvida que la ciencia no es neutra; muchos ec\u00f3logos, sobre la base de la metodolog\u00eda positivista y con su lenguaje de sistemas, intentan no s\u00f3lo explicar el mundo, sino dictarle sus imperativos \u00e9ticos y ven con desprecio ideas menos antropoc\u00e9ntricas y m\u00e1s locales. La ciencia oficial tiende a chocar cada vez m\u00e1s con otras percepciones del mundo, como las cosmovisiones de las culturas ancestrales oaxaque\u00f1as. A sabiendas o no, el educador ambiental puede transmitir discursos enormemente perniciosos, por ejemplo que \u00ablos indios o los campesinos est\u00e1n \u00b4atrasados\u00b4, no saben\u00bb y que el know how que puede salvarnos de la debacle ecol\u00f3gica reside fundamentalmente en la ciencia y la t\u00e9cnica modernas.<\/p>\n<p>Si el agua es un tema clave de la agenda ambiental deber\u00e1 serlo por ende en los esfuerzos de educaci\u00f3n ambiental. Un acercamiento apropiado podr\u00eda distinguir niveles: el biol\u00f3gico &#8211;en el que el agua es imprescindible&#8211;, el ecol\u00f3gico &#8211;en el que destaca el car\u00e1cter din\u00e1mico y complejo del ciclo del agua&#8211;, y el social, donde es determinante el modo en que nos relacionamos con el agua, ya que esta relaci\u00f3n es la ra\u00edz de nuestros graves predicamentos actuales. No hemos referido a estos aspectos en anteriores entregas de esta secci\u00f3n, pero tal vez podemos resumir el concepto central diciendo que el agua es com\u00fan y corriente. Es com\u00fan en el sentido de que es muy abundante tanto en los organismos vivos como en la naturaleza, pero tambi\u00e9n porque la necesitamos todos, nos pertenece a todos y a todos ata\u00f1e su cuidado. Es corriente porque siempre est\u00e1 en movimiento, fluye y cambia de lugares y de estado f\u00edsico. Entender esto es b\u00e1sico para llevarnos bien con ella.<\/p>\n<p>Una corriente importante del movimeinto ecologista se origin\u00f3 y fortaleci\u00f3 en las ciudades, tanto en el Norte como en el Sur. Sus visiones acerca de los problemas ambientales y las soluciones tienen ese sesgo urbano, que se transfiere a muchas iniciativas de educaci\u00f3n ambiental. El cambio de conciencia que se propugna es una especie de encuentro con la naturaleza, que podemos describir como la actitud del boy scout, los problemas cr\u00edticos por enfrentar son casi exclusivamente la contaminaci\u00f3n del aire, la basura, la escasez de agua. En un estado todav\u00eda predominantemente rural como Oaxaca la incongruencia es evidente y la adaptaci\u00f3n acr\u00edtica de muchos programas de educaci\u00f3n ambiental urbana a las comunidades suele ser fuente de rechazo.<\/p>\n<p>El suma, las corrientes dominantes de la educaci\u00f3n ambiental, por limitaciones del entorno social en que se mueven as\u00ed como por su propio discurso, son ineficaces para contribuir el cambio que requerimos, especialmente en las peculiares condiciones de Oaxaca. Los sistemas educativos, dentro y fuera de la escuela, est\u00e1n moldeando conciencias y creando capacidades relacionadas con un mundo global, especializado, altamente tecnificado y competitivo, y b\u00e1sicamente urbano. Pero acaso mucho de lo que nos permitir\u00e1 enfrentar los grandes retos del fin del milenio est\u00e1 m\u00e1s bien en el \u00e1mbito del ninguneado mundo rural y campesino y la cosmovisi\u00f3n ind\u00edgena: la noci\u00f3n de pertenencia al lugar, el conocimiento preciso de su ambiente, el amor por la tierra, la frugalidad, la solidaridad, las destrezas m\u00faltiples, en particular las relacionadas con producir comida y cuidar el agua. Y eso no s\u00f3lo est\u00e1 perdi\u00e9ndose aceleradamente, sino que tampoco est\u00e1 ense\u00f1\u00e1ndose hoy en d\u00eda, ni en la ciudad ni en el campo.<\/p>\n<p>Tal vez el reto principal de la educaci\u00f3n ambiental sea enfrentar ese absurdo. Quiz\u00e1 entonces s\u00ed cumpla con el viejo adagio chino: \u00absi haces planes a un a\u00f1o siembra arroz, si los haces a diez a\u00f1os siembra \u00e1rboles, si planeas a cien, ense\u00f1a\u00bb.<\/p>\n<p>Instituto de la Naturaleza y la Sociedad de Oaxaca (INSO)<br \/>\n<a href=\"mailto:jjconsejo@hotmail.com\" target=\"_blank\">jjconsejo@hotmail.com<\/a><\/p>\n<p><a href=\"http:\/\/www.eloriente.net\/home\/wp-content\/uploads\/2014\/12\/Educaci\u00f3n-Ambiental-Huerta-Agroecol\u00f3gica.jpg\"><img loading=\"lazy\" decoding=\"async\" class=\"alignnone size-medium wp-image-34626\" src=\"http:\/\/www.eloriente.net\/home\/wp-content\/uploads\/2014\/12\/Educaci\u00f3n-Ambiental-Huerta-Agroecol\u00f3gica-300x225.jpg\" alt=\"Educaci\u00f3n Ambiental - Huerta Agroecol\u00f3gica\" width=\"300\" height=\"225\" srcset=\"http:\/\/www.eloriente.net\/home\/wp-content\/uploads\/2014\/12\/Educaci\u00f3n-Ambiental-Huerta-Agroecol\u00f3gica-300x225.jpg 300w, http:\/\/www.eloriente.net\/home\/wp-content\/uploads\/2014\/12\/Educaci\u00f3n-Ambiental-Huerta-Agroecol\u00f3gica-1024x768.jpg 1024w, http:\/\/www.eloriente.net\/home\/wp-content\/uploads\/2014\/12\/Educaci\u00f3n-Ambiental-Huerta-Agroecol\u00f3gica.jpg 2048w\" sizes=\"(max-width: 300px) 100vw, 300px\" \/><\/a><\/p>\n<p>Foto:\u00a0<a id=\"yui_3_16_0_1_1418402823870_1196\" class=\"owner-name truncate\" title=\"Ir a la galer\u00eda de Huerta Agroecol\u00f3gica Comunitaria &quot;Cantarranas&quot; y \" href=\"https:\/\/www.flickr.com\/photos\/huertoagroecologicoucm\/\" data-track=\"attributionNameClick\" data-rapid_p=\"23\">Huerta Agroecol\u00f3gica<\/a>\u00a0&#8211;\u00a0<a class=\"photo-license-url\" href=\"https:\/\/creativecommons.org\/licenses\/by-sa\/2.0\/\" target=\"_newtab\" rel=\"license cc:license\" data-rapid_p=\"36\"> Algunos derechos reservados<\/a><\/p>\n<p><strong>Entradas relacionadas:<\/strong><\/p>\n<div id=\"post-34454\" class=\"post-34454 post type-post status-publish format-standard has-post-thumbnail hentry category-capital category-colaboradores category-entradas category-juan-jose-consejo category-lo-mas-reciente category-medio-ambiente category-oaxaca-estados tag-automoviles tag-transito tag-transporte tag-vehiculos entry loop-default border_bottom_30\">\n<p class=\"entry_title\"><a title=\"Enlace Permanente a Cerrar el centro de Oaxaca al tr\u00e1nsito de veh\u00edculos\" href=\"http:\/\/www.eloriente.net\/home\/2014\/12\/07\/cerrar-el-centro-de-oaxaca-al-transito-de-vehiculos\/\" rel=\"bookmark\">Cerrar el centro de Oaxaca al tr\u00e1nsito de veh\u00edculos<\/a><\/p>\n<p><a href=\"http:\/\/www.eloriente.net\/home\/2014\/12\/07\/cerrar-el-centro-de-oaxaca-al-transito-de-vehiculos\/\" rel=\"bookmark\"><img decoding=\"async\" class=\"alignleft\" title=\"Cerrar el centro de Oaxaca al tr\u00e1nsito de veh\u00edculos\" src=\"http:\/\/www.eloriente.net\/home\/wp-content\/themes\/city-desk\/timthumb.php?src=http%3A%2F%2Fwww.eloriente.net%2Fhome%2Fwp-content%2Fuploads%2F2012%2F12%2Furbano_oaxaca.jpg&amp;q=90&amp;w=160&amp;h=106&amp;zc=1\" alt=\"Cerrar el centro de Oaxaca al tr\u00e1nsito de veh\u00edculos\" \/><\/a>Tras haber asesinado a la ciudad, es el propio coche el que asesina al coche Michel Bosquet (www.eloriente.net, Oaxaca, 7 de diciembre 2014; por Juan Jos\u00e9 Consejo).- He abordado aqu\u00ed en otras ocasiones el tema de la vialidad y el transporte, en el contexto m\u00e1s amplio de la imprescindible discusi\u00f3n de los sue\u00f1os y las [\u2026]<\/p>\n<div class=\"toolbar-social\">\n<div class=\"social-widget\">\n<div id=\"sharing-widget\"><a class=\"button icon-share\">Compartir<\/a><\/div>\n<\/div>\n<\/div>\n<p class=\"postmeta\"><span class=\"meta_date\">diciembre 7, 2014<\/span><\/p>\n<\/div>\n<div id=\"post-34309\" class=\"post-34309 post type-post status-publish format-standard has-post-thumbnail hentry category-colaboradores category-entradas category-juan-jose-consejo category-lo-mas-reciente category-medio-ambiente category-oaxaca-estados tag-agua tag-drenaje entry loop-default border_bottom_30\">\n<p class=\"entry_title\"><a title=\"Enlace Permanente a Diluye, aleja y olvida\" href=\"http:\/\/www.eloriente.net\/home\/2014\/11\/30\/diluye-aleja-y-olvida\/\" rel=\"bookmark\">Diluye, aleja y olvida<\/a><\/p>\n<p><a href=\"http:\/\/www.eloriente.net\/home\/2014\/11\/30\/diluye-aleja-y-olvida\/\" rel=\"bookmark\"><img decoding=\"async\" class=\"alignleft\" title=\"Diluye, aleja y olvida\" src=\"http:\/\/www.eloriente.net\/home\/wp-content\/themes\/city-desk\/timthumb.php?src=http%3A%2F%2Fwww.eloriente.net%2Fhome%2Fwp-content%2Fuploads%2F2014%2F11%2FAgua.jpg&amp;q=90&amp;w=160&amp;h=106&amp;zc=1\" alt=\"Diluye, aleja y olvida\" \/><\/a>No hay duda de que las cloacas de Par\u00eds han sido por milenios la enfermedad de la ciudad, la herida abierta que se encona en su fondo\u2026 V\u00edctor Hugo (www.eloriente.net, M\u00e9xico, 28 de noviembre\/2014; por Juan Jos\u00e9 Consejo y Laura L\u00f3pez L\u00f3pez).- El drenaje y el W.C. son probablemente de los emblemas m\u00e1s distintivos de [\u2026]<\/p>\n<div class=\"toolbar-social\">\n<div class=\"social-widget\">\n<div id=\"sharing-widget\"><a class=\"button icon-share\">Compartir<\/a><\/div>\n<\/div>\n<\/div>\n<p class=\"postmeta\"><span class=\"meta_date\">noviembre 30, 2014<\/span><\/p>\n<\/div>\n<div id=\"post-34133\" class=\"post-34133 post type-post status-publish format-standard has-post-thumbnail hentry category-colaboradores category-entradas category-juan-jose-consejo category-lo-mas-reciente category-medio-ambiente category-oaxaca-estados tag-ciclo-del-agua entry loop-default border_bottom_30\">\n<p class=\"entry_title\"><a title=\"Enlace Permanente a El ciclo del agua y la ciudad\" href=\"http:\/\/www.eloriente.net\/home\/2014\/11\/23\/el-ciclo-del-agua-y-la-ciudad\/\" rel=\"bookmark\">El ciclo del agua y la ciudad<\/a><\/p>\n<p><a href=\"http:\/\/www.eloriente.net\/home\/2014\/11\/23\/el-ciclo-del-agua-y-la-ciudad\/\" rel=\"bookmark\"><img decoding=\"async\" class=\"alignleft\" title=\"El ciclo del agua y la ciudad\" src=\"http:\/\/www.eloriente.net\/home\/wp-content\/themes\/city-desk\/timthumb.php?src=http%3A%2F%2Fwww.eloriente.net%2Fhome%2Fwp-content%2Fuploads%2F2014%2F11%2FCiclo-del-agua.jpg&amp;q=90&amp;w=160&amp;h=106&amp;zc=1\" alt=\"El ciclo del agua y la ciudad\" \/><\/a>eloriente.net 23\/noviembre\/2014 Por Juan Jos\u00e9 Consejo La gota de agua que da la nube como regalo para la flor en vapor se desvanece cuando la calienta el sol y nuevamente al cielo sube hasta la nube que la form\u00f3\u2026 Cricr\u00ed. El chorrito Ahora que la temporada de lluvias est\u00e1 plenamente instalada en Oaxaca se hace [\u2026]<\/p>\n<div class=\"toolbar-social\">\n<div class=\"social-widget\">\n<div id=\"sharing-widget\"><a class=\"button icon-share\">Compartir<\/a><\/div>\n<\/div>\n<\/div>\n<p class=\"postmeta\"><span class=\"meta_date\">noviembre 23, 2014<\/span><\/p>\n<\/div>\n\n\t\t\t  <div \n\t\t\t  \tclass = \"fb-comments\" \n\t\t\t  \tdata-href = \"http:\/\/www.eloriente.net\/home\/2014\/12\/14\/educacion-ambiental-limites-y-alcances\/\"\n\t\t\t  \tdata-numposts = \"10\"\n\t\t\t\tdata-colorscheme = \"dark\"\n\t\t\t\tdata-order-by = \"social\"\n\t\t\t\tdata-mobile=true>\n\t\t\t  <\/div>\n\t\t  <style>\n\t\t\t.fb_iframe_widget_fluid_desktop iframe {\n\t\t\t    width: 100% !important;\n\t\t\t}\n\t\t  <\/style>\n\t\t  ","protected":false},"excerpt":{"rendered":"<p>Tuve que interrumpir mi educaci\u00f3n para ir a la escuela George Bernard Shaw (www.eloriente.net, M\u00e9xico, 14 de diciembre 2014; por Juan Jos\u00e9 Consejo*).- Ahora que se han hecho p\u00fablicos los resultados de la cuestionada prueba Enlace, hoy que se discute, por en\u00e9sima vez, la grave crisis educativa nacional o su condici\u00f3n local, especialmente aguda, el [&hellip;]<\/p>\n","protected":false},"author":35,"featured_media":34626,"comment_status":"open","ping_status":"open","sticky":false,"template":"","format":"standard","meta":{"_jetpack_memberships_contains_paid_content":false,"footnotes":""},"categories":[11,18,32,2778,10,20],"tags":[3154],"class_list":["post-34623","post","type-post","status-publish","format-standard","has-post-thumbnail","hentry","category-colaboradores","category-educacion-y-cultura","category-entradas","category-juan-jose-consejo","category-lo-mas-reciente","category-medio-ambiente","tag-educiacion-ambiental"],"jetpack_featured_media_url":"http:\/\/www.eloriente.net\/home\/wp-content\/uploads\/2014\/12\/Educaci\u00f3n-Ambiental-Huerta-Agroecol\u00f3gica.jpg","jetpack_sharing_enabled":true,"_links":{"self":[{"href":"http:\/\/www.eloriente.net\/home\/wp-json\/wp\/v2\/posts\/34623"}],"collection":[{"href":"http:\/\/www.eloriente.net\/home\/wp-json\/wp\/v2\/posts"}],"about":[{"href":"http:\/\/www.eloriente.net\/home\/wp-json\/wp\/v2\/types\/post"}],"author":[{"embeddable":true,"href":"http:\/\/www.eloriente.net\/home\/wp-json\/wp\/v2\/users\/35"}],"replies":[{"embeddable":true,"href":"http:\/\/www.eloriente.net\/home\/wp-json\/wp\/v2\/comments?post=34623"}],"version-history":[{"count":2,"href":"http:\/\/www.eloriente.net\/home\/wp-json\/wp\/v2\/posts\/34623\/revisions"}],"predecessor-version":[{"id":34629,"href":"http:\/\/www.eloriente.net\/home\/wp-json\/wp\/v2\/posts\/34623\/revisions\/34629"}],"wp:featuredmedia":[{"embeddable":true,"href":"http:\/\/www.eloriente.net\/home\/wp-json\/wp\/v2\/media\/34626"}],"wp:attachment":[{"href":"http:\/\/www.eloriente.net\/home\/wp-json\/wp\/v2\/media?parent=34623"}],"wp:term":[{"taxonomy":"category","embeddable":true,"href":"http:\/\/www.eloriente.net\/home\/wp-json\/wp\/v2\/categories?post=34623"},{"taxonomy":"post_tag","embeddable":true,"href":"http:\/\/www.eloriente.net\/home\/wp-json\/wp\/v2\/tags?post=34623"}],"curies":[{"name":"wp","href":"https:\/\/api.w.org\/{rel}","templated":true}]}}