{"id":34633,"date":"2014-12-12T11:41:07","date_gmt":"2014-12-12T17:41:07","guid":{"rendered":"http:\/\/www.eloriente.net\/home\/?p=34633"},"modified":"2014-12-12T11:41:39","modified_gmt":"2014-12-12T17:41:39","slug":"che-guevara-y-fidel-castro-en-mexico","status":"publish","type":"post","link":"http:\/\/www.eloriente.net\/home\/2014\/12\/12\/che-guevara-y-fidel-castro-en-mexico\/","title":{"rendered":"Cuando \u00abChe\u00bb Guevara y los Castro estuvieron en M\u00e9xico"},"content":{"rendered":"<p>eloriente.net \/ <a href=\"http:\/\/www.uabjo.mx\/\" target=\"_blank\">UABJO<\/a><\/p>\n<p>12\/diciembre\/2014<\/p>\n<p>La Universidad Aut\u00f3noma \u201cBenito Ju\u00e1rez\u201d de Oaxaca (UABJO), siempre abierta a la difusi\u00f3n y promoci\u00f3n de conocimientos e investigaci\u00f3n; fue sede de la presentaci\u00f3n de las \u201cMemorias del due\u00f1o del Yate Granma\u201d, libro en el cual se describe la historia documentada de la presencia de Fidel Castro, Ra\u00fal y Ernesto \u201cChe\u201d Guevara en M\u00e9xico, para ello se cont\u00f3 con la asistencia del propio autor, Antonio del Conde \u201cEl cuate\u201d.<\/p>\n<p>En presencia de un nutrido p\u00fablico que se dio cita en el paraninfo de la Universidad, la doctora Margarita Dalton, hizo algunos comentarios respecto al contenido del libro, mencion\u00f3 que se trata de un importante trabajo, donde se describen las haza\u00f1as del <em>movimiento 26 de julio, <\/em> liderado por Fidel Castro, desde la voz de \u201cEl cuate\u201d, quien vivi\u00f3 el proceso hasta el triunfo de la Revoluci\u00f3n Cubana.<\/p>\n<p>Otro de los comentaristas del libro fue el Ingeniero Eleona\u00ed Rivera Hern\u00e1ndez, quien adem\u00e1s coordin\u00f3 los trabajos para hacer posible dicho acto. Durante su participaci\u00f3n hizo menci\u00f3n de que se trata de una narraci\u00f3n de las vivencias que tuvo el autor con Fidel y Ernesto.<\/p>\n<p>As\u00ed, al tomar la palabra Antonio del Conde Pontones inici\u00f3 su relato, comentando que se encontraba en el mostrador de su armer\u00eda, ubicada en la calle Revillagigedo No.47, en el centro de Ciudad M\u00e9xico, cuando entr\u00f3 Fidel acompa\u00f1ado por otras personas que se quedaron sentadas a la entrada del local.<\/p>\n<p>Le despert\u00f3 curiosidad que aquel cliente, sin dudas, extranjero y suramericano, le preguntara a secas: \u201c\u00bfTiene usted acciones de mecanismos belgas?\u201d. Esos accesorios solo se vend\u00edan en casos especiales a coleccionistas norteamericanos o se utilizaban en su taller para armar fusiles de diferentes ca\u00f1ones y calibres.<\/p>\n<p>Aunque las piezas se exhib\u00edan en una\u00a0 vitrina, el\u00a0 cliente no le pidi\u00f3 que se las mostrara, no pregunt\u00f3 sobre series, calibres o posibles adaptaciones de ca\u00f1ones, ni hizo comentario alguno. Evidentemente, no se trataba de un coleccionista.<\/p>\n<p>Antes de finalizar aquel primer contacto, Fidel Castro y Antonio del Conde hablaron de armas, cartuchos, calibres, acciones de mecanismo y su uso en general. El empresario propuso que los pr\u00f3ximos encuentros fuesen en alg\u00fan punto de la ciudad, previamente escogido y diferente cada vez. De esta manera, el cubano evitaba ser visto en la armer\u00eda y del Conde tampoco se expondr\u00eda. La entrevista termin\u00f3 por parte del usuario con un escueto \u00abEspere usted mi llamada\u00bb.<\/p>\n<p>Y as\u00ed continu\u00f3 su relato vivencial del contenido del libro, en cuyas p\u00e1ginas del libro se encuentra todo lo relacionado a la estancia del Presidente Fidel Castro en M\u00e9xico, tiempo durante el cual preparar\u00e1 la invasi\u00f3n armada a Cuba a fin de derrocar al gobierno dictatorial sostenido en base al crimen, robo y corrupci\u00f3n.<\/p>\n<p>Cabe mencionar que el mexicano del Conde (El Cuate) fue uno de los colaboradores m\u00e1s importantes del l\u00edder cubano durante los preparativos de aquella expedici\u00f3n, que en 1956 partiera del puerto de Tuxpan, en el estado de Veracruz, y llegara a la costa del oriente cubano.<\/p>\n<p><a href=\"http:\/\/www.eloriente.net\/home\/wp-content\/uploads\/2014\/12\/Presentaci\u00f3n-El-Yate-de-Granama-UABJO.jpg\"><img loading=\"lazy\" decoding=\"async\" class=\"alignnone size-medium wp-image-34634\" src=\"http:\/\/www.eloriente.net\/home\/wp-content\/uploads\/2014\/12\/Presentaci\u00f3n-El-Yate-de-Granama-UABJO-300x200.jpg\" alt=\"Presentaci\u00f3n El Yate de Granama - UABJO\" width=\"300\" height=\"200\" srcset=\"http:\/\/www.eloriente.net\/home\/wp-content\/uploads\/2014\/12\/Presentaci\u00f3n-El-Yate-de-Granama-UABJO-300x200.jpg 300w, http:\/\/www.eloriente.net\/home\/wp-content\/uploads\/2014\/12\/Presentaci\u00f3n-El-Yate-de-Granama-UABJO-1024x682.jpg 1024w\" sizes=\"(max-width: 300px) 100vw, 300px\" \/><\/a><\/p>\n<p>Foto: UABJO<\/p>\n<p><strong>Entradas relacionadas:<\/strong><\/p>\n<div id=\"post-34577\" class=\"post-34577 post type-post status-publish format-standard has-post-thumbnail hentry category-comunicados-y-boletines category-educacion-y-cultura category-entradas category-lo-mas-reciente category-oaxaca-estados category-universidades tag-uabjo entry loop-default border_bottom_30\">\n<p class=\"entry_title\"><a title=\"Enlace Permanente a La Reforma Pol\u00edtico Electoral y sus nuevos especialistas\" href=\"http:\/\/www.eloriente.net\/home\/2014\/12\/10\/la-reforma-politico-electoral-y-sus-nuevos-especialistas\/\" rel=\"bookmark\">La Reforma Pol\u00edtico Electoral y sus nuevos especialistas<\/a><\/p>\n<p><a href=\"http:\/\/www.eloriente.net\/home\/2014\/12\/10\/la-reforma-politico-electoral-y-sus-nuevos-especialistas\/\" rel=\"bookmark\"><img decoding=\"async\" class=\"alignleft\" title=\"La Reforma Pol\u00edtico Electoral y sus nuevos especialistas\" src=\"http:\/\/www.eloriente.net\/home\/wp-content\/themes\/city-desk\/timthumb.php?src=http%3A%2F%2Fwww.eloriente.net%2Fhome%2Fwp-content%2Fuploads%2F2014%2F12%2F10.jpg&amp;q=90&amp;w=160&amp;h=106&amp;zc=1\" alt=\"La Reforma Pol\u00edtico Electoral y sus nuevos especialistas\" \/><\/a>eloriente.net \/ UABJO 10\/diciembre\/2014 Concluye Diplomado en Derecho Electoral en la UABJO \u2022 La actividad fue resultado de las acciones conjuntas entre el INE y la Universidad De manera reciente concluy\u00f3 el Diplomado en Derecho Electoral realizado a trav\u00e9s de las acciones conjuntas entre la Universidad Aut\u00f3noma \u201cBenito Ju\u00e1rez\u201d de Oaxaca (UABJO) y el Instituto [\u2026]<\/p>\n<div class=\"toolbar-social\">\n<div class=\"social-widget\">\n<div id=\"sharing-widget\"><a class=\"button icon-share\">Compartir<\/a><\/div>\n<\/div>\n<\/div>\n<p class=\"postmeta\"><span class=\"meta_date\">diciembre 10, 2014<\/span><\/p>\n<\/div>\n<div id=\"post-34514\" class=\"post-34514 post type-post status-publish format-standard has-post-thumbnail hentry category-comunicados-y-boletines category-educacion-y-cultura category-entradas category-lo-mas-reciente category-oaxaca-estados category-universidades tag-uabjo entry loop-default border_bottom_30\">\n<p class=\"entry_title\"><a title=\"Enlace Permanente a Convocatoria UABJO: Renovaci\u00f3n del Honorable Consejo Universitario\" href=\"http:\/\/www.eloriente.net\/home\/2014\/12\/08\/convocatoria-uabjo-renovacion-del-honorable-consejo-universitario\/\" rel=\"bookmark\">Convocatoria UABJO: Renovaci\u00f3n del Honorable Consejo Universitario<\/a><\/p>\n<p><a href=\"http:\/\/www.eloriente.net\/home\/2014\/12\/08\/convocatoria-uabjo-renovacion-del-honorable-consejo-universitario\/\" rel=\"bookmark\"><img decoding=\"async\" class=\"alignleft\" title=\"Convocatoria UABJO: Renovaci\u00f3n del Honorable Consejo Universitario\" src=\"http:\/\/www.eloriente.net\/home\/wp-content\/themes\/city-desk\/timthumb.php?src=http%3A%2F%2Fwww.eloriente.net%2Fhome%2Fwp-content%2Fuploads%2F2014%2F12%2F071.jpg&amp;q=90&amp;w=160&amp;h=106&amp;zc=1\" alt=\"Convocatoria UABJO: Renovaci\u00f3n del Honorable Consejo Universitario\" \/><\/a>La convocatoria puede ser consultada en uabjo.mx (www.eloriente.net \/ UABJO, Oaxaca, 8 de diciembre 2014).- El rector de la Universidad Aut\u00f3noma \u201cBenito Ju\u00e1rez\u201d de Oaxaca (UABJO), Eduardo Mart\u00ednez Helmes inform\u00f3 que ya se encuentra publicada en la p\u00e1gina de la Universidad, www.uabjo.mx, la convocatoria correspondiente al proceso de elecci\u00f3n para renovar el Honorable Consejo Universitario. [\u2026]<\/p>\n<div class=\"toolbar-social\">\n<div class=\"social-widget\">\n<div id=\"sharing-widget\"><a class=\"button icon-share\">Compartir<\/a><\/div>\n<\/div>\n<\/div>\n<p class=\"postmeta\"><span class=\"meta_date\">diciembre 8, 2014<\/span><\/p>\n<\/div>\n<div id=\"post-34407\" class=\"post-34407 post type-post status-publish format-standard has-post-thumbnail hentry category-educacion-y-cultura category-entradas category-gastronomia category-lo-mas-reciente category-oaxaca-estados category-universidades tag-uabjo entry loop-default border_bottom_30\">\n<p class=\"entry_title\"><a title=\"Enlace Permanente a Alumnos oaxaque\u00f1os en El saber del sabor 2014\" href=\"http:\/\/www.eloriente.net\/home\/2014\/12\/03\/alumnos-oaxaquenos-en-el-saber-del-sabor-2014\/\" rel=\"bookmark\">Alumnos oaxaque\u00f1os en El saber del sabor 2014<\/a><\/p>\n<p><a href=\"http:\/\/www.eloriente.net\/home\/2014\/12\/03\/alumnos-oaxaquenos-en-el-saber-del-sabor-2014\/\" rel=\"bookmark\"><img decoding=\"async\" class=\"alignleft\" title=\"Alumnos oaxaque\u00f1os en El saber del sabor 2014\" src=\"http:\/\/www.eloriente.net\/home\/wp-content\/themes\/city-desk\/timthumb.php?src=http%3A%2F%2Fwww.eloriente.net%2Fhome%2Fwp-content%2Fuploads%2F2014%2F12%2F03.jpg&amp;q=90&amp;w=160&amp;h=106&amp;zc=1\" alt=\"Alumnos oaxaque\u00f1os en El saber del sabor 2014\" \/><\/a>(www.eloriente.net \/ UABJO, 3 de diciembre 2014).- Estudiantes de la Licenciatura en Gastronom\u00eda de la Universidad Aut\u00f3noma \u201cBenito Ju\u00e1rez\u201d de Oaxaca (UABJO), participaron en la sexta edici\u00f3n del Festival Culinario \u201cEl saber del sabor\u201d, el cual se presenta como un espacio de creaci\u00f3n y reflexi\u00f3n culinaria que muestra las tradiciones, la riqueza y diversidad cultural [\u2026]<\/p>\n<div class=\"toolbar-social\">\n<div class=\"social-widget\">\n<div id=\"sharing-widget\"><a class=\"button icon-share\">Compartir<\/a><\/div>\n<\/div>\n<\/div>\n<p class=\"postmeta\"><span class=\"meta_date\">diciembre 3, 2014<\/span><\/p>\n<\/div>\n\n\t\t\t  <div \n\t\t\t  \tclass = \"fb-comments\" \n\t\t\t  \tdata-href = \"http:\/\/www.eloriente.net\/home\/2014\/12\/12\/che-guevara-y-fidel-castro-en-mexico\/\"\n\t\t\t  \tdata-numposts = \"10\"\n\t\t\t\tdata-colorscheme = \"dark\"\n\t\t\t\tdata-order-by = \"social\"\n\t\t\t\tdata-mobile=true>\n\t\t\t  <\/div>\n\t\t  <style>\n\t\t\t.fb_iframe_widget_fluid_desktop iframe {\n\t\t\t    width: 100% !important;\n\t\t\t}\n\t\t  <\/style>\n\t\t  ","protected":false},"excerpt":{"rendered":"<p>eloriente.net \/ UABJO 12\/diciembre\/2014 La Universidad Aut\u00f3noma \u201cBenito Ju\u00e1rez\u201d de Oaxaca (UABJO), siempre abierta a la difusi\u00f3n y promoci\u00f3n de conocimientos e investigaci\u00f3n; fue sede de la presentaci\u00f3n de las \u201cMemorias del due\u00f1o del Yate Granma\u201d, libro en el cual se describe la historia documentada de la presencia de Fidel Castro, Ra\u00fal y Ernesto \u201cChe\u201d [&hellip;]<\/p>\n","protected":false},"author":1,"featured_media":34634,"comment_status":"open","ping_status":"open","sticky":false,"template":"","format":"standard","meta":{"_jetpack_memberships_contains_paid_content":false,"footnotes":""},"categories":[18,32,10,464,84],"tags":[182],"class_list":["post-34633","post","type-post","status-publish","format-standard","has-post-thumbnail","hentry","category-educacion-y-cultura","category-entradas","category-lo-mas-reciente","category-oaxaca-estados","category-universidades","tag-uabjo"],"jetpack_featured_media_url":"http:\/\/www.eloriente.net\/home\/wp-content\/uploads\/2014\/12\/Presentaci\u00f3n-El-Yate-de-Granama-UABJO.jpg","jetpack_sharing_enabled":true,"_links":{"self":[{"href":"http:\/\/www.eloriente.net\/home\/wp-json\/wp\/v2\/posts\/34633"}],"collection":[{"href":"http:\/\/www.eloriente.net\/home\/wp-json\/wp\/v2\/posts"}],"about":[{"href":"http:\/\/www.eloriente.net\/home\/wp-json\/wp\/v2\/types\/post"}],"author":[{"embeddable":true,"href":"http:\/\/www.eloriente.net\/home\/wp-json\/wp\/v2\/users\/1"}],"replies":[{"embeddable":true,"href":"http:\/\/www.eloriente.net\/home\/wp-json\/wp\/v2\/comments?post=34633"}],"version-history":[{"count":2,"href":"http:\/\/www.eloriente.net\/home\/wp-json\/wp\/v2\/posts\/34633\/revisions"}],"predecessor-version":[{"id":34636,"href":"http:\/\/www.eloriente.net\/home\/wp-json\/wp\/v2\/posts\/34633\/revisions\/34636"}],"wp:featuredmedia":[{"embeddable":true,"href":"http:\/\/www.eloriente.net\/home\/wp-json\/wp\/v2\/media\/34634"}],"wp:attachment":[{"href":"http:\/\/www.eloriente.net\/home\/wp-json\/wp\/v2\/media?parent=34633"}],"wp:term":[{"taxonomy":"category","embeddable":true,"href":"http:\/\/www.eloriente.net\/home\/wp-json\/wp\/v2\/categories?post=34633"},{"taxonomy":"post_tag","embeddable":true,"href":"http:\/\/www.eloriente.net\/home\/wp-json\/wp\/v2\/tags?post=34633"}],"curies":[{"name":"wp","href":"https:\/\/api.w.org\/{rel}","templated":true}]}}