{"id":34637,"date":"2014-12-28T00:00:42","date_gmt":"2014-12-28T06:00:42","guid":{"rendered":"http:\/\/www.eloriente.net\/home\/?p=34637"},"modified":"2014-12-12T12:00:22","modified_gmt":"2014-12-12T18:00:22","slug":"la-ciencia-de-la-ecologia","status":"publish","type":"post","link":"http:\/\/www.eloriente.net\/home\/2014\/12\/28\/la-ciencia-de-la-ecologia\/","title":{"rendered":"La ciencia de la ecolog\u00eda"},"content":{"rendered":"<p style=\"text-align: right;\"><em>La ciencia es una estrategia, una manera de atar la verdad&#8230;<\/em><br \/>\nLuis Eduardo Aute<\/p>\n<p>(<a href=\"http:\/\/www.eloriente.net\" target=\"_blank\">www.eloriente.net<\/a>, M\u00e9xico, 28 de diciembre 2014; por <a href=\"http:\/\/www.eloriente.net\/home\/category\/colaboradores\/juan-jose-consejo\/\" target=\"_blank\">Juan Jos\u00e9 Consejo<\/a>*).- Actualmente, el t\u00e9rmino ecolog\u00eda se usa con al menos tres significados: uno lo hace sin\u00f3nimo de naturaleza (cuando se nos recomienda \u201ccuidar la ecolog\u00eda\u201d, por ejemplo); otro alude a un conjunto de movimientos sociales cuyo denominador com\u00fan es la preocupaci\u00f3n ambiental y diferentes grados y calidades de cr\u00edtica de la sociedad industrial. El tercero nombra a una ciencia formal, con un cuerpo de conocimientos claramente definido y una metodolog\u00eda precisa. Me referir\u00e9 ahora a este \u00faltimo, a la ecolog\u00eda como ciencia, tratando de resaltar la perspectiva del Sur. La otra ecolog\u00eda debiera incluir la ciencia y la t\u00e9cnica, digamos, tropiacalizadas.<\/p>\n<p>La definici\u00f3n cl\u00e1sica de la ciencia ecol\u00f3gica es el estudio de los seres vivos y su ambiente. Lo que puede distinguirla de otras disciplinas cient\u00edficas es su \u00e9nfasis en las relaciones (entre diversos seres vivos y con lo que les rodea) y la integralidad (por eso habla de conjuntos complejos, ecosistemas). As\u00ed, Ernst Haeckel, el famoso acu\u00f1ador del t\u00e9rmino Oikologie , relacion\u00f3 la morfolog\u00eda animal con la teor\u00eda de la selecci\u00f3n natural de Darwin y Wallace. El otro antecedente directo de la ecolog\u00eda, la geograf\u00eda de las plantas, floreci\u00f3 en buena medida gracias al inventario colonial que las grandes potencias mar\u00edtimas de los siglos XVIII y XIX realizaron en las regiones tropicales del mundo, ejemplificado por los trabajos flor\u00edsticos de Humboldt, que por cierto incluyeron a M\u00e9xico. Hacia fines del siglo XIX y principios del XX, el inter\u00e9s de los naturalistas como de De Candolle, Shouw o Griesebach se centr\u00f3 en la relaci\u00f3n entre las formas de vegetaci\u00f3n y los factores del ambiente, particularmente los climas. Esta temprana ecolog\u00eda vegetal pas\u00f3, con Clements y Shelford, a la noci\u00f3n de comunidad vegetal, y luego al ecosistema. En todo este per\u00edodo las ciencias ecol\u00f3gicas dominantes se fortalecieron casi exclusivamente en Europa y Estados Unidos, pero alimentadas por conocimientos y creencias acerca de las porciones tropicales de la Tierra.<\/p>\n<p>Desde fines del siglo XIX , uno de los ecosistemas caracter\u00edsticos de las franjas tropicales, la selva o bosque tropical h\u00famedo &#8211;que todav\u00eda tenemos en lugares como Los Chimalapas&#8211;, se convirti\u00f3 en importante fuente de conceptos para la ciencia ecol\u00f3gica. Su diversidad, exuberancia y compleja estructura sustentaron e ilustraron a menudo el desarrollo de ideas tales como sucesi\u00f3n, competencia, simbiosis, cadenas alimenticias y flujo de nutrientes. De modo equivalente, la etnolog\u00eda, que dar\u00eda luego aliento a otra rama importante de la ecolog\u00eda, la etnoecolog\u00eda, se aliment\u00f3 de las m\u00faltiples descripciones de los otros, los pueblos del Sur; si bien, siguiendo la actitud euroc\u00e9ntrica dominante, fueron consideradas culturas inferiores, nativas, que obstaculizaban el advenimiento de la civilizaci\u00f3n universal . Los pueblos de Oaxaca somos parte de esas culturas nativas.<\/p>\n<p>A partir de la segunda d\u00e9cada del siglo XX, la ciencia de la ecolog\u00eda ha tenido un desarrollo impresionante, en el que sobresale su car\u00e1cter integrador. En efecto, pocas ciencias han tenido desde sus or\u00edgenes una pretensi\u00f3n tan manifiestamente generalizadora como la ecolog\u00eda. Como mencion\u00e9 antes, su materia central de estudio son precisamente, las relaciones o implicaciones de los objetos que articula. A medida que la ciencia va descubriendo nuevas relaciones, se expande. No es extra\u00f1o que despu\u00e9s de la Segunda Guerra Mundial la ecolog\u00eda haya salido del estrecho \u00e1mbito de los laboratorios biol\u00f3gicos para incluir al hombre como parte del ecosistema y entrecruzarse con las ciencias sociales. La herencia org\u00e1nica de los naturalistas del siglo pasado le dio a la ecolog\u00eda un sentido opuesto al devenir mecanicista y reductivo de otras ciencias biol\u00f3gicas. A pesar de su corta vida, la ecolog\u00eda es ahora una ciencia de gran prestigio, cercana a su madurez. As\u00ed lo refleja, como dice Illich, su creciente referencia a su propia historia. Sin embargo, para muchos la ecolog\u00eda actual ha sufrido una transformaci\u00f3n radical. En vez de constituir la \u00abciencia de comunidades\u00bb de Clements, Shelford, Bertalanfy y Odum, se ha ido adecuando cada vez m\u00e1s al paradigma de la ciencia positivista y probabil\u00edstica, a tono con la modernidad industrial: a decir de Goldsmith, vemos un continuo esfuerzo para enfocarse en entidades materiales, observables, m\u00e1s que en construcciones ideales .<\/p>\n<p>El asunto va m\u00e1s all\u00e1 de la mera discusi\u00f3n acad\u00e9mica, pues lo que est\u00e1 en juego el tipo de ciencias y de t\u00e9cnicas que debemos impulsar para enfrentar los graves problemas que tenemos hoy d\u00eda en Oaxaca. Es posible distinguir en la ciencia ecol\u00f3gica actual dos posiciones diametralmente opuestas: la de la ecolog\u00eda acad\u00e9mica dominante, reductiva y mec\u00e1nica, y la de la ecolog\u00eda hol\u00edstica. De acuerdo con Goldsmith, estas posiciones corresponden con visiones del mundo pioneras y de cl\u00edmax, respectivamente, en referencia a la teor\u00eda de la sucesi\u00f3n ecol\u00f3gica: las etapas tempranas o pioneras de los ecosistemas, caracterizadas por una gran inestabilidad ambiental y una alta productividad biol\u00f3gica, conducen a etapas cercanas al cl\u00edmax que se distinguen por su complejidad y estabilidad. Podemos suponer que el estudio moderno de los ecosistemas tropicales como la selva h\u00fameda, donde la diversidad y el equilibrio son m\u00e1s evidentes, favorecer\u00e1 visiones de cl\u00edmax, mientras que la informaci\u00f3n sobre ecosistemas fr\u00edos y templados puede conducir a aproximaciones pioneras.<\/p>\n<p>En todo caso, como ilustra bien el tema del calentamiento global, es obvio que la ecolog\u00eda es un creciente discurso pol\u00edtico adem\u00e1s de una ciencia formal y es posible que la importancia actual de la ciencia &#8211;aunque esto incomode a muchos ec\u00f3logos&#8211; tenga mucho que ver con su entrecruzamiento con los movimientos sociales que han emergido en la ruptura del consenso industrialista y neoliberal.<\/p>\n<p>En Oaxaca, que es el estado con mayor diversidad bi\u00f3logica y \u00e9tnica, un buen n\u00famero de ciudadanos, pueblos y organizaciones est\u00e1n resistiendo con diversos grados de \u00e9xito a la amenaza que implican los planes de los tecn\u00f3cratas todav\u00eda dominantes. Parte de ese \u00e9xito est\u00e1 cimentado por las acciones de t\u00e9cnicos y cient\u00edficos, quienes a contrapelo de la modernidad imperante se han acercado con seriedad y respeto a las ciencias campesinas y reconocen que los sistemas de conocimiento de las culturas indias, supuestamente primitivos e ineficientes, son con frecuencia mucho m\u00e1s s\u00f3lidos ecol\u00f3gicamente que sus contrapartes modernas. Se levantan as\u00ed, aqu\u00ed y all\u00e1, planteamientos aut\u00f3nomos de conservaci\u00f3n en donde los habitantes locales participan desde el comienzo en la investigaci\u00f3n, la planeaci\u00f3n y la operaci\u00f3n de iniciativas y donde se conjugan los conocimientos de la ciencia y la t\u00e9cnica modernas con los modos y saberes tradicionales. Esa es la ciencia ecol\u00f3gica a la aspiramos: a favor de la gente y la naturaleza.<\/p>\n<p>* Instituto de la Naturaleza y la Sociedad de Oaxaca<br \/>\n<a href=\"mailto:jjconsejo@hotmail.com\" target=\"_blank\">jjconsejo@hotmail.com<\/a><\/p>\n<p><a href=\"http:\/\/www.eloriente.net\/home\/wp-content\/uploads\/2014\/11\/Chimalapas.jpg\"><img loading=\"lazy\" decoding=\"async\" class=\"alignnone size-medium wp-image-33642\" src=\"http:\/\/www.eloriente.net\/home\/wp-content\/uploads\/2014\/11\/Chimalapas-300x200.jpg\" alt=\"Chimalapas\" width=\"300\" height=\"200\" srcset=\"http:\/\/www.eloriente.net\/home\/wp-content\/uploads\/2014\/11\/Chimalapas-300x200.jpg 300w, http:\/\/www.eloriente.net\/home\/wp-content\/uploads\/2014\/11\/Chimalapas-1024x685.jpg 1024w, http:\/\/www.eloriente.net\/home\/wp-content\/uploads\/2014\/11\/Chimalapas.jpg 1600w\" sizes=\"(max-width: 300px) 100vw, 300px\" \/><\/a><\/p>\n<p>Foto: Archivo El Oriente<\/p>\n<p><strong>Entradas relacionadas:<\/strong><\/p>\n<div id=\"post-34454\" class=\"post-34454 post type-post status-publish format-standard has-post-thumbnail hentry category-capital category-colaboradores category-entradas category-juan-jose-consejo category-lo-mas-reciente category-medio-ambiente category-oaxaca-estados tag-automoviles tag-transito tag-transporte tag-vehiculos entry loop-default border_bottom_30\">\n<p class=\"entry_title\"><a title=\"Enlace Permanente a Cerrar el centro de Oaxaca al tr\u00e1nsito de veh\u00edculos\" href=\"http:\/\/www.eloriente.net\/home\/2014\/12\/07\/cerrar-el-centro-de-oaxaca-al-transito-de-vehiculos\/\" rel=\"bookmark\">Cerrar el centro de Oaxaca al tr\u00e1nsito de veh\u00edculos<\/a><\/p>\n<p><a href=\"http:\/\/www.eloriente.net\/home\/2014\/12\/07\/cerrar-el-centro-de-oaxaca-al-transito-de-vehiculos\/\" rel=\"bookmark\"><img decoding=\"async\" class=\"alignleft\" title=\"Cerrar el centro de Oaxaca al tr\u00e1nsito de veh\u00edculos\" src=\"http:\/\/www.eloriente.net\/home\/wp-content\/themes\/city-desk\/timthumb.php?src=http%3A%2F%2Fwww.eloriente.net%2Fhome%2Fwp-content%2Fuploads%2F2012%2F12%2Furbano_oaxaca.jpg&amp;q=90&amp;w=160&amp;h=106&amp;zc=1\" alt=\"Cerrar el centro de Oaxaca al tr\u00e1nsito de veh\u00edculos\" \/><\/a>Tras haber asesinado a la ciudad, es el propio coche el que asesina al coche Michel Bosquet (www.eloriente.net, Oaxaca, 7 de diciembre 2014; por Juan Jos\u00e9 Consejo).- He abordado aqu\u00ed en otras ocasiones el tema de la vialidad y el transporte, en el contexto m\u00e1s amplio de la imprescindible discusi\u00f3n de los sue\u00f1os y las [\u2026]<\/p>\n<div class=\"toolbar-social\">\n<div class=\"social-widget\">\n<div id=\"sharing-widget\"><a class=\"button icon-share\">Compartir<\/a><\/div>\n<\/div>\n<\/div>\n<p class=\"postmeta\"><span class=\"meta_date\">diciembre 7, 2014<\/span><\/p>\n<\/div>\n<div id=\"post-34309\" class=\"post-34309 post type-post status-publish format-standard has-post-thumbnail hentry category-colaboradores category-entradas category-juan-jose-consejo category-lo-mas-reciente category-medio-ambiente category-oaxaca-estados tag-agua tag-drenaje entry loop-default border_bottom_30\">\n<p class=\"entry_title\"><a title=\"Enlace Permanente a Diluye, aleja y olvida\" href=\"http:\/\/www.eloriente.net\/home\/2014\/11\/30\/diluye-aleja-y-olvida\/\" rel=\"bookmark\">Diluye, aleja y olvida<\/a><\/p>\n<p><a href=\"http:\/\/www.eloriente.net\/home\/2014\/11\/30\/diluye-aleja-y-olvida\/\" rel=\"bookmark\"><img decoding=\"async\" class=\"alignleft\" title=\"Diluye, aleja y olvida\" src=\"http:\/\/www.eloriente.net\/home\/wp-content\/themes\/city-desk\/timthumb.php?src=http%3A%2F%2Fwww.eloriente.net%2Fhome%2Fwp-content%2Fuploads%2F2014%2F11%2FAgua.jpg&amp;q=90&amp;w=160&amp;h=106&amp;zc=1\" alt=\"Diluye, aleja y olvida\" \/><\/a>No hay duda de que las cloacas de Par\u00eds han sido por milenios la enfermedad de la ciudad, la herida abierta que se encona en su fondo\u2026 V\u00edctor Hugo (www.eloriente.net, M\u00e9xico, 28 de noviembre\/2014; por Juan Jos\u00e9 Consejo y Laura L\u00f3pez L\u00f3pez).- El drenaje y el W.C. son probablemente de los emblemas m\u00e1s distintivos de [\u2026]<\/p>\n<div class=\"toolbar-social\">\n<div class=\"social-widget\">\n<div id=\"sharing-widget\"><a class=\"button icon-share\">Compartir<\/a><\/div>\n<\/div>\n<\/div>\n<p class=\"postmeta\"><span class=\"meta_date\">noviembre 30, 2014<\/span><\/p>\n<\/div>\n<div id=\"post-34197\" class=\"post-34197 post type-post status-publish format-standard has-post-thumbnail hentry category-entradas category-lo-mas-reciente category-medio-ambiente category-oaxaca-estados category-politica-y-gobierno tag-energia-eolica tag-energias-renovables tag-eolica-del-sur tag-istmo tag-macquarie tag-marena-renovables entry loop-default border_bottom_30\">\n<p class=\"entry_title\"><a title=\"Enlace Permanente a Una pr\u00f3rroga m\u00e1s para Mare\u00f1a Renovables\" href=\"http:\/\/www.eloriente.net\/home\/2014\/11\/26\/una-prorroga-mas-para-marena-renovables\/\" rel=\"bookmark\">Una pr\u00f3rroga m\u00e1s para Mare\u00f1a Renovables<\/a><\/p>\n<p><a href=\"http:\/\/www.eloriente.net\/home\/2014\/11\/26\/una-prorroga-mas-para-marena-renovables\/\" rel=\"bookmark\"><img decoding=\"async\" class=\"alignleft\" title=\"Una pr\u00f3rroga m\u00e1s para Mare\u00f1a Renovables\" src=\"http:\/\/www.eloriente.net\/home\/wp-content\/themes\/city-desk\/timthumb.php?src=http%3A%2F%2Fwww.eloriente.net%2Fhome%2Fwp-content%2Fuploads%2F2014%2F11%2FE%C3%B3lica-pt.wikipedia.org_.jpg&amp;q=90&amp;w=160&amp;h=106&amp;zc=1\" alt=\"Una pr\u00f3rroga m\u00e1s para Mare\u00f1a Renovables\" \/><\/a>(www.eloriente.net, M\u00e9xico, 26 de noviembre\/2014).- El proyecto e\u00f3lico de Mare\u00f1a Renovables, es uno de los m\u00e1s destacados en cuanto a energ\u00edas renovables a nivel Latinoam\u00e9rica. El consorcio est\u00e1 integrado por el grupo empresarial Fomento Econ\u00f3mico Mexicano (FEMSA Coca-Cola), el Fondo de Infraestructura Macquarie M\u00e9xico (FIMM) y la sociedad Macquarie Capital.\u00a0A casi una d\u00e9cada de haberse [\u2026]<\/p>\n<div class=\"toolbar-social\">\n<div class=\"social-widget\">\n<div id=\"sharing-widget\"><a class=\"button icon-share\">Compartir<\/a><\/div>\n<\/div>\n<\/div>\n<p class=\"postmeta\"><span class=\"meta_date\">noviembre 26, 2014<\/span><\/p>\n<\/div>\n\n\t\t\t  <div \n\t\t\t  \tclass = \"fb-comments\" \n\t\t\t  \tdata-href = \"http:\/\/www.eloriente.net\/home\/2014\/12\/28\/la-ciencia-de-la-ecologia\/\"\n\t\t\t  \tdata-numposts = \"10\"\n\t\t\t\tdata-colorscheme = \"dark\"\n\t\t\t\tdata-order-by = \"social\"\n\t\t\t\tdata-mobile=true>\n\t\t\t  <\/div>\n\t\t  <style>\n\t\t\t.fb_iframe_widget_fluid_desktop iframe {\n\t\t\t    width: 100% !important;\n\t\t\t}\n\t\t  <\/style>\n\t\t  ","protected":false},"excerpt":{"rendered":"<p>La ciencia es una estrategia, una manera de atar la verdad&#8230; Luis Eduardo Aute (www.eloriente.net, M\u00e9xico, 28 de diciembre 2014; por Juan Jos\u00e9 Consejo*).- Actualmente, el t\u00e9rmino ecolog\u00eda se usa con al menos tres significados: uno lo hace sin\u00f3nimo de naturaleza (cuando se nos recomienda \u201ccuidar la ecolog\u00eda\u201d, por ejemplo); otro alude a un conjunto [&hellip;]<\/p>\n","protected":false},"author":35,"featured_media":33642,"comment_status":"open","ping_status":"open","sticky":false,"template":"","format":"standard","meta":{"_jetpack_memberships_contains_paid_content":false,"footnotes":""},"categories":[11,18,32,2778,10],"tags":[710],"class_list":["post-34637","post","type-post","status-publish","format-standard","has-post-thumbnail","hentry","category-colaboradores","category-educacion-y-cultura","category-entradas","category-juan-jose-consejo","category-lo-mas-reciente","tag-ecologia"],"jetpack_featured_media_url":"http:\/\/www.eloriente.net\/home\/wp-content\/uploads\/2014\/11\/Chimalapas.jpg","jetpack_sharing_enabled":true,"_links":{"self":[{"href":"http:\/\/www.eloriente.net\/home\/wp-json\/wp\/v2\/posts\/34637"}],"collection":[{"href":"http:\/\/www.eloriente.net\/home\/wp-json\/wp\/v2\/posts"}],"about":[{"href":"http:\/\/www.eloriente.net\/home\/wp-json\/wp\/v2\/types\/post"}],"author":[{"embeddable":true,"href":"http:\/\/www.eloriente.net\/home\/wp-json\/wp\/v2\/users\/35"}],"replies":[{"embeddable":true,"href":"http:\/\/www.eloriente.net\/home\/wp-json\/wp\/v2\/comments?post=34637"}],"version-history":[{"count":1,"href":"http:\/\/www.eloriente.net\/home\/wp-json\/wp\/v2\/posts\/34637\/revisions"}],"predecessor-version":[{"id":34638,"href":"http:\/\/www.eloriente.net\/home\/wp-json\/wp\/v2\/posts\/34637\/revisions\/34638"}],"wp:featuredmedia":[{"embeddable":true,"href":"http:\/\/www.eloriente.net\/home\/wp-json\/wp\/v2\/media\/33642"}],"wp:attachment":[{"href":"http:\/\/www.eloriente.net\/home\/wp-json\/wp\/v2\/media?parent=34637"}],"wp:term":[{"taxonomy":"category","embeddable":true,"href":"http:\/\/www.eloriente.net\/home\/wp-json\/wp\/v2\/categories?post=34637"},{"taxonomy":"post_tag","embeddable":true,"href":"http:\/\/www.eloriente.net\/home\/wp-json\/wp\/v2\/tags?post=34637"}],"curies":[{"name":"wp","href":"https:\/\/api.w.org\/{rel}","templated":true}]}}