{"id":34665,"date":"2014-12-14T00:00:47","date_gmt":"2014-12-14T06:00:47","guid":{"rendered":"http:\/\/www.eloriente.net\/home\/?p=34665"},"modified":"2015-09-29T11:01:48","modified_gmt":"2015-09-29T17:01:48","slug":"lupita-zarza-la-voz-de-todo-oaxaca-radio","status":"publish","type":"post","link":"http:\/\/www.eloriente.net\/home\/2014\/12\/14\/lupita-zarza-la-voz-de-todo-oaxaca-radio\/","title":{"rendered":"Lupita Zarza, la voz de Todo Oaxaca Radio"},"content":{"rendered":"<p><script src=\"\/\/pagead2.googlesyndication.com\/pagead\/js\/adsbygoogle.js\" async=\"\"><\/script><!-- BANNER ELORIENTE INCRUSTADO NOTAS --> <ins class=\"adsbygoogle\" style=\"display: inline-block; width: 300px; height: 250px;\" data-ad-client=\"ca-pub-1136171134853753\" data-ad-slot=\"7974633627\"><\/ins><script>\/\/ <![CDATA[\n(adsbygoogle = window.adsbygoogle || []).push({});\n\/\/ ]]><\/script><\/p>\n<p>(<a href=\"http:\/\/www.eloriente.net\" target=\"_blank\">www.eloriente.net<\/a>, Oaxaca, 14 de diciembre 2014).- Profesionista, empresaria, ciudadana, madre, mujer&#8230; Guadalupe Zarza Brise\u00f1o es el prototipo de la mujer moderna que no se encaja en un solo \u00e1mbito de la vida. Poblana de nacimiento pero oaxaque\u00f1a por adopci\u00f3n, Lupita ha sabido sortear y disfrutar los retos que la vida le ha presentado. Licenciada en Administraci\u00f3n de Empresas por la UDLA, ella quiso estudiar en el Tec de Monterrey, sue\u00f1o que cristaliz\u00f3 35 a\u00f1os despu\u00e9s y se gradu\u00f3 como Master en Direcci\u00f3n y Administraci\u00f3n de Empresas en este 2014; con eso nos demuestra que los sue\u00f1os no tienen fecha de expiraci\u00f3n y que cuando uno tiene la convicci\u00f3n necesaria, no hay l\u00edmites insuperables.<\/p>\n<p>Conductora de Todo Oaxaca Radio desde inicios del proyecto al lado del Mtro. Rub\u00e9n Vasconcelos Beltr\u00e1n, Lupita Zarza aporta el toque para una transmisi\u00f3n radiof\u00f3nica amena y humana, que se ha instalado en el gusto y preferencia de la sociedad oaxaque\u00f1a.<\/p>\n<p>Este peque\u00f1o perfil realizado por <a href=\"http:\/\/www.eloriente.net\" target=\"_blank\">ELORIENTE.NET<\/a>, es una peque\u00f1a muestra de agradecimiento a Lupita por su labor dentro de la organizaci\u00f3n, pero tambi\u00e9n por sus diversas actividades en pro de un mejor Oaxaca:<\/p>\n<p><iframe loading=\"lazy\" src=\"\/\/www.youtube.com\/embed\/IndNlsjHM0k\" width=\"560\" height=\"315\" frameborder=\"0\" allowfullscreen=\"allowfullscreen\"><\/iframe><\/p>\n<p><a href=\"http:\/\/www.eloriente.net\/home\/wp-content\/uploads\/2014\/12\/Lupita-Zarza.jpg\"><img loading=\"lazy\" decoding=\"async\" class=\"alignnone size-medium wp-image-34667\" src=\"http:\/\/www.eloriente.net\/home\/wp-content\/uploads\/2014\/12\/Lupita-Zarza-300x168.jpg\" alt=\"Lupita Zarza\" width=\"300\" height=\"168\" \/><\/a><\/p>\n<p>Foto: El Oriente<\/p>\n<p><strong>Entradas relacionadas:<\/strong><\/p>\n<p class=\"entry_title\"><a title=\"Enlace Permanente a Viridiana Mart\u00ednez: El camino de una emprendedora\" href=\"http:\/\/www.eloriente.net\/home\/2014\/11\/23\/viridiana-martinez-el-camino-de-una-emprendedora\/\" rel=\"bookmark\">Viridiana Mart\u00ednez: El camino de una emprendedora<\/a><\/p>\n<p><a href=\"http:\/\/www.eloriente.net\/home\/2014\/11\/23\/viridiana-martinez-el-camino-de-una-emprendedora\/\" rel=\"bookmark\"><img decoding=\"async\" class=\"alignleft\" title=\"Viridiana Mart\u00ednez: El camino de una emprendedora\" src=\"http:\/\/www.eloriente.net\/home\/wp-content\/themes\/city-desk\/timthumb.php?src=http%3A%2F%2Fwww.eloriente.net%2Fhome%2Fwp-content%2Fuploads%2F2014%2F11%2FIMG_5973.jpg&amp;q=90&amp;w=160&amp;h=106&amp;zc=1\" alt=\"Viridiana Mart\u00ednez: El camino de una emprendedora\" \/><\/a><\/p>\n<p>eloriente.net 23\/noviembre\/2014 A sus 20 a\u00f1os, Viridiana Mart\u00ednez M\u00e9ndez tiene muy claro lo que ha hecho hasta el momento. Estudiante de Derecho en la UABJO debido a su sentido de justicia social y vocaci\u00f3n de servicio; emprendedora, propietaria de Caritas Sanas, dedicada a los productos y galletas integrales, en un proceso que inici\u00f3 por necesidad, [\u2026]<\/p>\n<p class=\"postmeta\"><span class=\"meta_date\">noviembre 23, 2014<\/span><\/p>\n<h2 class=\"entry_title\"><a title=\"Enlace Permanente a Alejandra Silva Soriano: De juventud y derechos humanos\" href=\"http:\/\/www.eloriente.net\/home\/2014\/11\/16\/alejandra-silva-soriano-de-juventud-y-derechos-humanos\/\" rel=\"bookmark\">Alejandra Silva Soriano: De juventud y derechos humanos<\/a><\/h2>\n<p><a href=\"http:\/\/www.eloriente.net\/home\/2014\/11\/16\/alejandra-silva-soriano-de-juventud-y-derechos-humanos\/\" rel=\"bookmark\"><img decoding=\"async\" class=\"alignleft\" title=\"Alejandra Silva Soriano: De juventud y derechos humanos\" src=\"http:\/\/www.eloriente.net\/home\/wp-content\/themes\/city-desk\/timthumb.php?src=http%3A%2F%2Fwww.eloriente.net%2Fhome%2Fwp-content%2Fuploads%2F2014%2F11%2FALEJANDRA-SILVA-SORIANO.jpg&amp;q=90&amp;w=160&amp;h=106&amp;zc=1\" alt=\"Alejandra Silva Soriano: De juventud y derechos humanos\" \/><\/a><\/p>\n<p>eloriente.net 16\/noviembre\/2014 A sus 24 a\u00f1os, Alejandra Silva Soriano preside la asociaci\u00f3n Una Luz M\u00e1s en Oaxaca, que tiene como objetivo velar por los derechos humanos y la inclusi\u00f3n social de las personas con discapacidad. Es adem\u00e1s Secretaria T\u00e9cnica del Consejo Ciudadano de Seguimiento de Pol\u00edticas P\u00fablicas en materia de Juventud a nivel nacional, coordinado [\u2026]<\/p>\n<div class=\"sharedaddy sd-sharing-enabled\">\n<div class=\"robots-nocontent sd-block sd-social sd-social-icon-text sd-sharing\">\n<div class=\"sd-content\">\n<ul>\n<li><a class=\"sharing-anchor sd-button share-more\" href=\"http:\/\/www.eloriente.net\/home\/2014\/11\/16\/#\">Compartir<\/a><\/li>\n<li class=\"share-end\"><\/li>\n<\/ul>\n<div class=\"sharing-hidden\"><\/div>\n<\/div>\n<\/div>\n<\/div>\n<p class=\"postmeta\"><span class=\"meta_date\">noviembre 16, 2014<\/span><\/p>\n<h2 class=\"entry_title\"><a title=\"Enlace Permanente a Silvia &amp; Karmen, el ritmo de Veracruz 2014\" href=\"http:\/\/www.eloriente.net\/home\/2014\/11\/09\/silvia-karmen-el-ritmo-de-veracruz-2014\/\" rel=\"bookmark\">Silvia &amp; Karmen, el ritmo de Veracruz 2014<\/a><\/h2>\n<p class=\"postmeta\"><a href=\"http:\/\/www.eloriente.net\/home\/2014\/11\/09\/silvia-karmen-el-ritmo-de-veracruz-2014\/\" rel=\"bookmark\"><img decoding=\"async\" class=\"alignleft\" title=\"Silvia &amp; Karmen, el ritmo de Veracruz 2014\" src=\"http:\/\/www.eloriente.net\/home\/wp-content\/themes\/city-desk\/timthumb.php?src=http%3A%2F%2Fwww.eloriente.net%2Fhome%2Fwp-content%2Fuploads%2F2014%2F11%2FSilvia-Karmen.jpg&amp;q=90&amp;w=160&amp;h=106&amp;zc=1\" alt=\"Silvia &amp; Karmen, el ritmo de Veracruz 2014\" \/><\/a><\/p>\n<p>eloriente.net 9\/noviembre\/2014 \u201cYo tocaba la guitarra y cantaba en un caf\u00e9 de Veracruz\u201d, relata Silvia Siu, \u201cUn d\u00eda se me hizo tarde y al llegar al trabajo, veo que alguien estaba ocupando mi lugar, pens\u00e9 que me iba a quitar la chamba\u201d. La usurpadora\u00a0del escenario, respond\u00eda al nombre de Karmen Parroqu\u00edn, quien hab\u00eda ido a [\u2026]<\/p>\n<div class=\"sharedaddy sd-sharing-enabled\">\n<div class=\"robots-nocontent sd-block sd-social sd-social-icon-text sd-sharing\">\n<div class=\"sd-content\">\n<ul>\n<li><a class=\"sharing-anchor sd-button share-more\" href=\"http:\/\/www.eloriente.net\/home\/2014\/11\/09\/#\">Compartir<\/a><\/li>\n<li class=\"share-end\"><\/li>\n<\/ul>\n<div class=\"sharing-hidden\"><\/div>\n<\/div>\n<\/div>\n<\/div>\n<p class=\"postmeta\"><span class=\"meta_date\">noviembre 9, 2014<\/span><\/p>\n\n\t\t\t  <div \n\t\t\t  \tclass = \"fb-comments\" \n\t\t\t  \tdata-href = \"http:\/\/www.eloriente.net\/home\/2014\/12\/14\/lupita-zarza-la-voz-de-todo-oaxaca-radio\/\"\n\t\t\t  \tdata-numposts = \"10\"\n\t\t\t\tdata-colorscheme = \"dark\"\n\t\t\t\tdata-order-by = \"social\"\n\t\t\t\tdata-mobile=true>\n\t\t\t  <\/div>\n\t\t  <style>\n\t\t\t.fb_iframe_widget_fluid_desktop iframe {\n\t\t\t    width: 100% !important;\n\t\t\t}\n\t\t  <\/style>\n\t\t  ","protected":false},"excerpt":{"rendered":"<p>(www.eloriente.net, Oaxaca, 14 de diciembre 2014).- Profesionista, empresaria, ciudadana, madre, mujer&#8230; Guadalupe Zarza Brise\u00f1o es el prototipo de la mujer moderna que no se encaja en un solo \u00e1mbito de la vida. Poblana de nacimiento pero oaxaque\u00f1a por adopci\u00f3n, Lupita ha sabido sortear y disfrutar los retos que la vida le ha presentado. Licenciada en [&hellip;]<\/p>\n","protected":false},"author":10,"featured_media":34666,"comment_status":"open","ping_status":"open","sticky":false,"template":"","format":"standard","meta":{"_jetpack_memberships_contains_paid_content":false,"footnotes":""},"categories":[6,32,44,10,464,31],"tags":[3156,3157,551,850],"class_list":["post-34665","post","type-post","status-publish","format-standard","has-post-thumbnail","hentry","category-canal-4-especiales","category-entradas","category-guadalupe-zarza","category-lo-mas-reciente","category-oaxaca-estados","category-principal","tag-empresaria","tag-madre","tag-mujer","tag-profesionista"],"jetpack_featured_media_url":"http:\/\/www.eloriente.net\/home\/wp-content\/uploads\/2014\/12\/guadalupe-zarza-e1418573029679.jpg","jetpack_sharing_enabled":true,"_links":{"self":[{"href":"http:\/\/www.eloriente.net\/home\/wp-json\/wp\/v2\/posts\/34665"}],"collection":[{"href":"http:\/\/www.eloriente.net\/home\/wp-json\/wp\/v2\/posts"}],"about":[{"href":"http:\/\/www.eloriente.net\/home\/wp-json\/wp\/v2\/types\/post"}],"author":[{"embeddable":true,"href":"http:\/\/www.eloriente.net\/home\/wp-json\/wp\/v2\/users\/10"}],"replies":[{"embeddable":true,"href":"http:\/\/www.eloriente.net\/home\/wp-json\/wp\/v2\/comments?post=34665"}],"version-history":[{"count":4,"href":"http:\/\/www.eloriente.net\/home\/wp-json\/wp\/v2\/posts\/34665\/revisions"}],"predecessor-version":[{"id":39423,"href":"http:\/\/www.eloriente.net\/home\/wp-json\/wp\/v2\/posts\/34665\/revisions\/39423"}],"wp:featuredmedia":[{"embeddable":true,"href":"http:\/\/www.eloriente.net\/home\/wp-json\/wp\/v2\/media\/34666"}],"wp:attachment":[{"href":"http:\/\/www.eloriente.net\/home\/wp-json\/wp\/v2\/media?parent=34665"}],"wp:term":[{"taxonomy":"category","embeddable":true,"href":"http:\/\/www.eloriente.net\/home\/wp-json\/wp\/v2\/categories?post=34665"},{"taxonomy":"post_tag","embeddable":true,"href":"http:\/\/www.eloriente.net\/home\/wp-json\/wp\/v2\/tags?post=34665"}],"curies":[{"name":"wp","href":"https:\/\/api.w.org\/{rel}","templated":true}]}}