{"id":34675,"date":"2014-12-13T14:00:35","date_gmt":"2014-12-13T20:00:35","guid":{"rendered":"http:\/\/www.eloriente.net\/home\/?p=34675"},"modified":"2014-12-14T11:13:16","modified_gmt":"2014-12-14T17:13:16","slug":"concierto-de-brandeburgo-en-la-biblioteca-henestrosa","status":"publish","type":"post","link":"http:\/\/www.eloriente.net\/home\/2014\/12\/13\/concierto-de-brandeburgo-en-la-biblioteca-henestrosa\/","title":{"rendered":"Concierto de Brandeburgo en la Biblioteca Henestrosa"},"content":{"rendered":"<p>eloriente.net \/ <a href=\"http:\/\/www.uabjo.mx\/\" target=\"_blank\">UABJO<\/a><\/p>\n<p>13\/diciembre\/2014<\/p>\n<p>La Orquesta de C\u00e1mara de la Escuela de Bellas Artes de la UABJO se present\u00f3 en la Biblioteca \u201cAndr\u00e9s Henestrosa\u201d<\/p>\n<p>La Orquesta de C\u00e1mara de la Escuela de Bellas Artes (OCEBA) de la Universidad Aut\u00f3noma \u201cBenito Ju\u00e1rez\u201d de Oaxaca (UABJO) ofreci\u00f3 el tercer programa de la Segunda Temporada 2014 en la Biblioteca \u201cAndr\u00e9s Henestrosa\u201d con una gran aceptaci\u00f3n.<\/p>\n<p>La OCEBA tiene como objetivos, formar un p\u00fablico que interact\u00fae cotidianamente con la m\u00fasica formal y de concierto, reconocer y difundir el talento art\u00edstico oaxaque\u00f1o as\u00ed como colaborar con la sociedad oaxaque\u00f1a a fomentar una imagen de excelencia, elegancia, conocimiento y confianza.<\/p>\n<p>En este concierto estuvo de invitado el solista Rodolfo G\u00f3mez Cruz quien es egresado de la Escuela de Bellas Artes. Fue integrante y fundador de la Orquesta Sinf\u00f3nica Infantil de Oaxaca, tambi\u00e9n ha trabajado con Orquesta Primavera y fue fundador de la Orquesta Sinf\u00f3nica de Oaxaca.<\/p>\n<p>El repertorio ofrecido en esta ocasi\u00f3n estuvo compuesto por el Concierto de Brandeburgo No. 3 en Sol Mayor, de Johann Sebasti\u00e1n Bach conteniendo I. Allegro, II. Adagio, III. Allegro.<\/p>\n<p>Concierto de Brandeburgo No. 6 en Si Bemol Mayor, I. Allegro, II. Adagio ma non tanto, III. Allegro y Al Santo Sepulcro de Antonio Vivaldi con I. Adagio Molto y II. Allegro Molto.<\/p>\n<p>De igual forma culminaron la temporada los primeros d\u00edas de diciembre culminar\u00e1 esta temporada en el Centro Cultural San Pablo.<\/p>\n<p><a href=\"http:\/\/www.eloriente.net\/home\/wp-content\/uploads\/2014\/12\/13.jpg\"><img loading=\"lazy\" decoding=\"async\" class=\"alignnone size-medium wp-image-34676\" src=\"http:\/\/www.eloriente.net\/home\/wp-content\/uploads\/2014\/12\/13-300x200.jpg\" alt=\"13\" width=\"300\" height=\"200\" srcset=\"http:\/\/www.eloriente.net\/home\/wp-content\/uploads\/2014\/12\/13-300x200.jpg 300w, http:\/\/www.eloriente.net\/home\/wp-content\/uploads\/2014\/12\/13-1024x682.jpg 1024w\" sizes=\"(max-width: 300px) 100vw, 300px\" \/><\/a><\/p>\n<p>Foto: UABJO<\/p>\n<p><strong>Entradas relacionadas:<\/strong><\/p>\n<div id=\"post-34633\" class=\"post-34633 post type-post status-publish format-standard has-post-thumbnail hentry category-educacion-y-cultura category-entradas category-lo-mas-reciente category-oaxaca-estados category-universidades tag-uabjo entry loop-default border_bottom_30\">\n<p class=\"entry_title\"><a title=\"Enlace Permanente a Cuando \u201cChe\u201d Guevara y los Castro estuvieron en M\u00e9xico\" href=\"http:\/\/www.eloriente.net\/home\/2014\/12\/12\/che-guevara-y-fidel-castro-en-mexico\/\" rel=\"bookmark\">Cuando \u201cChe\u201d Guevara y los Castro estuvieron en M\u00e9xico<\/a><\/p>\n<p><a href=\"http:\/\/www.eloriente.net\/home\/2014\/12\/12\/che-guevara-y-fidel-castro-en-mexico\/\" rel=\"bookmark\"><img decoding=\"async\" class=\"alignleft\" title=\"Cuando \u201cChe\u201d Guevara y los Castro estuvieron en M\u00e9xico\" src=\"http:\/\/www.eloriente.net\/home\/wp-content\/themes\/city-desk\/timthumb.php?src=http%3A%2F%2Fwww.eloriente.net%2Fhome%2Fwp-content%2Fuploads%2F2014%2F12%2FPresentaci%C3%B3n-El-Yate-de-Granama-UABJO.jpg&amp;q=90&amp;w=160&amp;h=106&amp;zc=1\" alt=\"Cuando \u201cChe\u201d Guevara y los Castro estuvieron en M\u00e9xico\" \/><\/a>eloriente.net \/ UABJO 12\/diciembre\/2014 La Universidad Aut\u00f3noma \u201cBenito Ju\u00e1rez\u201d de Oaxaca (UABJO), siempre abierta a la difusi\u00f3n y promoci\u00f3n de conocimientos e investigaci\u00f3n; fue sede de la presentaci\u00f3n de las \u201cMemorias del due\u00f1o del Yate Granma\u201d, libro en el cual se describe la historia documentada de la presencia de Fidel Castro, Ra\u00fal y Ernesto \u201cChe\u201d [\u2026]<\/p>\n<div class=\"toolbar-social\">\n<div class=\"social-widget\">\n<div id=\"sharing-widget\"><a class=\"button icon-share\">Compartir<\/a><\/div>\n<\/div>\n<\/div>\n<p class=\"postmeta\"><span class=\"meta_date\">diciembre 12, 2014<\/span><\/p>\n<\/div>\n<div id=\"post-34577\" class=\"post-34577 post type-post status-publish format-standard has-post-thumbnail hentry category-comunicados-y-boletines category-educacion-y-cultura category-entradas category-lo-mas-reciente category-oaxaca-estados category-universidades tag-uabjo entry loop-default border_bottom_30\">\n<p class=\"entry_title\"><a title=\"Enlace Permanente a La Reforma Pol\u00edtico Electoral y sus nuevos especialistas\" href=\"http:\/\/www.eloriente.net\/home\/2014\/12\/10\/la-reforma-politico-electoral-y-sus-nuevos-especialistas\/\" rel=\"bookmark\">La Reforma Pol\u00edtico Electoral y sus nuevos especialistas<\/a><\/p>\n<p><a href=\"http:\/\/www.eloriente.net\/home\/2014\/12\/10\/la-reforma-politico-electoral-y-sus-nuevos-especialistas\/\" rel=\"bookmark\"><img decoding=\"async\" class=\"alignleft\" title=\"La Reforma Pol\u00edtico Electoral y sus nuevos especialistas\" src=\"http:\/\/www.eloriente.net\/home\/wp-content\/themes\/city-desk\/timthumb.php?src=http%3A%2F%2Fwww.eloriente.net%2Fhome%2Fwp-content%2Fuploads%2F2014%2F12%2F10.jpg&amp;q=90&amp;w=160&amp;h=106&amp;zc=1\" alt=\"La Reforma Pol\u00edtico Electoral y sus nuevos especialistas\" \/><\/a>eloriente.net \/ UABJO 10\/diciembre\/2014 Concluye Diplomado en Derecho Electoral en la UABJO \u2022 La actividad fue resultado de las acciones conjuntas entre el INE y la Universidad De manera reciente concluy\u00f3 el Diplomado en Derecho Electoral realizado a trav\u00e9s de las acciones conjuntas entre la Universidad Aut\u00f3noma \u201cBenito Ju\u00e1rez\u201d de Oaxaca (UABJO) y el Instituto [\u2026]<\/p>\n<div class=\"toolbar-social\">\n<div class=\"social-widget\">\n<div id=\"sharing-widget\"><a class=\"button icon-share\">Compartir<\/a><\/div>\n<\/div>\n<\/div>\n<p class=\"postmeta\"><span class=\"meta_date\">diciembre 10, 2014<\/span><\/p>\n<\/div>\n<div id=\"post-34514\" class=\"post-34514 post type-post status-publish format-standard has-post-thumbnail hentry category-comunicados-y-boletines category-educacion-y-cultura category-entradas category-lo-mas-reciente category-oaxaca-estados category-universidades tag-uabjo entry loop-default border_bottom_30\">\n<p class=\"entry_title\"><a title=\"Enlace Permanente a Convocatoria UABJO: Renovaci\u00f3n del Honorable Consejo Universitario\" href=\"http:\/\/www.eloriente.net\/home\/2014\/12\/08\/convocatoria-uabjo-renovacion-del-honorable-consejo-universitario\/\" rel=\"bookmark\">Convocatoria UABJO: Renovaci\u00f3n del Honorable Consejo Universitario<\/a><\/p>\n<p><a href=\"http:\/\/www.eloriente.net\/home\/2014\/12\/08\/convocatoria-uabjo-renovacion-del-honorable-consejo-universitario\/\" rel=\"bookmark\"><img decoding=\"async\" class=\"alignleft\" title=\"Convocatoria UABJO: Renovaci\u00f3n del Honorable Consejo Universitario\" src=\"http:\/\/www.eloriente.net\/home\/wp-content\/themes\/city-desk\/timthumb.php?src=http%3A%2F%2Fwww.eloriente.net%2Fhome%2Fwp-content%2Fuploads%2F2014%2F12%2F071.jpg&amp;q=90&amp;w=160&amp;h=106&amp;zc=1\" alt=\"Convocatoria UABJO: Renovaci\u00f3n del Honorable Consejo Universitario\" \/><\/a>La convocatoria puede ser consultada en uabjo.mx (www.eloriente.net \/ UABJO, Oaxaca, 8 de diciembre 2014).- El rector de la Universidad Aut\u00f3noma \u201cBenito Ju\u00e1rez\u201d de Oaxaca (UABJO), Eduardo Mart\u00ednez Helmes inform\u00f3 que ya se encuentra publicada en la p\u00e1gina de la Universidad, www.uabjo.mx, la convocatoria correspondiente al proceso de elecci\u00f3n para renovar el Honorable Consejo Universitario. [\u2026]<\/p>\n<div class=\"toolbar-social\">\n<div class=\"social-widget\">\n<div id=\"sharing-widget\"><a class=\"button icon-share\">Compartir<\/a><\/div>\n<\/div>\n<\/div>\n<p class=\"postmeta\"><span class=\"meta_date\">diciembre 8, 2014<\/span><\/p>\n<\/div>\n\n\t\t\t  <div \n\t\t\t  \tclass = \"fb-comments\" \n\t\t\t  \tdata-href = \"http:\/\/www.eloriente.net\/home\/2014\/12\/13\/concierto-de-brandeburgo-en-la-biblioteca-henestrosa\/\"\n\t\t\t  \tdata-numposts = \"10\"\n\t\t\t\tdata-colorscheme = \"dark\"\n\t\t\t\tdata-order-by = \"social\"\n\t\t\t\tdata-mobile=true>\n\t\t\t  <\/div>\n\t\t  <style>\n\t\t\t.fb_iframe_widget_fluid_desktop iframe {\n\t\t\t    width: 100% !important;\n\t\t\t}\n\t\t  <\/style>\n\t\t  ","protected":false},"excerpt":{"rendered":"<p>eloriente.net \/ UABJO 13\/diciembre\/2014 La Orquesta de C\u00e1mara de la Escuela de Bellas Artes de la UABJO se present\u00f3 en la Biblioteca \u201cAndr\u00e9s Henestrosa\u201d La Orquesta de C\u00e1mara de la Escuela de Bellas Artes (OCEBA) de la Universidad Aut\u00f3noma \u201cBenito Ju\u00e1rez\u201d de Oaxaca (UABJO) ofreci\u00f3 el tercer programa de la Segunda Temporada 2014 en la [&hellip;]<\/p>\n","protected":false},"author":1,"featured_media":34676,"comment_status":"open","ping_status":"open","sticky":false,"template":"","format":"standard","meta":{"_jetpack_memberships_contains_paid_content":false,"footnotes":""},"categories":[18,32,10,464,84],"tags":[182],"class_list":["post-34675","post","type-post","status-publish","format-standard","has-post-thumbnail","hentry","category-educacion-y-cultura","category-entradas","category-lo-mas-reciente","category-oaxaca-estados","category-universidades","tag-uabjo"],"jetpack_featured_media_url":"http:\/\/www.eloriente.net\/home\/wp-content\/uploads\/2014\/12\/13.jpg","jetpack_sharing_enabled":true,"_links":{"self":[{"href":"http:\/\/www.eloriente.net\/home\/wp-json\/wp\/v2\/posts\/34675"}],"collection":[{"href":"http:\/\/www.eloriente.net\/home\/wp-json\/wp\/v2\/posts"}],"about":[{"href":"http:\/\/www.eloriente.net\/home\/wp-json\/wp\/v2\/types\/post"}],"author":[{"embeddable":true,"href":"http:\/\/www.eloriente.net\/home\/wp-json\/wp\/v2\/users\/1"}],"replies":[{"embeddable":true,"href":"http:\/\/www.eloriente.net\/home\/wp-json\/wp\/v2\/comments?post=34675"}],"version-history":[{"count":1,"href":"http:\/\/www.eloriente.net\/home\/wp-json\/wp\/v2\/posts\/34675\/revisions"}],"predecessor-version":[{"id":34677,"href":"http:\/\/www.eloriente.net\/home\/wp-json\/wp\/v2\/posts\/34675\/revisions\/34677"}],"wp:featuredmedia":[{"embeddable":true,"href":"http:\/\/www.eloriente.net\/home\/wp-json\/wp\/v2\/media\/34676"}],"wp:attachment":[{"href":"http:\/\/www.eloriente.net\/home\/wp-json\/wp\/v2\/media?parent=34675"}],"wp:term":[{"taxonomy":"category","embeddable":true,"href":"http:\/\/www.eloriente.net\/home\/wp-json\/wp\/v2\/categories?post=34675"},{"taxonomy":"post_tag","embeddable":true,"href":"http:\/\/www.eloriente.net\/home\/wp-json\/wp\/v2\/tags?post=34675"}],"curies":[{"name":"wp","href":"https:\/\/api.w.org\/{rel}","templated":true}]}}