{"id":34704,"date":"2014-12-15T08:57:53","date_gmt":"2014-12-15T14:57:53","guid":{"rendered":"http:\/\/www.eloriente.net\/home\/?p=34704"},"modified":"2021-06-03T16:11:53","modified_gmt":"2021-06-03T22:11:53","slug":"virgen-de-guadalupe-su-importancia-en-el-mestizaje","status":"publish","type":"post","link":"http:\/\/www.eloriente.net\/home\/2014\/12\/15\/virgen-de-guadalupe-su-importancia-en-el-mestizaje\/","title":{"rendered":"Virgen de Guadalupe: su importancia en el mestizaje"},"content":{"rendered":"<p><center><script async src=\"https:\/\/pagead2.googlesyndication.com\/pagead\/js\/adsbygoogle.js\"><\/script><br \/>\n<!-- BANNER ELORIENTE INCRUSTADO NOTAS --><br \/>\n<ins class=\"adsbygoogle\" style=\"display: inline-block; width: 300px; height: 250px;\" data-ad-client=\"ca-pub-1136171134853753\" data-ad-slot=\"7974633627\"><\/ins><br \/>\n<script>\n     (adsbygoogle = window.adsbygoogle || []).push({});\n<\/script><center>\u00a0<\/center><\/center>Junto a su veneraci\u00f3n cat\u00f3lica, es un s\u00edmbolo de uni\u00f3n<\/p>\n<p>(www.eloriente.net, M\u00e9xico, 15 de diciembre de 2014; por <a href=\"http:\/\/www.eloriente.net\/home\/category\/colaboradores\/adrian-ortiz-romero\/\" target=\"_blank\" rel=\"noopener\">Adri\u00e1n Ortiz Romero<\/a>).- Cada 12 de diciembre el pa\u00eds entero se vuelca a venerar a la Virgen de Guadalupe. Ella, que es la madre de Dios y s\u00edmbolo inequ\u00edvoco de nuestra identidad nacional, tiene tambi\u00e9n un conjunto de representaciones que todos debemos conocer. La Morenita del Tepeyac es la viva representaci\u00f3n del mestizaje, de la uni\u00f3n de los pueblos luego de la conquista, y de la aceptaci\u00f3n del cristianismo por parte de los nativos mexicanos que ten\u00edan otros dioses y otras tradiciones, pero que abrazaron la religi\u00f3n tra\u00edda por los espa\u00f1oles para hacerla suya.<\/p>\n<p>En efecto, no est\u00e1 de m\u00e1s poner en duda si la evangelizaci\u00f3n fue en realidad como nos la contaron todos aquellos que a\u00fan sent\u00edan rencores hist\u00f3ricos est\u00e9riles respecto a los espa\u00f1oles. A muchos de nosotros nos contaron en la primaria que la evangelizaci\u00f3n hab\u00eda sido tra\u00edda como una especie de mecanismo de dominaci\u00f3n de los conquistadores, y que \u00e9sta se hab\u00eda logrado a base de torturas, presiones, amenazas y sufrimiento a los pobladores nativos cuando ocurri\u00f3 la conquista.<\/p>\n<p>No dudando de que algo de eso s\u00ed hubiese ocurrido, tambi\u00e9n valdr\u00eda la pena reconocer que por a\u00f1os los mexicanos fuimos presa de un falso nacionalismo que ten\u00eda como punto central repudiar la conquista de M\u00e9xico a manos de los espa\u00f1oles. Es cierto que eso acab\u00f3 con la cultura prehisp\u00e1nica, pero tambi\u00e9n lo es que abri\u00f3 paso a uno de los procesos de mestizaje m\u00e1s importantes que han ocurrido en la historia reciente de la humanidad. Quienes estaban dominados por ese falso nacionalismo ve\u00edan todo desde una posici\u00f3n claramente maniquea: los malos eran los espa\u00f1oles conquistadores, y los buenos los mexicanos conquistados. Esto puede parecer atractivo. Pero es evidente la distorsi\u00f3n que generar\u00eda cualquier intento de explicar y entender nuestra historia a partir de esa posici\u00f3n.<\/p>\n<p>Por eso vale la pena volver al punto inicial: \u00bfC\u00f3mo fue en realidad la aceptaci\u00f3n de los ind\u00edgenas del cristianismo? Una aproximaci\u00f3n ofrecida por Federico Navarrete ya hab\u00eda sido aqu\u00ed apuntada en otros momentos (<a href=\"http:\/\/bit.ly\/1tSkS7s\" target=\"_blank\" rel=\"noopener\">http:\/\/bit.ly\/1tSkS7s<\/a>). Vale la pena releer algo de lo antes se\u00f1alado: los mesoamericanos estuvieron dispuestos a conocer y adorar a los dioses cristianos \u2014as\u00ed concibieron la pl\u00e9yade de santos, v\u00edrgenes y ap\u00f3stoles que acompa\u00f1aban a la Sant\u00edsima Trinidad\u2014 porque sus religiones eran polite\u00edstas y ten\u00edan una larga tradici\u00f3n de aceptaci\u00f3n de las divinidades de otros pueblos. Adem\u00e1s, desconoc\u00edan el principio de intolerancia constitutivo del catolicismo: la convicci\u00f3n de ser la \u00fanica verdadera religi\u00f3n.<\/p>\n<p>Por si esto no fuera suficiente, los nuevos dioses cristianos hab\u00edan demostrado brutalmente su poder: para los espa\u00f1oles tanto como para los ind\u00edgenas, la conquista de los mexicas fue, sobre todo, la derrota de su temible dios guerrero, Huitzilopochtli, por el sanguinario Santiago Matamoros, santo patrono de los conquistadores.<\/p>\n<h3><script async src=\"https:\/\/pagead2.googlesyndication.com\/pagead\/js\/adsbygoogle.js\"><\/script><br \/>\n<ins class=\"adsbygoogle\" style=\"display: block; text-align: center;\" data-ad-layout=\"in-article\" data-ad-format=\"fluid\" data-ad-client=\"ca-pub-1136171134853753\" data-ad-slot=\"1904291222\"><\/ins><br \/>\n<script>\n     (adsbygoogle = window.adsbygoogle || []).push({});\n<\/script>LA VIRGEN<\/h3>\n<p>Ahora bien, el historiador Enrique Florescano (<a href=\"http:\/\/bit.ly\/1BrvXTr\" target=\"_blank\" rel=\"noopener\">http:\/\/bit.ly\/1BrvXTr<\/a>) nos ofrece una interesante visi\u00f3n de c\u00f3mo fue abrazada la Virgen de Guadalupe como s\u00edmbolo de mexicanidad y de cohesi\u00f3n del mestizaje producido por la uni\u00f3n mexicana y espa\u00f1ola. Sobre esto, sostiene que Francisco de la Maza descubri\u00f3 hace tiempo que el creador del v\u00ednculo entre la virgen de Guadalupe y el emblema de la antigua Tenochtitl\u00e1n fue un te\u00f3logo y predicador criollo, Miguel S\u00e1nchez, quien animado por un intenso sentimiento patri\u00f3tico, public\u00f3 en 1648 la primera obra que narr\u00f3 el milagro de la aparici\u00f3n de la Virgen de Guadalupe al ind\u00edgena Juan Diego. S\u00e1nchez fue el primero que percibi\u00f3 en este prodigio la se\u00f1al de que su patria era un lugar protegido por la divinidad, un pa\u00eds escogido. S\u00e1nchez le imprimi\u00f3 al milagro guadalupano una significaci\u00f3n trascendente al ubicarlo como una revelaci\u00f3n prefigurada en las sagradas escrituras.<\/p>\n<p>Al leer en el Apocalipsis de San Juan frases como \u00e9stas: \u201cY una gran se\u00f1al apareci\u00f3 en el cielo: una mujer vestida de sol y la luna bajo sus pies, y sobre su cabeza una corona de estrellas\u201d; \u201cy fueron dadas a la mujer dos alas de grande \u00e1guila\u201d, S\u00e1nchez qued\u00f3 convencido de que esas palabras deb\u00edan ser interpretadas como una premonici\u00f3n del milagro guadalupano.<\/p>\n<p>Vio en la mujer apocal\u00edptica vestida de sol a la Virgen de Guadalupe, y en el \u00e1guila alada el anuncio de la aparici\u00f3n de la Virgen en el Valle de M\u00e9xico, del mismo modo que antes el s\u00edmbolo del \u00e1guila hab\u00eda se\u00f1alado el lugar de la fundaci\u00f3n de M\u00e9xico-Tenochtitl\u00e1n. Record\u00f3 que la capital azteca tuvo por \u201cblas\u00f3n y escudo de armas (\u2026) una \u00e1guila real sobre un tunal\u201d, y de ah\u00ed extrajo deducciones sorprendentes: \u201cadvert\u00ed que cuando estaba en la tierra la mujer apocal\u00edptica se vest\u00eda de alas y plumas de \u00e1guila para volar: era decirme que todas las plumas y los ingenios del \u00e1guila de M\u00e9xico se hab\u00edan de conformar y componer en alas para que volase esta mujer prodigio y sagrada criolla\u201d. Como lo apunt\u00f3 Francisco de la Maza, S\u00e1nchez es el primero en presentar a la Guadalupe como estandarte de M\u00e9xico, mezclando en ese emblema las profec\u00edas apocal\u00edpticas cristianas con los s\u00edmbolos de los antiguos mexicanos. En una curiosa vi\u00f1eta que puso en su libro aparece la Virgen, pero no sobre el \u00e1ngel, sino sobre un nopal, y atr\u00e1s de ella las alas del \u00e1guila.<\/p>\n<p>La asociaci\u00f3n que hizo S\u00e1nchez entre la aparici\u00f3n de la Virgen, el antiguo emblema mexicano y el Apocalipsis de San Juan, cobr\u00f3 una fuerza inesperada cuando en 1737 se declar\u00f3 a la Virgen Patrona de la Ciudad de M\u00e9xico, y m\u00e1s tarde fue elevada al rango de protectora de la Nueva Espa\u00f1a (1746). El papa Benedicto XIV consagr\u00f3 esa predilecci\u00f3n por la Virgen Morena en 1754, cuando la confirm\u00f3 como protectora del reino y dispuso que se le dedicara una fiesta lit\u00fargica en el calendario cristiano. Cada uno de esos acontecimientos fue celebrado en Nueva Espa\u00f1a con ceremonias impregnadas de emoci\u00f3n y acentuados sentimientos de identidad colectiva. La Virgen fue entonces aclamada como el s\u00edmbolo m\u00e1s venerado por la poblaci\u00f3n y recibi\u00f3 el juramento formal de fidelidad de las autoridades civiles y eclesi\u00e1sticas. Y naturalmente, cada una de esas \u201cjuras\u201d le dio nuevas alas al simbolismo guadalupano. Uno de esos vuelos junt\u00f3 la imagen de la virgen con el emblema del \u00e1guila posada en el tunal, y al quedar unidos esos dos s\u00edmbolos fundacionales, desencadenaron un movimiento patri\u00f3tico avasallador.<\/p>\n<p>S\u00cdMBOLO AVASALLADOR<\/p>\n<p>Adem\u00e1s de su imagen de madre piadosa y milagrosa, que ampara a cada mexicano, la Virgen de Guadalupe es en s\u00ed misma un s\u00edmbolo de mestizaje, que tambi\u00e9n debemos entender m\u00e1s all\u00e1 de las creencias religiosas.<\/p>\n<p><script async src=\"https:\/\/pagead2.googlesyndication.com\/pagead\/js\/adsbygoogle.js\"><\/script><br \/>\n<ins class=\"adsbygoogle\" style=\"display: block; text-align: center;\" data-ad-layout=\"in-article\" data-ad-format=\"fluid\" data-ad-client=\"ca-pub-1136171134853753\" data-ad-slot=\"4724569608\"><\/ins><br \/>\n<script>\n     (adsbygoogle = window.adsbygoogle || []).push({});\n<\/script><\/p>\n<p><a href=\"http:\/\/www.eloriente.net\/home\/wp-content\/uploads\/2014\/12\/Virgen-de-Guadalupe-Esparta-Palma.jpg\"><img loading=\"lazy\" decoding=\"async\" class=\"alignnone size-medium wp-image-34705\" src=\"http:\/\/www.eloriente.net\/home\/wp-content\/uploads\/2014\/12\/Virgen-de-Guadalupe-Esparta-Palma-300x200.jpg\" alt=\"Virgen de Guadalupe - Esparta Palma\" width=\"300\" height=\"200\" srcset=\"http:\/\/www.eloriente.net\/home\/wp-content\/uploads\/2014\/12\/Virgen-de-Guadalupe-Esparta-Palma-300x200.jpg 300w, http:\/\/www.eloriente.net\/home\/wp-content\/uploads\/2014\/12\/Virgen-de-Guadalupe-Esparta-Palma.jpg 1024w\" sizes=\"(max-width: 300px) 100vw, 300px\" \/><\/a><\/p>\n<p>Foto:\u00a0<a class=\"owner-name truncate\" title=\"Ir a la galer\u00eda de Esparta Palma\" href=\"http:\/\/www.flickr.com\/photos\/esparta\/\" data-track=\"attributionNameClick\" data-rapid_p=\"23\">Esparta Palma<\/a>\u00a0&#8211;\u00a0<a class=\"photo-license-url\" href=\"https:\/\/creativecommons.org\/licenses\/by\/2.0\/\" target=\"_newtab\" rel=\"license cc:license\" data-rapid_p=\"28\"><i class=\"ui-icon-tiny-4cc\"><\/i> Algunos derechos reservados<\/a><\/p>\n<p><script async src=\"https:\/\/pagead2.googlesyndication.com\/pagead\/js\/adsbygoogle.js\"><\/script><br \/>\n<ins class=\"adsbygoogle\" style=\"display: block; text-align: center;\" data-ad-layout=\"in-article\" data-ad-format=\"fluid\" data-ad-client=\"ca-pub-1136171134853753\" data-ad-slot=\"1904291222\"><\/ins><br \/>\n<script>\n     (adsbygoogle = window.adsbygoogle || []).push({});\n<\/script><\/p>\n<p><strong>Entradas relacionadas:<\/strong><\/p>\n<div id=\"post-34575\" class=\"post-34575 post type-post status-publish format-standard has-post-thumbnail hentry category-adrian-ortiz-romero category-colaboradores category-entradas category-lo-mas-reciente category-oaxaca-estados category-politica-y-gobierno tag-fiscalia tag-gabino-cue entry loop-default border_bottom_30\">\n<p class=\"entry_title\"><a title=\"Enlace Permanente a No necesitamos una fiscal\u00eda: urge aplicar la ley\" href=\"http:\/\/www.eloriente.net\/home\/2014\/12\/10\/no-necesitamos-una-fiscalia-urge-aplicar-la-ley\/\" rel=\"bookmark\">No necesitamos una fiscal\u00eda: urge aplicar la ley<\/a><\/p>\n<p><a href=\"http:\/\/www.eloriente.net\/home\/2014\/12\/10\/no-necesitamos-una-fiscalia-urge-aplicar-la-ley\/\" rel=\"bookmark\"><img decoding=\"async\" class=\"alignleft\" title=\"No necesitamos una fiscal\u00eda: urge aplicar la ley\" src=\"http:\/\/www.eloriente.net\/home\/wp-content\/themes\/city-desk\/timthumb.php?src=http%3A%2F%2Fwww.eloriente.net%2Fhome%2Fwp-content%2Fuploads%2F2012%2F11%2FGABINO-CUE-ENTREVISTA-220811-2-300x199.jpg&amp;q=90&amp;w=160&amp;h=106&amp;zc=1\" alt=\"No necesitamos una fiscal\u00eda: urge aplicar la ley\" \/><\/a>PGJE: con alcances similares a la norma federal (www.eloriente.net, 10 de diciembre 2014; por Adri\u00e1n Ortiz Romero).- Dentro de las medidas que el gobernador Gabino Cu\u00e9 anunci\u00f3 en el marco del arranque de su quinto a\u00f1o de gesti\u00f3n, sobresali\u00f3 su disposici\u00f3n de realizar las modificaciones constitucionales que sean necesarias para adecuar el marco jur\u00eddico estatal [\u2026]<\/p>\n<div class=\"toolbar-social\">\n<div class=\"social-widget\">\n<div id=\"sharing-widget\"><a class=\"button icon-share\">Compartir<\/a><span class=\"share-count\">0<\/span><\/div>\n<\/div>\n<\/div>\n<p class=\"postmeta\"><span class=\"meta_date\">diciembre 10, 2014<\/span><\/p>\n<\/div>\n<div id=\"post-34530\" class=\"post-34530 post type-post status-publish format-standard has-post-thumbnail hentry category-lunesdepolitica category-adrian-ortiz-romero category-colaboradores category-entradas category-lo-mas-reciente category-politica-y-gobierno tag-constitucion tag-constitucion-politica-de-los-estados-unidos-mexicanos entry loop-default border_bottom_30\">\n<p class=\"entry_title\"><a title=\"Enlace Permanente a Debemos pensar ya en una nueva Constituci\u00f3n\" href=\"http:\/\/www.eloriente.net\/home\/2014\/12\/08\/debemos-pensar-ya-en-una-nueva-constitucion\/\" rel=\"bookmark\">Debemos pensar ya en una nueva Constituci\u00f3n<\/a><\/p>\n<p><a href=\"http:\/\/www.eloriente.net\/home\/2014\/12\/08\/debemos-pensar-ya-en-una-nueva-constitucion\/\" rel=\"bookmark\"><img decoding=\"async\" class=\"alignleft\" title=\"Debemos pensar ya en una nueva Constituci\u00f3n\" src=\"http:\/\/www.eloriente.net\/home\/wp-content\/themes\/city-desk\/timthumb.php?src=http%3A%2F%2Fwww.eloriente.net%2Fhome%2Fwp-content%2Fuploads%2F2014%2F02%2Fconstituci%C3%B3n.jpg&amp;q=90&amp;w=160&amp;h=106&amp;zc=1\" alt=\"Debemos pensar ya en una nueva Constituci\u00f3n\" \/><\/a>Momento cr\u00edtico debe cambiar ruta de parches (www.eloriente.net, M\u00e9xico, 8 de diciembre 2014; por Adri\u00e1n Ortiz Romero).- En M\u00e9xico debemos comenzar a considerar en serio la posibilidad de llamar a un congreso constituyente para que redacte una nueva Constituci\u00f3n. Son varias las circunstancias que hacen evidente esta necesidad, aunque ninguna otra es del tama\u00f1o de [\u2026]<\/p>\n<div class=\"toolbar-social\">\n<div class=\"social-widget\">\n<div id=\"sharing-widget\"><a class=\"button icon-share\">Compartir<\/a><span class=\"share-count\">0<\/span><\/div>\n<\/div>\n<\/div>\n<p class=\"postmeta\"><span class=\"meta_date\">diciembre 8, 2014<\/span><\/p>\n<\/div>\n<div id=\"post-34405\" class=\"post-34405 post type-post status-publish format-standard has-post-thumbnail hentry category-adrian-ortiz-romero category-colaboradores category-entradas category-lo-mas-reciente category-oaxaca-estados category-politica-y-gobierno tag-consulta-popular tag-policia entry loop-default border_bottom_30\">\n<p class=\"entry_title\"><a title=\"Enlace Permanente a Gobierno federal debe explicar la unificaci\u00f3n de las polic\u00edas\" href=\"http:\/\/www.eloriente.net\/home\/2014\/12\/03\/gobierno-federal-debe-explicar-la-unificacion-de-las-policias\/\" rel=\"bookmark\">Gobierno federal debe explicar la unificaci\u00f3n de las polic\u00edas<\/a><\/p>\n<p><a href=\"http:\/\/www.eloriente.net\/home\/2014\/12\/03\/gobierno-federal-debe-explicar-la-unificacion-de-las-policias\/\" rel=\"bookmark\"><img decoding=\"async\" class=\"alignleft\" title=\"Gobierno federal debe explicar la unificaci\u00f3n de las polic\u00edas\" src=\"http:\/\/www.eloriente.net\/home\/wp-content\/themes\/city-desk\/timthumb.php?src=http%3A%2F%2Fwww.eloriente.net%2Fhome%2Fwp-content%2Fuploads%2F2014%2F11%2FConsulta-Popular-Comit%C3%A9-Melendre.jpg&amp;q=90&amp;w=160&amp;h=106&amp;zc=1\" alt=\"Gobierno federal debe explicar la unificaci\u00f3n de las polic\u00edas\" \/><\/a>Donde quedan los derechos ind\u00edgenas y el Convenio 169 de la OIT (www.eloriente.net, M\u00e9xico, 3 de diciembre 2014; por Adri\u00e1n Ortiz Romero).- Aunque parece un asunto muy local de una entidad como Oaxaca, el gobierno federal deber\u00eda responder a una pregunta en espec\u00edfico ante su propuesta de unificaci\u00f3n de las polic\u00edas municipales en una sola [\u2026]<\/p>\n<div class=\"toolbar-social\">\n<div class=\"social-widget\">\n<div id=\"sharing-widget\"><a class=\"button icon-share\">Compartir<\/a><span class=\"share-count\">0<\/span><\/div>\n<\/div>\n<\/div>\n<p class=\"postmeta\"><span class=\"meta_date\">diciembre 3, 2014<\/span><\/p>\n<\/div>\n\n\t\t\t  <div \n\t\t\t  \tclass = \"fb-comments\" \n\t\t\t  \tdata-href = \"http:\/\/www.eloriente.net\/home\/2014\/12\/15\/virgen-de-guadalupe-su-importancia-en-el-mestizaje\/\"\n\t\t\t  \tdata-numposts = \"10\"\n\t\t\t\tdata-colorscheme = \"dark\"\n\t\t\t\tdata-order-by = \"social\"\n\t\t\t\tdata-mobile=true>\n\t\t\t  <\/div>\n\t\t  <style>\n\t\t\t.fb_iframe_widget_fluid_desktop iframe {\n\t\t\t    width: 100% !important;\n\t\t\t}\n\t\t  <\/style>\n\t\t  ","protected":false},"excerpt":{"rendered":"<p>\u00a0Junto a su veneraci\u00f3n cat\u00f3lica, es un s\u00edmbolo de uni\u00f3n (www.eloriente.net, M\u00e9xico, 15 de diciembre de 2014; por Adri\u00e1n Ortiz Romero).- Cada 12 de diciembre el pa\u00eds entero se vuelca a venerar a la Virgen de Guadalupe. Ella, que es la madre de Dios y s\u00edmbolo inequ\u00edvoco de nuestra identidad nacional, tiene tambi\u00e9n un conjunto [&hellip;]<\/p>\n","protected":false},"author":2,"featured_media":34705,"comment_status":"open","ping_status":"open","sticky":false,"template":"","format":"standard","meta":{"_jetpack_memberships_contains_paid_content":false,"footnotes":""},"categories":[38,11,18,32,10],"tags":[3168,12246],"class_list":["post-34704","post","type-post","status-publish","format-standard","has-post-thumbnail","hentry","category-adrian-ortiz-romero","category-colaboradores","category-educacion-y-cultura","category-entradas","category-lo-mas-reciente","tag-virgen-de-guadalupe","tag-virgen-mestizaje"],"jetpack_featured_media_url":"http:\/\/www.eloriente.net\/home\/wp-content\/uploads\/2014\/12\/Virgen-de-Guadalupe-Esparta-Palma.jpg","jetpack_sharing_enabled":true,"_links":{"self":[{"href":"http:\/\/www.eloriente.net\/home\/wp-json\/wp\/v2\/posts\/34704"}],"collection":[{"href":"http:\/\/www.eloriente.net\/home\/wp-json\/wp\/v2\/posts"}],"about":[{"href":"http:\/\/www.eloriente.net\/home\/wp-json\/wp\/v2\/types\/post"}],"author":[{"embeddable":true,"href":"http:\/\/www.eloriente.net\/home\/wp-json\/wp\/v2\/users\/2"}],"replies":[{"embeddable":true,"href":"http:\/\/www.eloriente.net\/home\/wp-json\/wp\/v2\/comments?post=34704"}],"version-history":[{"count":4,"href":"http:\/\/www.eloriente.net\/home\/wp-json\/wp\/v2\/posts\/34704\/revisions"}],"predecessor-version":[{"id":64575,"href":"http:\/\/www.eloriente.net\/home\/wp-json\/wp\/v2\/posts\/34704\/revisions\/64575"}],"wp:featuredmedia":[{"embeddable":true,"href":"http:\/\/www.eloriente.net\/home\/wp-json\/wp\/v2\/media\/34705"}],"wp:attachment":[{"href":"http:\/\/www.eloriente.net\/home\/wp-json\/wp\/v2\/media?parent=34704"}],"wp:term":[{"taxonomy":"category","embeddable":true,"href":"http:\/\/www.eloriente.net\/home\/wp-json\/wp\/v2\/categories?post=34704"},{"taxonomy":"post_tag","embeddable":true,"href":"http:\/\/www.eloriente.net\/home\/wp-json\/wp\/v2\/tags?post=34704"}],"curies":[{"name":"wp","href":"https:\/\/api.w.org\/{rel}","templated":true}]}}