{"id":34713,"date":"2014-12-16T00:00:52","date_gmt":"2014-12-16T06:00:52","guid":{"rendered":"http:\/\/www.eloriente.net\/home\/?p=34713"},"modified":"2014-12-15T13:58:31","modified_gmt":"2014-12-15T19:58:31","slug":"lo-que-realmente-debe-entenderse-por-migracion","status":"publish","type":"post","link":"http:\/\/www.eloriente.net\/home\/2014\/12\/16\/lo-que-realmente-debe-entenderse-por-migracion\/","title":{"rendered":"Lo que realmente debe entenderse por migraci\u00f3n"},"content":{"rendered":"<p>(<a href=\"http:\/\/www.eloriente.net\/\" target=\"_blank\">www.eloriente.net<\/a>, 16 de diciembre 2014).- El 18 de diciembre es el D\u00eda Internacional del Migrante proclamado por las <a href=\"http:\/\/www.cinu.org.mx\/eventos\/observancias.htm#dmigrante\" target=\"_blank\">Naciones Unidas<\/a>. M\u00e9xico es un pa\u00eds altamente asociado a la migraci\u00f3n, tanto por los connacionales que parten hacia Estados Unidos, como por los centroamericanos que ven en M\u00e9xico el puente para llegar a la Uni\u00f3n Americana. <a href=\"http:\/\/www.scielo.org.mx\/scielo.php?script=sci_arttext&amp;pid=S1870-35502008000200010\" target=\"_blank\">La migraci\u00f3n de mexicanos a Estados Unidos<\/a> se debe a un conjunto de factores que incluyen, entre otros, la proximidad\u00a0geogr\u00e1fica, el impacto de la econom\u00eda estadounidense en la mexicana y la pertenencia de algunos territorios del sur de Estados Unidos a M\u00e9xico hasta el siglo XIX.<\/p>\n<p>Normalmente comprendemos el fen\u00f3meno migratorio de manera exclusiva como la movilidad de un estado naci\u00f3n a otro, pero de acuerdo a Alejandro Grimson, doctor en Antropolog\u00eda por la Universidad de Brasilia, es necesario saber qu\u00e9 se pretende decir con la palabra \u00abmigraci\u00f3n\u00bb, ya que en t\u00e9rminos cuantitativos y cualitativos hay contextos hist\u00f3ricos en los cuales los desplazamientos territoriales internos de los Estados nacionales son m\u00e1s importantes que los internacionales.<\/p>\n<p>Seg\u00fan\u00a0Bourdieu y Wacquant, antes de ser inmigrante se es emigrante. En palabras de\u00a0<a href=\"http:\/\/revistas.flacsoandes.edu.ec\/index.php\/iconos\/article\/viewFile\/554\/537\" target=\"_blank\">Gioconda Herrera<\/a>, Profesora-Investigadora de FLACSO-Ecuador, con esta afirmaci\u00f3n lo que los dos investigadores buscan subrayar es la importancia de conectar el lugar de origen con el de destino en los estudios sobre migraci\u00f3n y la necesidad de reconocer que estos procesos modifican la vida de los que se quedan, de los que se van y de<br \/>\nlas sociedades de destino.<\/p>\n<p><a href=\"http:\/\/www.nuso.org\/upload\/articulos\/3773_1.pdf\" target=\"_blank\">Es cuando queremos retomar el an\u00e1lisis de Grimson<\/a>, en el que desvela muchas concepciones no del todo acertadas sobre el t\u00e9rmino migraci\u00f3n. Una de las m\u00e1s comunes implica que la migraci\u00f3n solamente se realiza hacia potencias mundiales o pa\u00edses centrales, dejando en un plano secundario las din\u00e1micas regionales que se producen en el Cono Sur, en Centroam\u00e9rica (Nicaragua\/Costa Rica) y en diferentes zonas de Asia y \u00c1frica. Las migraciones hacia Europa desde las ex-colonias son un fen\u00f3meno tan peculiar como cualquier otro. Aproximadamente uno de cada tres migrantes actuales se desplaza entre regiones y pa\u00edses \u00abdel Sur\u00bb.<\/p>\n<p>Se tiende a asociar la pobreza con la migraci\u00f3n, esto debido a que en muchas sociedades, la mayor parte de los inmigrantes se ubican en los escalones menos favorecidos de la distribuci\u00f3n del ingreso. De acuerdo con el autor, las personas m\u00e1s pobres de cada sociedad no suelen conformar los grupos que busquen cambiar su lugar de residencia en busca de oportunidades, ya que migrar es una empresa que requiere generalmente de ciertos ahorros y redes sociales. Estos sectores muchas veces no tienen la migraci\u00f3n como opci\u00f3n.<\/p>\n<p>Tambi\u00e9n es posible que a lo largo del tiempo, los inmigrantes asciendan social o econ\u00f3micamente. Pero esto no ha logrado modificar las poderosas estigmatizaciones que sufren esos inmigrantes, que son discriminados usualmente en la v\u00eda p\u00fablica, en el trabajo, en la escuela y en otras esferas sociales. En ese sentido, no siempre los m\u00e1s estigmatizados son los m\u00e1s pobres en t\u00e9rminos estrictamente econ\u00f3micos.<\/p>\n<p>Para consultar el art\u00edculo completo de Alejandro Grimson, <a href=\"http:\/\/www.nuso.org\/upload\/articulos\/3773_1.pdf\" target=\"_blank\">haz clic aqu\u00ed<\/a>.<\/p>\n<p>En El Oriente, ponemos a tu disposici\u00f3n dos documentales que muestran el fen\u00f3meno migratorio desde adentro y las grandes adversidades que muchos enfrentan en su b\u00fasqueda de nuevas oportunidades de vida:<\/p>\n<p><iframe loading=\"lazy\" src=\"\/\/www.youtube.com\/embed\/M4oP_M81YpY\" width=\"560\" height=\"315\" frameborder=\"0\" allowfullscreen=\"allowfullscreen\"><\/iframe><\/p>\n<p><iframe loading=\"lazy\" src=\"\/\/www.youtube.com\/embed\/16SzkHF0TpM\" width=\"420\" height=\"315\" frameborder=\"0\" allowfullscreen=\"allowfullscreen\"><\/iframe><\/p>\n<p><a href=\"http:\/\/www.eloriente.net\/home\/wp-content\/uploads\/2014\/12\/Inmigraci\u00f3n-commons.wikimedia.org_.jpg\"><img loading=\"lazy\" decoding=\"async\" class=\"alignnone size-medium wp-image-34717\" src=\"http:\/\/www.eloriente.net\/home\/wp-content\/uploads\/2014\/12\/Inmigraci\u00f3n-commons.wikimedia.org_-300x225.jpg\" alt=\"Inmigraci\u00f3n - commons.wikimedia.org\" width=\"300\" height=\"225\" srcset=\"http:\/\/www.eloriente.net\/home\/wp-content\/uploads\/2014\/12\/Inmigraci\u00f3n-commons.wikimedia.org_-300x225.jpg 300w, http:\/\/www.eloriente.net\/home\/wp-content\/uploads\/2014\/12\/Inmigraci\u00f3n-commons.wikimedia.org_-1024x768.jpg 1024w\" sizes=\"(max-width: 300px) 100vw, 300px\" \/><\/a><\/p>\n<p>Foto: <a href=\"http:\/\/upload.wikimedia.org\/wikipedia\/commons\/2\/2e\/May_Day_Immigration_March_LA37.jpg\" target=\"_blank\">commons.wikimedia.org<\/a><\/p>\n<p><strong>Entradas relacionadas:<\/strong><\/p>\n<p class=\"entry_title\"><a title=\"Enlace Permanente a D\u00eda Internacional contra la Corrupci\u00f3n, \u00bfvamos avanzando M\u00e9xico?\" href=\"http:\/\/www.eloriente.net\/home\/2014\/12\/09\/dia-internacional-contra-la-corrupcion-vamos-avanzando-mexico\/\" rel=\"bookmark\">D\u00eda Internacional contra la Corrupci\u00f3n, \u00bfvamos avanzando M\u00e9xico?<\/a><\/p>\n<p><a href=\"http:\/\/www.eloriente.net\/home\/2014\/12\/09\/dia-internacional-contra-la-corrupcion-vamos-avanzando-mexico\/\" rel=\"bookmark\"><img decoding=\"async\" class=\"alignleft\" title=\"D\u00eda Internacional contra la Corrupci\u00f3n, \u00bfvamos avanzando M\u00e9xico?\" src=\"http:\/\/www.eloriente.net\/home\/wp-content\/themes\/city-desk\/timthumb.php?src=http%3A%2F%2Fwww.eloriente.net%2Fhome%2Fwp-content%2Fuploads%2F2014%2F12%2FPesos.jpg&amp;q=90&amp;w=160&amp;h=106&amp;zc=1\" alt=\"D\u00eda Internacional contra la Corrupci\u00f3n, \u00bfvamos avanzando M\u00e9xico?\" \/><\/a><\/p>\n<p>(www.eloriente.net, M\u00e9xico, 9 de diciembre 2014).- Hoy es el D\u00eda Internacional contra la Corrupci\u00f3n propuesto por la Organizaci\u00f3n de las Naciones Unidas.\u00a0La corrupci\u00f3n es un complejo fen\u00f3meno social, pol\u00edtico y econ\u00f3mico, que afecta a todos los pa\u00edses. Seg\u00fan la ONU, socava las instituciones democr\u00e1ticas al distorsionar los procesos electorales, pervertir el imperio de la ley [\u2026]<\/p>\n<div class=\"toolbar-social\">\n<div class=\"social-widget\">\n<div id=\"sharing-widget\"><a class=\"button icon-share\">Compartir<\/a><span class=\"share-count\">3<\/span><\/div>\n<\/div>\n<\/div>\n<p class=\"postmeta\"><span class=\"meta_date\">diciembre 9, 2014<\/span><\/p>\n<p class=\"entry_title\"><a title=\"Enlace Permanente a VIH-SIDA: Origen, explicaci\u00f3n y tratamiento\" href=\"http:\/\/www.eloriente.net\/home\/2014\/12\/02\/vih-sida-origen-explicacion-y-tratamiento\/\" rel=\"bookmark\">VIH-SIDA: Origen, explicaci\u00f3n y tratamiento<\/a><\/p>\n<p class=\"postmeta\"><a href=\"http:\/\/www.eloriente.net\/home\/2014\/12\/02\/vih-sida-origen-explicacion-y-tratamiento\/\" rel=\"bookmark\"><img decoding=\"async\" class=\"alignleft\" title=\"VIH-SIDA: Origen, explicaci\u00f3n y tratamiento\" src=\"http:\/\/www.eloriente.net\/home\/wp-content\/themes\/city-desk\/timthumb.php?src=http%3A%2F%2Fwww.eloriente.net%2Fhome%2Fwp-content%2Fuploads%2F2014%2F12%2FSIDA-jacinta-lluch-valero.jpg&amp;q=90&amp;w=160&amp;h=106&amp;zc=1\" alt=\"VIH-SIDA: Origen, explicaci\u00f3n y tratamiento\" \/><\/a><\/p>\n<p>(www.eloriente.net, Oaxaca, 02 de diciembre\/2014).- Muchas teor\u00edas sobre el origen del SIDA, apuntan a la interacci\u00f3n entre los simios\u00a0y los seres humanos. La primera de ellas afirma que el Virus de Inmunodeficiencia Humana (VIH) proviene del Virus de Inmunodeficiencia en Simios (SIV, por sus siglas en ingl\u00e9s), poco v\u00e1lida ya que el SIV no causa [\u2026]<\/p>\n<div class=\"toolbar-social\">\n<div class=\"social-widget\">\n<div id=\"sharing-widget\"><a class=\"button icon-share\">Compartir<\/a><span class=\"share-count\">0<\/span><\/div>\n<\/div>\n<\/div>\n<p class=\"postmeta\"><span class=\"meta_date\">diciembre 2, 2014<\/span><\/p>\n<p class=\"entry_title\"><a title=\"Enlace Permanente a Violencia contra la mujer en M\u00e9xico (1985-2010)\" href=\"http:\/\/www.eloriente.net\/home\/2014\/11\/25\/violencia-contra-la-mujer-en-mexico-1985-2010\/\" rel=\"bookmark\">Violencia contra la mujer en M\u00e9xico (1985-2010)<\/a><\/p>\n<p class=\"postmeta\"><a href=\"http:\/\/www.eloriente.net\/home\/2014\/11\/25\/violencia-contra-la-mujer-en-mexico-1985-2010\/\" rel=\"bookmark\"><img decoding=\"async\" class=\"alignleft\" title=\"Violencia contra la mujer en M\u00e9xico (1985-2010)\" src=\"http:\/\/www.eloriente.net\/home\/wp-content\/themes\/city-desk\/timthumb.php?src=http%3A%2F%2Fwww.eloriente.net%2Fhome%2Fwp-content%2Fuploads%2F2014%2F11%2FMaltrato-Mujer-Kenny-Rivas.jpg&amp;q=90&amp;w=160&amp;h=106&amp;zc=1\" alt=\"Violencia contra la mujer en M\u00e9xico (1985-2010)\" \/><\/a><\/p>\n<p>(www.eloriente.net, Oaxaca, M\u00e9xico, 25 de noviembre\/2014).- En diciembre de 2012 fue presentado el estudio Violencia feminicida en M\u00e9xico. Caracter\u00edsticas, tendencias y nuevas expresiones en las entidades federativas (1985-2010), realizado a trav\u00e9s de un esfuerzo conjunto entre la Comisi\u00f3n Especial para el Seguimiento de los Feminicidios (CESF)\u2013 de la LXI Legislatura, en colaboraci\u00f3n con ONU Mujeres [\u2026]<\/p>\n<div class=\"toolbar-social\">\n<div class=\"social-widget\">\n<div id=\"sharing-widget\"><a class=\"button icon-share\">Compartir<\/a><span class=\"share-count\">2<\/span><\/div>\n<\/div>\n<\/div>\n<p class=\"postmeta\"><span class=\"meta_date\">noviembre 25, 2014<\/span><\/p>\n\n\t\t\t  <div \n\t\t\t  \tclass = \"fb-comments\" \n\t\t\t  \tdata-href = \"http:\/\/www.eloriente.net\/home\/2014\/12\/16\/lo-que-realmente-debe-entenderse-por-migracion\/\"\n\t\t\t  \tdata-numposts = \"10\"\n\t\t\t\tdata-colorscheme = \"dark\"\n\t\t\t\tdata-order-by = \"social\"\n\t\t\t\tdata-mobile=true>\n\t\t\t  <\/div>\n\t\t  <style>\n\t\t\t.fb_iframe_widget_fluid_desktop iframe {\n\t\t\t    width: 100% !important;\n\t\t\t}\n\t\t  <\/style>\n\t\t  ","protected":false},"excerpt":{"rendered":"<p>(www.eloriente.net, 16 de diciembre 2014).- El 18 de diciembre es el D\u00eda Internacional del Migrante proclamado por las Naciones Unidas. M\u00e9xico es un pa\u00eds altamente asociado a la migraci\u00f3n, tanto por los connacionales que parten hacia Estados Unidos, como por los centroamericanos que ven en M\u00e9xico el puente para llegar a la Uni\u00f3n Americana. La [&hellip;]<\/p>\n","protected":false},"author":1,"featured_media":34717,"comment_status":"open","ping_status":"open","sticky":false,"template":"","format":"standard","meta":{"_jetpack_memberships_contains_paid_content":false,"footnotes":""},"categories":[3,32,13,24],"tags":[871],"class_list":["post-34713","post","type-post","status-publish","format-standard","has-post-thumbnail","hentry","category-canal-1-tu-aula","category-entradas","category-especiales","category-mexico-y-el-mundo","tag-migracion"],"jetpack_featured_media_url":"http:\/\/www.eloriente.net\/home\/wp-content\/uploads\/2014\/12\/Inmigraci\u00f3n-commons.wikimedia.org_.jpg","jetpack_sharing_enabled":true,"_links":{"self":[{"href":"http:\/\/www.eloriente.net\/home\/wp-json\/wp\/v2\/posts\/34713"}],"collection":[{"href":"http:\/\/www.eloriente.net\/home\/wp-json\/wp\/v2\/posts"}],"about":[{"href":"http:\/\/www.eloriente.net\/home\/wp-json\/wp\/v2\/types\/post"}],"author":[{"embeddable":true,"href":"http:\/\/www.eloriente.net\/home\/wp-json\/wp\/v2\/users\/1"}],"replies":[{"embeddable":true,"href":"http:\/\/www.eloriente.net\/home\/wp-json\/wp\/v2\/comments?post=34713"}],"version-history":[{"count":3,"href":"http:\/\/www.eloriente.net\/home\/wp-json\/wp\/v2\/posts\/34713\/revisions"}],"predecessor-version":[{"id":34718,"href":"http:\/\/www.eloriente.net\/home\/wp-json\/wp\/v2\/posts\/34713\/revisions\/34718"}],"wp:featuredmedia":[{"embeddable":true,"href":"http:\/\/www.eloriente.net\/home\/wp-json\/wp\/v2\/media\/34717"}],"wp:attachment":[{"href":"http:\/\/www.eloriente.net\/home\/wp-json\/wp\/v2\/media?parent=34713"}],"wp:term":[{"taxonomy":"category","embeddable":true,"href":"http:\/\/www.eloriente.net\/home\/wp-json\/wp\/v2\/categories?post=34713"},{"taxonomy":"post_tag","embeddable":true,"href":"http:\/\/www.eloriente.net\/home\/wp-json\/wp\/v2\/tags?post=34713"}],"curies":[{"name":"wp","href":"https:\/\/api.w.org\/{rel}","templated":true}]}}