{"id":34719,"date":"2014-12-19T00:00:57","date_gmt":"2014-12-19T06:00:57","guid":{"rendered":"http:\/\/www.eloriente.net\/home\/?p=34719"},"modified":"2014-12-15T14:41:39","modified_gmt":"2014-12-15T20:41:39","slug":"proponen-siete-maneras-de-gastar-el-aguinaldo","status":"publish","type":"post","link":"http:\/\/www.eloriente.net\/home\/2014\/12\/19\/proponen-siete-maneras-de-gastar-el-aguinaldo\/","title":{"rendered":"Proponen siete maneras de gastar el aguinaldo"},"content":{"rendered":"<p>(<a href=\"http:\/\/www.eloriente.net\/home\/category\/colaboradores\/tecnologico-de-monterrey\/\" target=\"_blank\">www.eloriente.net<\/a> \/ <a href=\"http:\/\/www.itesm.mx\/wps\/portal?WCM_GLOBAL_CONTEXT=\" target=\"_blank\">ITESM<\/a>, M\u00e9xico, 19 de diciembre 2014). &#8211;\u00a0Alberto Tovar Castro, catedr\u00e1tico del Tecnol\u00f3gico de Monterrey, sugiere que despu\u00e9s de los embates del Buen Fin, todav\u00eda falta la presi\u00f3n de los negocios que desean quedarse con el aguinaldo de los trabajadores, por lo que la \u00fanica forma de dejar de gastar ante la avalancha publicitaria y entorno de compras de la \u00e9poca es a trav\u00e9s de un presupuesto.<\/p>\n<p>Y es que en opini\u00f3n del catedr\u00e1tico \u201cel dar presentes genera una gran satisfacci\u00f3n; sin embargo, valdr\u00eda la pena sopesarlo conforme al uso alternativo del recurso y ya estableciendo una gran cantidad m\u00e1xima de dinero, ce\u00f1irse a ella en funci\u00f3n de los compromisos\u201d.<\/p>\n<p>De esta forma la primera forma sobre c\u00f3mo destinar el aguinaldo reside en que \u00e9ste y los bonos que se otorgan en diciembre, no son ingresos extraordinarios; son parte del sueldo y deben ser considerados integralmente para cubrir las necesidades de todo el a\u00f1o.<\/p>\n<p>La segunda forma es que hoy d\u00eda existen personas que viven una crisis de liquidez en forma permanente y persiguiendo la quincena todo el tiempo, por lo que tener un monto de recursos como contingencia ayuda a evitarlo.<\/p>\n<p>Tovar Castro especifica que la tercer raz\u00f3n que debe \u201cponer a pensar\u201d al consumidor antes de ponerse a gastar, es revisar los pasivos de corto plazo, como son las tarjetas de cr\u00e9dito o los adeudos fijados a la n\u00f3mina, ya que ser\u00eda una buena oportunidad para bajar saldos de deudas caras.<\/p>\n<p>Sobre la incapacidad para ahorrar, el catedr\u00e1tico define que esta es otra raz\u00f3n para el destino del aguinaldo, ya sea a trav\u00e9s del sistema bancario o entrando a alg\u00fan fondo de inversi\u00f3n en una casa de bolsa. Incluso, puede ser la semilla para compras de mayor envergadura, como la adquisici\u00f3n de una casa o un auto.<\/p>\n<p>Otro elemento en el cual se puede destinar el aguinaldo es contratar un seguro escolar y asegurar la educaci\u00f3n universitaria de sus hijos. \u201cEsta es una manera de amarrar el ingreso y dejar de estar sujeto a la tentaci\u00f3n de gastarlo; al pasar el tiempo ver\u00e1s que el esfuerzo tuvo sus frutos\u201d, menciona Tovar Castro.<\/p>\n<p>As\u00ed mismo, el experto en finanzas destaca que la famosa cuesta de enero es inevitable y es fundamental hacer un c\u00e1lculo de cu\u00e1nto se requerir\u00e1 para pasarla. Es frecuente que despu\u00e9s de la \u201cborrachera\u201d de los gastos de diciembre, venga la cruda realidad de los pagos de inicios de a\u00f1o.<\/p>\n<p>Por esta raz\u00f3n, \u201chacer un listado de necesidades en casa es una forma de fijar prioridades y hace posible que los recursos se pueden utilizar para otras cosas importantes como el cambio de alg\u00fan bien mueble dentro del hogar o incluso a la atenci\u00f3n de la salud de achaques que no se han atendido por falta de dinero\u201d concluye Tovar Castro.<\/p>\n<p><a href=\"http:\/\/www.eloriente.net\/home\/wp-content\/uploads\/2014\/12\/Alberto-Tovar-Castro.jpg\"><img loading=\"lazy\" decoding=\"async\" class=\"alignnone size-medium wp-image-34721\" src=\"http:\/\/www.eloriente.net\/home\/wp-content\/uploads\/2014\/12\/Alberto-Tovar-Castro-300x200.jpg\" alt=\"Alberto Tovar Castro\" width=\"300\" height=\"200\" srcset=\"http:\/\/www.eloriente.net\/home\/wp-content\/uploads\/2014\/12\/Alberto-Tovar-Castro-300x200.jpg 300w, http:\/\/www.eloriente.net\/home\/wp-content\/uploads\/2014\/12\/Alberto-Tovar-Castro-1024x682.jpg 1024w\" sizes=\"(max-width: 300px) 100vw, 300px\" \/><\/a><\/p>\n<p>Foto: ITESM<\/p>\n<p><strong>Entradas relacionadas:<\/strong><\/p>\n<div id=\"post-34609\" class=\"post-34609 post type-post status-publish format-standard has-post-thumbnail hentry category-colaboradores category-educacion-y-cultura category-entradas category-lo-mas-reciente category-mexico-y-el-mundo category-tecnologico-de-monterrey category-universidades tag-itesm entry loop-default border_bottom_30\">\n<p class=\"entry_title\"><a title=\"Enlace Permanente a Tec de Monterrey, mejor universidad de M\u00e9xico seg\u00fan empleadores\" href=\"http:\/\/www.eloriente.net\/home\/2014\/12\/12\/tec-de-monterrey-mejor-universidad-de-mexico-segun-empleadores\/\" rel=\"bookmark\">Tec de Monterrey, mejor universidad de M\u00e9xico seg\u00fan empleadores<\/a><\/p>\n<p><a href=\"http:\/\/www.eloriente.net\/home\/2014\/12\/12\/tec-de-monterrey-mejor-universidad-de-mexico-segun-empleadores\/\" rel=\"bookmark\"><img decoding=\"async\" class=\"alignleft\" title=\"Tec de Monterrey, mejor universidad de M\u00e9xico seg\u00fan empleadores\" src=\"http:\/\/www.eloriente.net\/home\/wp-content\/themes\/city-desk\/timthumb.php?src=http%3A%2F%2Fwww.eloriente.net%2Fhome%2Fwp-content%2Fuploads%2F2014%2F09%2FTec-de-MTY-HKFarewell.jpg&amp;q=90&amp;w=160&amp;h=106&amp;zc=1\" alt=\"Tec de Monterrey, mejor universidad de M\u00e9xico seg\u00fan empleadores\" \/><\/a>(www.eloriente.net \/ ITESM, M\u00e9xico, 12 de diciembre 2014).- El Informe Global de Empleabilidad, que publica cada a\u00f1o The New York Times desde su primera edici\u00f3n en 2010, analiza cu\u00e1les son las\u00a0principales universidades a las que los empleadores acuden para reclutar en el futuro a sus trabajadores. Apoyado por Emerging, Consultor\u00eda de Recursos Humanos con sede [\u2026]<\/p>\n<div class=\"toolbar-social\">\n<div class=\"social-widget\">\n<div id=\"sharing-widget\"><a class=\"button icon-share\">Compartir<\/a><span class=\"share-count\">0<\/span><\/div>\n<\/div>\n<\/div>\n<p class=\"postmeta\"><span class=\"meta_date\">diciembre 12, 2014<\/span><\/p>\n<\/div>\n<div id=\"post-34432\" class=\"post-34432 post type-post status-publish format-standard has-post-thumbnail hentry category-colaboradores category-educacion-y-cultura category-entradas category-lo-mas-reciente category-tecnologico-de-monterrey category-universidades tag-amazon tag-itesm entry loop-default border_bottom_30\">\n<p class=\"entry_title\"><a title=\"Enlace Permanente a Distribuir\u00e1 Amazon libros digitales del Tec de Monterrey\" href=\"http:\/\/www.eloriente.net\/home\/2014\/12\/05\/distribuira-amazon-libros-digitales-del-tec-de-monterrey\/\" rel=\"bookmark\">Distribuir\u00e1 Amazon libros digitales del Tec de Monterrey<\/a><\/p>\n<p><a href=\"http:\/\/www.eloriente.net\/home\/2014\/12\/05\/distribuira-amazon-libros-digitales-del-tec-de-monterrey\/\" rel=\"bookmark\"><img decoding=\"async\" class=\"alignleft\" title=\"Distribuir\u00e1 Amazon libros digitales del Tec de Monterrey\" src=\"http:\/\/www.eloriente.net\/home\/wp-content\/themes\/city-desk\/timthumb.php?src=http%3A%2F%2Fwww.eloriente.net%2Fhome%2Fwp-content%2Fuploads%2F2014%2F12%2FAmazon_logo.jpg&amp;q=90&amp;w=160&amp;h=106&amp;zc=1\" alt=\"Distribuir\u00e1 Amazon libros digitales del Tec de Monterrey\" \/><\/a>(www.eloriente.net\u00a0\/\u00a0ITESM,\u00a0Oaxaca, 01 de diciembre\/2014).- Este acuerdo \u00fanico en M\u00e9xico y Latinoam\u00e9rica fue firmado en el marco de la Feria Internacional del Libro de Guadalajara y permitir\u00e1 a los estudiantes de preparatoria, profesional y posgrado de la Instituci\u00f3n comprar y descargar libros de texto del Tecnol\u00f3gico de Monterrey de manera exclusiva en el micrositio que se [\u2026]<\/p>\n<div class=\"toolbar-social\">\n<div class=\"social-widget\">\n<div id=\"sharing-widget\"><a class=\"button icon-share\">Compartir<\/a><span class=\"share-count\">3<\/span><\/div>\n<\/div>\n<\/div>\n<p class=\"postmeta\"><span class=\"meta_date\">diciembre 5, 2014<\/span><\/p>\n<\/div>\n<div id=\"post-34255\" class=\"post-34255 post type-post status-publish format-standard has-post-thumbnail hentry category-colaboradores category-entradas category-lo-mas-reciente category-salud category-tecnologico-de-monterrey tag-diabetes entry loop-default border_bottom_30\">\n<p class=\"entry_title\"><a title=\"Enlace Permanente a \u201cGlucosen\u201d: Mejor calidad de vida para diab\u00e9ticos\" href=\"http:\/\/www.eloriente.net\/home\/2014\/11\/28\/glucosen-mejor-calidad-de-vida-para-diabeticos\/\" rel=\"bookmark\">\u201cGlucosen\u201d: Mejor calidad de vida para diab\u00e9ticos<\/a><\/p>\n<p><a href=\"http:\/\/www.eloriente.net\/home\/2014\/11\/28\/glucosen-mejor-calidad-de-vida-para-diabeticos\/\" rel=\"bookmark\"><img decoding=\"async\" class=\"alignleft\" title=\"\u201cGlucosen\u201d: Mejor calidad de vida para diab\u00e9ticos\" src=\"http:\/\/www.eloriente.net\/home\/wp-content\/themes\/city-desk\/timthumb.php?src=http%3A%2F%2Fwww.eloriente.net%2Fhome%2Fwp-content%2Fuploads%2F2014%2F11%2FEquipo-Glucosen.jpg&amp;q=90&amp;w=160&amp;h=106&amp;zc=1\" alt=\"\u201cGlucosen\u201d: Mejor calidad de vida para diab\u00e9ticos\" \/><\/a>eloriente.net \/ ITESM 28\/noviembre\/2014 Silvia L\u00f3pez, alumna de cuarto semestre de Licenciado en Publicidad y Comunicaci\u00f3n de Mercados (LPCM) del Tec de Monterrey en Puebla junto con alumnos de Ingeniero en Mecatr\u00f3nica (IMT) y Mercadotecnia (LEM) de Campus Chihuahua desarrollaron el primer gluc\u00f3metro no invasivo que mide los \u00edndices de az\u00facar en la sangre a [\u2026]<\/p>\n<div class=\"toolbar-social\">\n<div class=\"social-widget\">\n<div id=\"sharing-widget\"><a class=\"button icon-share\">Compartir<\/a><span class=\"share-count\">7<\/span><\/div>\n<\/div>\n<\/div>\n<p class=\"postmeta\"><span class=\"meta_date\">noviembre 28, 2014<\/span><\/p>\n<\/div>\n<p>&nbsp;<\/p>\n\n\t\t\t  <div \n\t\t\t  \tclass = \"fb-comments\" \n\t\t\t  \tdata-href = \"http:\/\/www.eloriente.net\/home\/2014\/12\/19\/proponen-siete-maneras-de-gastar-el-aguinaldo\/\"\n\t\t\t  \tdata-numposts = \"10\"\n\t\t\t\tdata-colorscheme = \"dark\"\n\t\t\t\tdata-order-by = \"social\"\n\t\t\t\tdata-mobile=true>\n\t\t\t  <\/div>\n\t\t  <style>\n\t\t\t.fb_iframe_widget_fluid_desktop iframe {\n\t\t\t    width: 100% !important;\n\t\t\t}\n\t\t  <\/style>\n\t\t  ","protected":false},"excerpt":{"rendered":"<p>(www.eloriente.net \/ ITESM, M\u00e9xico, 19 de diciembre 2014). &#8211;\u00a0Alberto Tovar Castro, catedr\u00e1tico del Tecnol\u00f3gico de Monterrey, sugiere que despu\u00e9s de los embates del Buen Fin, todav\u00eda falta la presi\u00f3n de los negocios que desean quedarse con el aguinaldo de los trabajadores, por lo que la \u00fanica forma de dejar de gastar ante la avalancha publicitaria [&hellip;]<\/p>\n","protected":false},"author":28,"featured_media":34721,"comment_status":"open","ping_status":"open","sticky":false,"template":"","format":"standard","meta":{"_jetpack_memberships_contains_paid_content":false,"footnotes":""},"categories":[11,18,32,10,530,19,84],"tags":[3169],"class_list":["post-34719","post","type-post","status-publish","format-standard","has-post-thumbnail","hentry","category-colaboradores","category-educacion-y-cultura","category-entradas","category-lo-mas-reciente","category-tecnologico-de-monterrey","category-turismo-y-negocios","category-universidades","tag-aguinaldo"],"jetpack_featured_media_url":"http:\/\/www.eloriente.net\/home\/wp-content\/uploads\/2014\/12\/Alberto-Tovar-Castro.jpg","jetpack_sharing_enabled":true,"_links":{"self":[{"href":"http:\/\/www.eloriente.net\/home\/wp-json\/wp\/v2\/posts\/34719"}],"collection":[{"href":"http:\/\/www.eloriente.net\/home\/wp-json\/wp\/v2\/posts"}],"about":[{"href":"http:\/\/www.eloriente.net\/home\/wp-json\/wp\/v2\/types\/post"}],"author":[{"embeddable":true,"href":"http:\/\/www.eloriente.net\/home\/wp-json\/wp\/v2\/users\/28"}],"replies":[{"embeddable":true,"href":"http:\/\/www.eloriente.net\/home\/wp-json\/wp\/v2\/comments?post=34719"}],"version-history":[{"count":1,"href":"http:\/\/www.eloriente.net\/home\/wp-json\/wp\/v2\/posts\/34719\/revisions"}],"predecessor-version":[{"id":34722,"href":"http:\/\/www.eloriente.net\/home\/wp-json\/wp\/v2\/posts\/34719\/revisions\/34722"}],"wp:featuredmedia":[{"embeddable":true,"href":"http:\/\/www.eloriente.net\/home\/wp-json\/wp\/v2\/media\/34721"}],"wp:attachment":[{"href":"http:\/\/www.eloriente.net\/home\/wp-json\/wp\/v2\/media?parent=34719"}],"wp:term":[{"taxonomy":"category","embeddable":true,"href":"http:\/\/www.eloriente.net\/home\/wp-json\/wp\/v2\/categories?post=34719"},{"taxonomy":"post_tag","embeddable":true,"href":"http:\/\/www.eloriente.net\/home\/wp-json\/wp\/v2\/tags?post=34719"}],"curies":[{"name":"wp","href":"https:\/\/api.w.org\/{rel}","templated":true}]}}