{"id":34723,"date":"2014-12-15T14:41:12","date_gmt":"2014-12-15T20:41:12","guid":{"rendered":"http:\/\/www.eloriente.net\/home\/?p=34723"},"modified":"2014-12-15T14:41:12","modified_gmt":"2014-12-15T20:41:12","slug":"dos-licenciaturas-mas-con-certificacion-ciees","status":"publish","type":"post","link":"http:\/\/www.eloriente.net\/home\/2014\/12\/15\/dos-licenciaturas-mas-con-certificacion-ciees\/","title":{"rendered":"Dos licenciaturas m\u00e1s con certificaci\u00f3n CIEES"},"content":{"rendered":"<p>eloriente.net \/ <a href=\"http:\/\/www.uabjo.mx\/\" target=\"_blank\">UABJO<\/a><\/p>\n<p>15\/diciembre\/2014<\/p>\n<p>Las Licenciaturas en Contadur\u00eda P\u00fablica y Administraci\u00f3n de la UABJO obtienen el Nivel 1 por parte de CIEES<\/p>\n<p>Los Comit\u00e9s Interinstitucionales para la Evaluaci\u00f3n de la Educaci\u00f3n Superior (CIEES), organismo de evaluaci\u00f3n de programas y funciones en las Instituciones de Educaci\u00f3n Superior en M\u00e9xico, otorgaron el reconocimiento de Nivel 1 a las Licenciaturas en Administraci\u00f3n y Contadur\u00eda P\u00fablica de la Universidad Aut\u00f3noma \u201cBenito Ju\u00e1rez\u201d de Oaxaca (UABJO) y con ello, se incrementa favorablemente la calidad educativa de la instituci\u00f3n que se encontraba ya en un 96.55%.<\/p>\n<p>Lo anterior, luego de la visita realizada por los Comit\u00e9s en el mes de noviembre a la Facultad de Contadur\u00eda y Administraci\u00f3n (FCA), para llevar a cabo una revisi\u00f3n de los programas educativos de ambas licenciaturas, donde evaluaron indicadores relacionados con la infraestructura, planes de estudios, investigaci\u00f3n, servicios a estudiantes, vinculaci\u00f3n con el sector productivo, entre otros.<\/p>\n<p>De igual forma, se realizaron entrevistas a estudiantes, docentes, administrativos, empleadores y egresados, con el prop\u00f3sito de constatar la veracidad de la autoevaluaci\u00f3n enviada con anticipaci\u00f3n a los organismos como parte del proceso evaluativo.<\/p>\n<p>Luego de un an\u00e1lisis minucioso a sus diferentes par\u00e1metros de evaluaci\u00f3n, el Comit\u00e9 de Ciencias Sociales y Administrativas emiti\u00f3 el dictamen correspondiente al Nivel 1 de calidad, estableciendo un reporte de las fortalezas de los programas evaluados, as\u00ed como recomendaciones pertinentes para poder continuar con su proceso hacia la acreditaci\u00f3n.<\/p>\n<p>En relaci\u00f3n a ello, la Facultad ha alcanzado su nivel m\u00e1ximo respecto a CIEES, por lo tanto se encuentra lista para encaminar su proceso hacia la acreditaci\u00f3n que en este caso se solicitar\u00eda al Consejo de Acreditaci\u00f3n en la Ense\u00f1anza de la Contadur\u00eda y Administraci\u00f3n (CACECA), miembro del Consejo de Acreditaci\u00f3n de la Educaci\u00f3n Superior (COPAES) instancia capacitada y reconocida por el Gobierno Federal a trav\u00e9s de la Secretar\u00eda de Educaci\u00f3n P\u00fablica (SEP).<\/p>\n<p>Para la realizaci\u00f3n de estos trabajos, los pares acad\u00e9micos que visitaron la instituci\u00f3n para tal efecto, por parte de la Licenciatura en Administraci\u00f3n, fue Luis Eduardo Hern\u00e1ndez, del Centro Libre de Estudios Universitarios; Laura Esther Ferretiz de la Universidad Aut\u00f3noma de Tamaulipas, ambos evaluadores disciplinarios, as\u00ed como Martha Garc\u00eda Calder\u00f3n de la Universidad Nacional aut\u00f3noma de M\u00e9xico, analista.<\/p>\n<p>En el caso de la Licenciatura en Contadur\u00eda P\u00fablica los evaluadores fueron: Alfonso C\u00e1rdenas de la Universidad Aut\u00f3noma del Estado de M\u00e9xico y Dar\u00edo Montoya de la Torre de la Universidad Aut\u00f3noma de Nayarit, ambos como evaluadores disciplinarios, as\u00ed como Mar\u00eda Elena Hurtado, como analista. De igual manera el asistente del Comit\u00e9 de Ciencias Sociales y Administrativas por parte de CIEES.<\/p>\n<p><a href=\"http:\/\/www.eloriente.net\/home\/wp-content\/uploads\/2014\/12\/151.jpg\"><img loading=\"lazy\" decoding=\"async\" class=\"alignnone size-medium wp-image-34724\" src=\"http:\/\/www.eloriente.net\/home\/wp-content\/uploads\/2014\/12\/151-300x200.jpg\" alt=\"15\" width=\"300\" height=\"200\" srcset=\"http:\/\/www.eloriente.net\/home\/wp-content\/uploads\/2014\/12\/151-300x200.jpg 300w, http:\/\/www.eloriente.net\/home\/wp-content\/uploads\/2014\/12\/151-1024x683.jpg 1024w\" sizes=\"(max-width: 300px) 100vw, 300px\" \/><\/a><\/p>\n<p>Foto: UABJO<\/p>\n<p><strong>Entradas relacionadas:<\/strong><\/p>\n<div id=\"post-34675\" class=\"post-34675 post type-post status-publish format-standard has-post-thumbnail hentry category-educacion-y-cultura category-entradas category-lo-mas-reciente category-oaxaca-estados category-universidades tag-uabjo entry loop-default border_bottom_30\">\n<p class=\"entry_title\"><a title=\"Enlace Permanente a Concierto de Brandeburgo en la Biblioteca Henestrosa\" href=\"http:\/\/www.eloriente.net\/home\/2014\/12\/13\/concierto-de-brandeburgo-en-la-biblioteca-henestrosa\/\" rel=\"bookmark\">Concierto de Brandeburgo en la Biblioteca Henestrosa<\/a><\/p>\n<p><a href=\"http:\/\/www.eloriente.net\/home\/2014\/12\/13\/concierto-de-brandeburgo-en-la-biblioteca-henestrosa\/\" rel=\"bookmark\"><img decoding=\"async\" class=\"alignleft\" title=\"Concierto de Brandeburgo en la Biblioteca Henestrosa\" src=\"http:\/\/www.eloriente.net\/home\/wp-content\/themes\/city-desk\/timthumb.php?src=http%3A%2F%2Fwww.eloriente.net%2Fhome%2Fwp-content%2Fuploads%2F2014%2F12%2F13.jpg&amp;q=90&amp;w=160&amp;h=106&amp;zc=1\" alt=\"Concierto de Brandeburgo en la Biblioteca Henestrosa\" \/><\/a>eloriente.net \/ UABJO 13\/diciembre\/2014 La Orquesta de C\u00e1mara de la Escuela de Bellas Artes de la UABJO se present\u00f3 en la Biblioteca \u201cAndr\u00e9s Henestrosa\u201d La Orquesta de C\u00e1mara de la Escuela de Bellas Artes (OCEBA) de la Universidad Aut\u00f3noma \u201cBenito Ju\u00e1rez\u201d de Oaxaca (UABJO) ofreci\u00f3 el tercer programa de la Segunda Temporada 2014 en la [\u2026]<\/p>\n<div class=\"toolbar-social\">\n<div class=\"social-widget\">\n<div id=\"sharing-widget\"><a class=\"button icon-share\">Compartir<\/a><span class=\"share-count\">4<\/span><\/div>\n<\/div>\n<\/div>\n<p class=\"postmeta\"><span class=\"meta_date\">diciembre 13, 2014<\/span><\/p>\n<\/div>\n<div id=\"post-34633\" class=\"post-34633 post type-post status-publish format-standard has-post-thumbnail hentry category-educacion-y-cultura category-entradas category-lo-mas-reciente category-oaxaca-estados category-universidades tag-uabjo entry loop-default border_bottom_30\">\n<p class=\"entry_title\"><a title=\"Enlace Permanente a Cuando \u201cChe\u201d Guevara y los Castro estuvieron en M\u00e9xico\" href=\"http:\/\/www.eloriente.net\/home\/2014\/12\/12\/che-guevara-y-fidel-castro-en-mexico\/\" rel=\"bookmark\">Cuando \u201cChe\u201d Guevara y los Castro estuvieron en M\u00e9xico<\/a><\/p>\n<p><a href=\"http:\/\/www.eloriente.net\/home\/2014\/12\/12\/che-guevara-y-fidel-castro-en-mexico\/\" rel=\"bookmark\"><img decoding=\"async\" class=\"alignleft\" title=\"Cuando \u201cChe\u201d Guevara y los Castro estuvieron en M\u00e9xico\" src=\"http:\/\/www.eloriente.net\/home\/wp-content\/themes\/city-desk\/timthumb.php?src=http%3A%2F%2Fwww.eloriente.net%2Fhome%2Fwp-content%2Fuploads%2F2014%2F12%2FPresentaci%C3%B3n-El-Yate-de-Granama-UABJO.jpg&amp;q=90&amp;w=160&amp;h=106&amp;zc=1\" alt=\"Cuando \u201cChe\u201d Guevara y los Castro estuvieron en M\u00e9xico\" \/><\/a>eloriente.net \/ UABJO 12\/diciembre\/2014 La Universidad Aut\u00f3noma \u201cBenito Ju\u00e1rez\u201d de Oaxaca (UABJO), siempre abierta a la difusi\u00f3n y promoci\u00f3n de conocimientos e investigaci\u00f3n; fue sede de la presentaci\u00f3n de las \u201cMemorias del due\u00f1o del Yate Granma\u201d, libro en el cual se describe la historia documentada de la presencia de Fidel Castro, Ra\u00fal y Ernesto \u201cChe\u201d [\u2026]<\/p>\n<div class=\"toolbar-social\">\n<div class=\"social-widget\">\n<div id=\"sharing-widget\"><a class=\"button icon-share\">Compartir<\/a><span class=\"share-count\">0<\/span><\/div>\n<\/div>\n<\/div>\n<p class=\"postmeta\"><span class=\"meta_date\">diciembre 12, 2014<\/span><\/p>\n<\/div>\n<div id=\"post-34577\" class=\"post-34577 post type-post status-publish format-standard has-post-thumbnail hentry category-comunicados-y-boletines category-educacion-y-cultura category-entradas category-lo-mas-reciente category-oaxaca-estados category-universidades tag-uabjo entry loop-default border_bottom_30\">\n<p class=\"entry_title\"><a title=\"Enlace Permanente a La Reforma Pol\u00edtico Electoral y sus nuevos especialistas\" href=\"http:\/\/www.eloriente.net\/home\/2014\/12\/10\/la-reforma-politico-electoral-y-sus-nuevos-especialistas\/\" rel=\"bookmark\">La Reforma Pol\u00edtico Electoral y sus nuevos especialistas<\/a><\/p>\n<p><a href=\"http:\/\/www.eloriente.net\/home\/2014\/12\/10\/la-reforma-politico-electoral-y-sus-nuevos-especialistas\/\" rel=\"bookmark\"><img decoding=\"async\" class=\"alignleft\" title=\"La Reforma Pol\u00edtico Electoral y sus nuevos especialistas\" src=\"http:\/\/www.eloriente.net\/home\/wp-content\/themes\/city-desk\/timthumb.php?src=http%3A%2F%2Fwww.eloriente.net%2Fhome%2Fwp-content%2Fuploads%2F2014%2F12%2F10.jpg&amp;q=90&amp;w=160&amp;h=106&amp;zc=1\" alt=\"La Reforma Pol\u00edtico Electoral y sus nuevos especialistas\" \/><\/a>eloriente.net \/ UABJO 10\/diciembre\/2014 Concluye Diplomado en Derecho Electoral en la UABJO \u2022 La actividad fue resultado de las acciones conjuntas entre el INE y la Universidad De manera reciente concluy\u00f3 el Diplomado en Derecho Electoral realizado a trav\u00e9s de las acciones conjuntas entre la Universidad Aut\u00f3noma \u201cBenito Ju\u00e1rez\u201d de Oaxaca (UABJO) y el Instituto [\u2026]<\/p>\n<div class=\"toolbar-social\">\n<div class=\"social-widget\">\n<div id=\"sharing-widget\"><a class=\"button icon-share\">Compartir<\/a><span class=\"share-count\">1<\/span><\/div>\n<\/div>\n<\/div>\n<p class=\"postmeta\"><span class=\"meta_date\">diciembre 10, 2014<\/span><\/p>\n<\/div>\n\n\t\t\t  <div \n\t\t\t  \tclass = \"fb-comments\" \n\t\t\t  \tdata-href = \"http:\/\/www.eloriente.net\/home\/2014\/12\/15\/dos-licenciaturas-mas-con-certificacion-ciees\/\"\n\t\t\t  \tdata-numposts = \"10\"\n\t\t\t\tdata-colorscheme = \"dark\"\n\t\t\t\tdata-order-by = \"social\"\n\t\t\t\tdata-mobile=true>\n\t\t\t  <\/div>\n\t\t  <style>\n\t\t\t.fb_iframe_widget_fluid_desktop iframe {\n\t\t\t    width: 100% !important;\n\t\t\t}\n\t\t  <\/style>\n\t\t  ","protected":false},"excerpt":{"rendered":"<p>eloriente.net \/ UABJO 15\/diciembre\/2014 Las Licenciaturas en Contadur\u00eda P\u00fablica y Administraci\u00f3n de la UABJO obtienen el Nivel 1 por parte de CIEES Los Comit\u00e9s Interinstitucionales para la Evaluaci\u00f3n de la Educaci\u00f3n Superior (CIEES), organismo de evaluaci\u00f3n de programas y funciones en las Instituciones de Educaci\u00f3n Superior en M\u00e9xico, otorgaron el reconocimiento de Nivel 1 a [&hellip;]<\/p>\n","protected":false},"author":1,"featured_media":34724,"comment_status":"open","ping_status":"open","sticky":false,"template":"","format":"standard","meta":{"_jetpack_memberships_contains_paid_content":false,"footnotes":""},"categories":[1588,18,32,10,464,84],"tags":[182],"class_list":["post-34723","post","type-post","status-publish","format-standard","has-post-thumbnail","hentry","category-comunicados-y-boletines","category-educacion-y-cultura","category-entradas","category-lo-mas-reciente","category-oaxaca-estados","category-universidades","tag-uabjo"],"jetpack_featured_media_url":"http:\/\/www.eloriente.net\/home\/wp-content\/uploads\/2014\/12\/151.jpg","jetpack_sharing_enabled":true,"_links":{"self":[{"href":"http:\/\/www.eloriente.net\/home\/wp-json\/wp\/v2\/posts\/34723"}],"collection":[{"href":"http:\/\/www.eloriente.net\/home\/wp-json\/wp\/v2\/posts"}],"about":[{"href":"http:\/\/www.eloriente.net\/home\/wp-json\/wp\/v2\/types\/post"}],"author":[{"embeddable":true,"href":"http:\/\/www.eloriente.net\/home\/wp-json\/wp\/v2\/users\/1"}],"replies":[{"embeddable":true,"href":"http:\/\/www.eloriente.net\/home\/wp-json\/wp\/v2\/comments?post=34723"}],"version-history":[{"count":1,"href":"http:\/\/www.eloriente.net\/home\/wp-json\/wp\/v2\/posts\/34723\/revisions"}],"predecessor-version":[{"id":34725,"href":"http:\/\/www.eloriente.net\/home\/wp-json\/wp\/v2\/posts\/34723\/revisions\/34725"}],"wp:featuredmedia":[{"embeddable":true,"href":"http:\/\/www.eloriente.net\/home\/wp-json\/wp\/v2\/media\/34724"}],"wp:attachment":[{"href":"http:\/\/www.eloriente.net\/home\/wp-json\/wp\/v2\/media?parent=34723"}],"wp:term":[{"taxonomy":"category","embeddable":true,"href":"http:\/\/www.eloriente.net\/home\/wp-json\/wp\/v2\/categories?post=34723"},{"taxonomy":"post_tag","embeddable":true,"href":"http:\/\/www.eloriente.net\/home\/wp-json\/wp\/v2\/tags?post=34723"}],"curies":[{"name":"wp","href":"https:\/\/api.w.org\/{rel}","templated":true}]}}