{"id":34726,"date":"2014-12-16T00:00:13","date_gmt":"2014-12-16T06:00:13","guid":{"rendered":"http:\/\/www.eloriente.net\/home\/?p=34726"},"modified":"2014-12-15T16:52:37","modified_gmt":"2014-12-15T22:52:37","slug":"convocatoria-al-concurso-lugares-erasmus","status":"publish","type":"post","link":"http:\/\/www.eloriente.net\/home\/2014\/12\/16\/convocatoria-al-concurso-lugares-erasmus\/","title":{"rendered":"Convocatoria al concurso &#8216;Lugares Erasmus&#8217;"},"content":{"rendered":"<p>(<a href=\"http:\/\/www.eloriente.net\" target=\"_blank\">www.eloriente.net<\/a>, M\u00e9xico, 16 de diciembre 2014).- Geert Geertsen fue un importante humanista, fil\u00f3sofo, fil\u00f3logo y te\u00f3logo holand\u00e9s, mejor conocido como Erasmo de R\u00f3terdam. La importancia de sus obras escritas en lat\u00edn durante los siglos XV y XVI, siguen cobrando importnacia en la actualidad, al grado que el Plan de Acci\u00f3n de la Comunidad Europea para la Movilidad de Estudiantes Universitarios (EuRopean Community Action Scheme for the Mobility of University Students), fue nombrado as\u00ed para que el acr\u00f3nimo coincidiera con su nombre, Erasmus. Este programa es un plan de gesti\u00f3n de diversas administraciones p\u00fablicas por el que se apoya y facilita la movilidad acad\u00e9mica de los estudiantes y profesores universitarios dentro de los Estados miembros del Espacio Econ\u00f3mico Europeo, Suiza y Turqu\u00eda.<\/p>\n<p>Hasta el 23 de marzo de 2015, Erasmus convoca a todas las personas, sean o no sean Erasmus, a que participen en el Concurso Lugares Erasmus. Cada participante aporta contenido \u00fatil, compartiendo sus lugares favoritos y gana premios en efectivo. Se escribe sobre bares, museos, playas, tiendas, restaurantes, universidades, bibliotecas, galer\u00edas de arte, parques, catedrales, torres, edificios emblem\u00e1ticos, barrios, tiendas, miradores&#8230; sobre lugares que te gusten, en la ciudad en la que vivas o por la que est\u00e9s viajando.<\/p>\n<p>La mec\u00e1nica es simple, los participantes describen los lugares detalladamente compartiendo su experiencia en ellos y a\u00f1ade fotos tomadas por ellos mismos, para mostrar c\u00f3mo son y lo que se puede hacer en ellos.<\/p>\n<p><strong>Se puede opinar sobre lugares en cualquiera de estas categor\u00edas:<\/strong><\/p>\n<ul>\n<li>Qu\u00e9 ver: aqu\u00ed vale casi cualquier lugar que merezca la pena visitar. Por ejemplo: museos, galer\u00edas de arte, catedrales, mercados, parques, edificios emblem\u00e1ticos, miradores, barrios con encanto, desiertos, bosques, caminos, estaciones de tren con encanto, paseos rom\u00e1nticos, etc.<\/li>\n<li>Qu\u00e9 hacer: aqu\u00ed se puede escribir sobre alternativas de ocio: tiendas, cines, centros comerciales, salas de recreativas, salas deportivas, centros de aventura (ciclo monta\u00f1ismo, escalada, etc).<\/li>\n<li>D\u00f3nde comer: bares de tapas, restaurantes, comedores universitarios, pizzerias, etc.<\/li>\n<li>D\u00f3nde salir de fiesta: discotecas, pubs, bares de copas, eventos musicales, fiestas universitarias, etc., caf\u00e9, cerveza: cafeter\u00edas, terrazas, helader\u00edas, cervecer\u00edas, etc.<\/li>\n<\/ul>\n<p><strong>Condiciones:<\/strong><\/p>\n<ul>\n<li>Solo se puede escribir sobre lugares en los que el participante haya estado en persona. Los textos que escribas deben ser totalmente originales. No pueden estar en ninguna otra web.<\/li>\n<li>Solo se pueden subir fotos tomadas por el participante.<\/li>\n<li>El participante puede compartir tantos lugares como quiera.<\/li>\n<li>Las publicaciones se pueden escribir en cualquiera de estos idiomas: espa\u00f1ol, ingl\u00e9s, franc\u00e9s, portugu\u00e9s e italiano.<\/li>\n<li>Se puede escribir sobre lugares de cualquier ciudad o zona del mundo.<\/li>\n<li>Varios participantes pueden opinar y escribir sobre el mismo lugar.<\/li>\n<\/ul>\n<p><strong>Premios:<\/strong><\/p>\n<ul class=\"listNormal\">\n<li>1er premio: <strong>700 \u20ac<\/strong><\/li>\n<li>2\u00ba premio: <strong>500 \u20ac<\/strong><\/li>\n<li>3\u00ba premio: <strong>400 \u20ac<\/strong><\/li>\n<li>4\u00ba premio: <strong>250 \u20ac<\/strong><\/li>\n<li>5\u00ba premio: <strong>150 \u20ac<\/strong><\/li>\n<li>Y <strong>20 premios de consolaci\u00f3n<\/strong>: 20 <a href=\"http:\/\/erasmusu.com\/es\/premium\">Cuentas Premium<\/a> de 6 meses.<\/li>\n<\/ul>\n<p>Para conocer la convocatoria completa, haz clic <a href=\"http:\/\/erasmusu.com\/es\/concurso-colaboradores-erasmus?utm_source=facebook&amp;utm_medium=post&amp;utm_campaign=esnplaces\" target=\"_blank\">aqu\u00ed<\/a>.<\/p>\n<p><a href=\"http:\/\/www.eloriente.net\/home\/wp-content\/uploads\/2014\/12\/Puente-Erasmus-R\u00f3terdam.jpg\"><img loading=\"lazy\" decoding=\"async\" class=\"alignnone size-medium wp-image-34727\" src=\"http:\/\/www.eloriente.net\/home\/wp-content\/uploads\/2014\/12\/Puente-Erasmus-R\u00f3terdam-300x199.jpg\" alt=\"Puente Erasmus (R\u00f3terdam)\" width=\"300\" height=\"199\" srcset=\"http:\/\/www.eloriente.net\/home\/wp-content\/uploads\/2014\/12\/Puente-Erasmus-R\u00f3terdam-300x199.jpg 300w, http:\/\/www.eloriente.net\/home\/wp-content\/uploads\/2014\/12\/Puente-Erasmus-R\u00f3terdam-1024x682.jpg 1024w, http:\/\/www.eloriente.net\/home\/wp-content\/uploads\/2014\/12\/Puente-Erasmus-R\u00f3terdam.jpg 2048w\" sizes=\"(max-width: 300px) 100vw, 300px\" \/><\/a><\/p>\n<p>Foto:\u00a0<a class=\"owner-name truncate\" title=\"Ir a la galer\u00eda de Luke Price\" href=\"http:\/\/www.flickr.com\/photos\/lukeprice88\/\" data-track=\"attributionNameClick\" data-rapid_p=\"23\">Luke Price<\/a>\u00a0&#8211;\u00a0<a class=\"photo-license-url\" href=\"https:\/\/creativecommons.org\/licenses\/by\/2.0\/\" target=\"_newtab\" rel=\"license cc:license\" data-rapid_p=\"27\"><i class=\"ui-icon-tiny-4cc\"><\/i> Algunos derechos reservados<\/a><\/p>\n<p><strong>Entradas relacionadas:<\/strong><\/p>\n<div id=\"post-34589\" class=\"post-34589 post type-post status-publish format-standard has-post-thumbnail hentry category-juevesdecineyseries category-cine category-convocatorias category-educacion-y-cultura category-entradas category-lo-mas-reciente tag-las-americas-international-film-festival entry loop-default border_bottom_30\">\n<p class=\"entry_title\"><a title=\"Enlace Permanente a Convocatoria: 18\u00ba Cine Las Americas International Film Festival\" href=\"http:\/\/www.eloriente.net\/home\/2014\/12\/11\/convocatoria-18o-cine-las-americas-international-film-festival\/\" rel=\"bookmark\">Convocatoria: 18\u00ba Cine Las Americas International Film Festival<\/a><\/p>\n<p><a href=\"http:\/\/www.eloriente.net\/home\/2014\/12\/11\/convocatoria-18o-cine-las-americas-international-film-festival\/\" rel=\"bookmark\"><img decoding=\"async\" class=\"alignleft\" title=\"Convocatoria: 18\u00ba Cine Las Americas International Film Festival\" src=\"http:\/\/www.eloriente.net\/home\/wp-content\/themes\/city-desk\/timthumb.php?src=http%3A%2F%2Fwww.eloriente.net%2Fhome%2Fwp-content%2Fuploads%2F2014%2F12%2FCinema.jpg&amp;q=90&amp;w=160&amp;h=106&amp;zc=1\" alt=\"Convocatoria: 18\u00ba Cine Las Americas International Film Festival\" \/><\/a>(www.eloriente.net, M\u00e9xico, 11 de diciembre 2014).- En la esquina de Shakespeare y Victor Hugo en la Ciudad de M\u00e9xico, est\u00e1 la casa de hu\u00e9spedes de Rosa Carbajal, un refugio que esconde una historia \u00edntima y apasionante. Hace 20 a\u00f1os, Rosa conoci\u00f3 a Jorge Riosse, un joven inquilino con quien desarroll\u00f3 una amistad entra\u00f1able. Durante 8 [\u2026]<\/p>\n<div class=\"toolbar-social\">\n<div class=\"social-widget\">\n<div id=\"sharing-widget\"><a class=\"button icon-share\">Compartir<\/a><span class=\"share-count\">2<\/span><\/div>\n<\/div>\n<\/div>\n<p class=\"postmeta\"><span class=\"meta_date\">diciembre 11, 2014<\/span><\/p>\n<\/div>\n<div id=\"post-34536\" class=\"post-34536 post type-post status-publish format-standard has-post-thumbnail hentry category-convocatorias category-educacion-y-cultura category-entradas category-lo-mas-reciente tag-clima tag-ecologia tag-proteccion-climatica entry loop-default border_bottom_30\">\n<p class=\"entry_title\"><a title=\"Enlace Permanente a Convocatoria: Becas para proyectos sobre protecci\u00f3n clim\u00e1tica en Alemania\" href=\"http:\/\/www.eloriente.net\/home\/2014\/12\/09\/convocatoria-becas-para-proyectos-sobre-proteccion-climatica-en-alemania\/\" rel=\"bookmark\">Convocatoria: Becas para proyectos sobre protecci\u00f3n clim\u00e1tica en Alemania<\/a><\/p>\n<p><a href=\"http:\/\/www.eloriente.net\/home\/2014\/12\/09\/convocatoria-becas-para-proyectos-sobre-proteccion-climatica-en-alemania\/\" rel=\"bookmark\"><img decoding=\"async\" class=\"alignleft\" title=\"Convocatoria: Becas para proyectos sobre protecci\u00f3n clim\u00e1tica en Alemania\" src=\"http:\/\/www.eloriente.net\/home\/wp-content\/themes\/city-desk\/timthumb.php?src=http%3A%2F%2Fwww.eloriente.net%2Fhome%2Fwp-content%2Fuploads%2F2014%2F12%2FProtecci%C3%B3n-al-Ambiente.jpg&amp;q=90&amp;w=160&amp;h=106&amp;zc=1\" alt=\"Convocatoria: Becas para proyectos sobre protecci\u00f3n clim\u00e1tica en Alemania\" \/><\/a>(www.eloriente.net, M\u00e9xico, 9 de diciembre 2014).- Hortensia Sol\u00eds, cient\u00edfica costarricense, llevar\u00e1 a cabo la investigaci\u00f3n para definir y desarrollar los componentes clave del proceso de MRV. La medici\u00f3n, reporte y verificaci\u00f3n (MRV) de las reducciones de emisiones es una barrera clave para la financiaci\u00f3n de acciones de mitigaci\u00f3n en la agricultura. Costa Rica tendr\u00e1 que [\u2026]<\/p>\n<div class=\"toolbar-social\">\n<div class=\"social-widget\">\n<div id=\"sharing-widget\"><a class=\"button icon-share\">Compartir<\/a><span class=\"share-count\">0<\/span><\/div>\n<\/div>\n<\/div>\n<p class=\"postmeta\"><span class=\"meta_date\">diciembre 9, 2014<\/span><\/p>\n<\/div>\n<div id=\"post-34456\" class=\"post-34456 post type-post status-publish format-standard has-post-thumbnail hentry category-comunicados-y-boletines category-congreso-y-justicia category-convocatorias category-educacion-y-cultura category-entradas category-lo-mas-reciente category-oaxaca-estados tag-poder-judicial entry loop-default border_bottom_30\">\n<p class=\"entry_title\"><a title=\"Enlace Permanente a PJO: Convocatoria para estudios de especializaci\u00f3n\" href=\"http:\/\/www.eloriente.net\/home\/2014\/12\/05\/pjo-convocatoria-para-estudios-de-especializacion\/\" rel=\"bookmark\">PJO: Convocatoria para estudios de especializaci\u00f3n<\/a><\/p>\n<p><a href=\"http:\/\/www.eloriente.net\/home\/2014\/12\/05\/pjo-convocatoria-para-estudios-de-especializacion\/\" rel=\"bookmark\"><img decoding=\"async\" class=\"alignleft\" title=\"PJO: Convocatoria para estudios de especializaci\u00f3n\" src=\"http:\/\/www.eloriente.net\/home\/wp-content\/themes\/city-desk\/timthumb.php?src=http%3A%2F%2Fwww.eloriente.net%2Fhome%2Fwp-content%2Fuploads%2F2014%2F12%2FConvocan-a-estudios-de-especializaci%C3%B3n-judicial.jpg&amp;q=90&amp;w=160&amp;h=106&amp;zc=1\" alt=\"PJO: Convocatoria para estudios de especializaci\u00f3n\" \/><\/a>\u00b7 La convocatoria est\u00e1 dirigida a personal de la instituci\u00f3n y licenciados en Derecho (www.eloriente.net\u00a0\/ Tribunal Superior de Justicia, Oaxaca, 05 de diciembre\/2014).- Con la finalidad de profesionalizar a los servidores p\u00fablicos judiciales en temas actuales que les permitan desarrollar su funci\u00f3n con calidad, \u00e9tica y mayor preparaci\u00f3n, el Consejo de la Judicatura del Poder [\u2026]<\/p>\n<div class=\"toolbar-social\">\n<div class=\"social-widget\">\n<div id=\"sharing-widget\"><a class=\"button icon-share\">Compartir<\/a><span class=\"share-count\">1<\/span><\/div>\n<\/div>\n<\/div>\n<p class=\"postmeta\"><span class=\"meta_date\">diciembre 5, 2014<\/span><\/p>\n<\/div>\n\n\t\t\t  <div \n\t\t\t  \tclass = \"fb-comments\" \n\t\t\t  \tdata-href = \"http:\/\/www.eloriente.net\/home\/2014\/12\/16\/convocatoria-al-concurso-lugares-erasmus\/\"\n\t\t\t  \tdata-numposts = \"10\"\n\t\t\t\tdata-colorscheme = \"dark\"\n\t\t\t\tdata-order-by = \"social\"\n\t\t\t\tdata-mobile=true>\n\t\t\t  <\/div>\n\t\t  <style>\n\t\t\t.fb_iframe_widget_fluid_desktop iframe {\n\t\t\t    width: 100% !important;\n\t\t\t}\n\t\t  <\/style>\n\t\t  ","protected":false},"excerpt":{"rendered":"<p>(www.eloriente.net, M\u00e9xico, 16 de diciembre 2014).- Geert Geertsen fue un importante humanista, fil\u00f3sofo, fil\u00f3logo y te\u00f3logo holand\u00e9s, mejor conocido como Erasmo de R\u00f3terdam. La importancia de sus obras escritas en lat\u00edn durante los siglos XV y XVI, siguen cobrando importnacia en la actualidad, al grado que el Plan de Acci\u00f3n de la Comunidad Europea para [&hellip;]<\/p>\n","protected":false},"author":1,"featured_media":34727,"comment_status":"open","ping_status":"open","sticky":false,"template":"","format":"standard","meta":{"_jetpack_memberships_contains_paid_content":false,"footnotes":""},"categories":[26,18,32,10,24],"tags":[3170],"class_list":["post-34726","post","type-post","status-publish","format-standard","has-post-thumbnail","hentry","category-convocatorias","category-educacion-y-cultura","category-entradas","category-lo-mas-reciente","category-mexico-y-el-mundo","tag-erasmus"],"jetpack_featured_media_url":"http:\/\/www.eloriente.net\/home\/wp-content\/uploads\/2014\/12\/Puente-Erasmus-R\u00f3terdam.jpg","jetpack_sharing_enabled":true,"_links":{"self":[{"href":"http:\/\/www.eloriente.net\/home\/wp-json\/wp\/v2\/posts\/34726"}],"collection":[{"href":"http:\/\/www.eloriente.net\/home\/wp-json\/wp\/v2\/posts"}],"about":[{"href":"http:\/\/www.eloriente.net\/home\/wp-json\/wp\/v2\/types\/post"}],"author":[{"embeddable":true,"href":"http:\/\/www.eloriente.net\/home\/wp-json\/wp\/v2\/users\/1"}],"replies":[{"embeddable":true,"href":"http:\/\/www.eloriente.net\/home\/wp-json\/wp\/v2\/comments?post=34726"}],"version-history":[{"count":2,"href":"http:\/\/www.eloriente.net\/home\/wp-json\/wp\/v2\/posts\/34726\/revisions"}],"predecessor-version":[{"id":34729,"href":"http:\/\/www.eloriente.net\/home\/wp-json\/wp\/v2\/posts\/34726\/revisions\/34729"}],"wp:featuredmedia":[{"embeddable":true,"href":"http:\/\/www.eloriente.net\/home\/wp-json\/wp\/v2\/media\/34727"}],"wp:attachment":[{"href":"http:\/\/www.eloriente.net\/home\/wp-json\/wp\/v2\/media?parent=34726"}],"wp:term":[{"taxonomy":"category","embeddable":true,"href":"http:\/\/www.eloriente.net\/home\/wp-json\/wp\/v2\/categories?post=34726"},{"taxonomy":"post_tag","embeddable":true,"href":"http:\/\/www.eloriente.net\/home\/wp-json\/wp\/v2\/tags?post=34726"}],"curies":[{"name":"wp","href":"https:\/\/api.w.org\/{rel}","templated":true}]}}