{"id":34734,"date":"2014-12-16T12:28:36","date_gmt":"2014-12-16T18:28:36","guid":{"rendered":"http:\/\/www.eloriente.net\/home\/?p=34734"},"modified":"2014-12-16T12:28:36","modified_gmt":"2014-12-16T18:28:36","slug":"la-mayor-discapacidad-es-la-ignorancia-cira-morales","status":"publish","type":"post","link":"http:\/\/www.eloriente.net\/home\/2014\/12\/16\/la-mayor-discapacidad-es-la-ignorancia-cira-morales\/","title":{"rendered":"La mayor discapacidad es la ignorancia: Cira Morales"},"content":{"rendered":"<p>eloriente.net\/Colegio Compartir Conocimiento A.C.<\/p>\n<p>16 de diciembre de 2015<\/p>\n<p>Oaxaca de Ju\u00e1rez, Oaxaca a 15 de diciembre del 2014.- Como parte de su vocaci\u00f3n acad\u00e9mica, el Colegio de Profesionistas \u201cCompartir Conocimiento\u201d Asociaci\u00f3n Civil realiz\u00f3 el Foro \u201cLos Derechos Humanos de las Personas con Discapacidad\u201d en donde la ponencia principal estuvo a cargo de la Doctora en Derecho Cira Mariana Morales Ramos.<\/p>\n<p>Durante su mensaje de bienvenida, Jorge Oropeza, presidente del Colegio, mencion\u00f3 la importancia de realizar este tipo de actividades, pues con ellas se busca promover la inclusi\u00f3n en todos los sectores de la sociedad oaxaque\u00f1a.<\/p>\n<p>En\u00a0 la Casa de la Cultura Jur\u00eddica de la Suprema Corte de Justicia de la Naci\u00f3n se dieron cita representantes de la sociedad civil como Cornelio N\u00fa\u00f1ez, presidente del Consejo Estatal de Organizaciones de Personas con Discapacidad, quien mencion\u00f3 que actualmente un 10% de la poblaci\u00f3n oaxaque\u00f1a vive en esta situaci\u00f3n.<\/p>\n<p>Por su parte, Aim\u00e9 Sierra Balbuena, visitadora de la Defensor\u00eda de los Derechos Humanos del Pueblo de Oaxaca, mencion\u00f3 las acciones que el organismo realiza en pro de los derechos de las personas con alg\u00fan grado de discapacidad. Mientras que Julio N\u00e9stor Flores T\u00e9llez, representante del Sistema DIF Oaxaca, invit\u00f3 a conocer los programas y apoyos con los que cuenta la dependencia en beneficio de este sector de la poblaci\u00f3n.<\/p>\n<p>En su oportunidad, la Doctora en Derecho Cira Mariana Morales Ramos, titular del Comit\u00e9 de Investigaci\u00f3n del Colegio de Profesionistas \u00bbCompartir Conocimiento\u00bb AC, detall\u00f3 el concepto actual de los derechos humanos y de las personas con discapacidad. Adem\u00e1s, recalc\u00f3 que los integrantes de este sector son individuos plenos que gozan de los mismos derechos que la dem\u00e1s poblaci\u00f3n.<\/p>\n<p>Durante su pl\u00e1tica, Morales Ramos enfatiz\u00f3 que en estas \u00e9pocas quiz\u00e1s la mayor discapacidad a la que se enfrenta el ser humano es la \u201cignorancia\u201d, pues gracias a ella y a los prejuicios sociales que a\u00fan existen no se logra una total inclusi\u00f3n y aceptaci\u00f3n.<\/p>\n<p>Finalmente, Jorge Oropeza expres\u00f3 que este tipo de encuentros se realizan con la intenci\u00f3n de dar a conocer y sensibilizar a los asistentes que es necesario adecuar las pol\u00edticas p\u00fablicas en la materia, as\u00ed como brindar una atenci\u00f3n de calidad, oportuna y eficaz a este sector; sin embargo, es un esfuerzo conjunto que requiere la suma de todos.<\/p>\n<p><a href=\"http:\/\/www.eloriente.net\/home\/wp-content\/uploads\/2014\/12\/20141212_174117.jpg\"><img loading=\"lazy\" decoding=\"async\" class=\"alignnone size-medium wp-image-34735\" src=\"http:\/\/www.eloriente.net\/home\/wp-content\/uploads\/2014\/12\/20141212_174117-300x180.jpg\" alt=\"Foro Discapacidad Colegio Compartir.jpg\" width=\"300\" height=\"180\" srcset=\"http:\/\/www.eloriente.net\/home\/wp-content\/uploads\/2014\/12\/20141212_174117-300x180.jpg 300w, http:\/\/www.eloriente.net\/home\/wp-content\/uploads\/2014\/12\/20141212_174117-1024x614.jpg 1024w\" sizes=\"(max-width: 300px) 100vw, 300px\" \/><\/a><\/p>\n<p>Foto: Colegio Compartir Conocimiento<\/p>\n<p><strong>OTRAS ENTRADAS:<\/strong><\/p>\n<div id=\"post-21766\" class=\"post-21766 post type-post status-publish format-standard has-post-thumbnail hentry category-alejandra-silva-soriano category-colaboradores category-derechos-humanos category-entradas category-lo-mas-reciente tag-apoyo tag-discapacidad tag-familia tag-incertidumbre tag-personas tag-trato entry loop-default border_bottom_30\">\n<h2 class=\"entry_title\"><a title=\"Enlace Permanente a \u00bfC\u00f3mo debo tratar a una persona con discapacidad?\" href=\"http:\/\/www.eloriente.net\/home\/2014\/02\/28\/como-debo-tratar-a-una-persona-con-discapacidad\/\" rel=\"bookmark\">\u00bfC\u00f3mo debo tratar a una persona con discapacidad?<\/a><\/h2>\n<p><a href=\"http:\/\/www.eloriente.net\/home\/2014\/02\/28\/como-debo-tratar-a-una-persona-con-discapacidad\/\" rel=\"bookmark\"><img decoding=\"async\" class=\"alignleft\" title=\"\u00bfC\u00f3mo debo tratar a una persona con discapacidad?\" src=\"http:\/\/www.eloriente.net\/home\/wp-content\/themes\/city-desk\/timthumb.php?src=http%3A%2F%2Fwww.eloriente.net%2Fhome%2Fwp-content%2Fuploads%2F2014%2F02%2FHuffpost.jpg&amp;q=90&amp;w=160&amp;h=106&amp;zc=1\" alt=\"\u00bfC\u00f3mo debo tratar a una persona con discapacidad?\" \/><\/a>eloriente.net 28 de febrero de 2014 En estos 5 a\u00f1os que llevo dando talleres y pl\u00e1ticas sobre el tema de discapacidad, no importa la edad que tengan los participantes, la pregunta siempre es la misma:\u00a0\u00bfC\u00f3mo debo tratar a una persona con discapacidad? Entiendo que esta duda es muy natural, pues no existe una cultura de [\u2026]<\/p>\n<p class=\"postmeta\"><span class=\"meta_date\">febrero 28, 2014<\/span><\/p>\n<\/div>\n<div id=\"post-21335\" class=\"post-21335 post type-post status-publish format-standard has-post-thumbnail hentry category-alejandra-silva-soriano category-colaboradores category-derechos-humanos category-lo-mas-reciente category-municipios tag-alejandra-silva tag-comunidad tag-derechos-humanos-2 tag-discapacidad tag-familia tag-igualdad tag-indigenas entry loop-default border_bottom_30\">\n<h2 class=\"entry_title\"><a title=\"Enlace Permanente a Ind\u00edgenas con discapacidad\" href=\"http:\/\/www.eloriente.net\/home\/2014\/02\/21\/indigenas-con-discapacidad\/\" rel=\"bookmark\">Ind\u00edgenas con discapacidad<\/a><\/h2>\n<p><a href=\"http:\/\/www.eloriente.net\/home\/2014\/02\/21\/indigenas-con-discapacidad\/\" rel=\"bookmark\"><img decoding=\"async\" class=\"alignleft\" title=\"Ind\u00edgenas con discapacidad\" src=\"http:\/\/www.eloriente.net\/home\/wp-content\/themes\/city-desk\/timthumb.php?src=http%3A%2F%2Fwww.eloriente.net%2Fhome%2Fwp-content%2Fuploads%2F2014%2F02%2FDiscapacitados-2.jpg&amp;q=90&amp;w=160&amp;h=106&amp;zc=1\" alt=\"Ind\u00edgenas con discapacidad\" \/><\/a>eloriente.net 21 de febrero de 2014 En M\u00e9xico existen dos realidades innegables: la situaci\u00f3n de exclusi\u00f3n y marginaci\u00f3n en la que viven las personas ind\u00edgenas y las personas con discapacidad, ahora, si combinamos estos dos factores, el panorama es doblemente desfavorecedor. Hist\u00f3ricamente, estos dos sectores de la poblaci\u00f3n han vivido en extrema pobreza, discriminaci\u00f3n y [\u2026]<\/p>\n<p class=\"postmeta\"><span class=\"meta_date\">febrero 21, 2014<\/span><\/p>\n<\/div>\n<div id=\"post-20912\" class=\"post-20912 post type-post status-publish format-standard has-post-thumbnail hentry category-alejandra-silva-soriano category-colaboradores category-derechos-humanos category-lo-mas-reciente entry loop-default border_bottom_30\">\n<h2 class=\"entry_title\"><a title=\"Enlace Permanente a Lenguaje con perspectiva de discapacidad\" href=\"http:\/\/www.eloriente.net\/home\/2014\/02\/13\/lenguaje-con-perspectiva-de-discapacidad-2\/\" rel=\"bookmark\">Lenguaje con perspectiva de discapacidad<\/a><\/h2>\n<p><a href=\"http:\/\/www.eloriente.net\/home\/2014\/02\/13\/lenguaje-con-perspectiva-de-discapacidad-2\/\" rel=\"bookmark\"><img decoding=\"async\" class=\"alignleft\" title=\"Lenguaje con perspectiva de discapacidad\" src=\"http:\/\/www.eloriente.net\/home\/wp-content\/themes\/city-desk\/timthumb.php?src=http%3A%2F%2Fwww.eloriente.net%2Fhome%2Fwp-content%2Fuploads%2F2014%2F02%2Ferwin-garcia-a-oscuras.jpg&amp;q=90&amp;w=160&amp;h=106&amp;zc=1\" alt=\"Lenguaje con perspectiva de discapacidad\" \/><\/a>eloriente.net 13 de febrero de 2014 Por: Alejandra Silva Soriano La forma en que nos expresamos y en la que nos dirigimos hacia otra persona, habla mucho de nosotros. En el tema de discapacidad, se acent\u00faa esto, pues en la mayor\u00eda de las ocasiones, el lenguaje que utilizamos muestra los prejuicios a\u00fan existentes y que [\u2026]<\/p>\n<p class=\"postmeta\"><span class=\"meta_date\">febrero 13, 2014<\/span><\/p>\n<\/div>\n<p>&nbsp;<\/p>\n\n\t\t\t  <div \n\t\t\t  \tclass = \"fb-comments\" \n\t\t\t  \tdata-href = \"http:\/\/www.eloriente.net\/home\/2014\/12\/16\/la-mayor-discapacidad-es-la-ignorancia-cira-morales\/\"\n\t\t\t  \tdata-numposts = \"10\"\n\t\t\t\tdata-colorscheme = \"dark\"\n\t\t\t\tdata-order-by = \"social\"\n\t\t\t\tdata-mobile=true>\n\t\t\t  <\/div>\n\t\t  <style>\n\t\t\t.fb_iframe_widget_fluid_desktop iframe {\n\t\t\t    width: 100% !important;\n\t\t\t}\n\t\t  <\/style>\n\t\t  ","protected":false},"excerpt":{"rendered":"<p>eloriente.net\/Colegio Compartir Conocimiento A.C. 16 de diciembre de 2015 Oaxaca de Ju\u00e1rez, Oaxaca a 15 de diciembre del 2014.- Como parte de su vocaci\u00f3n acad\u00e9mica, el Colegio de Profesionistas \u201cCompartir Conocimiento\u201d Asociaci\u00f3n Civil realiz\u00f3 el Foro \u201cLos Derechos Humanos de las Personas con Discapacidad\u201d en donde la ponencia principal estuvo a cargo de la Doctora [&hellip;]<\/p>\n","protected":false},"author":1,"featured_media":34735,"comment_status":"open","ping_status":"open","sticky":false,"template":"","format":"standard","meta":{"_jetpack_memberships_contains_paid_content":false,"footnotes":""},"categories":[29,1588,22,32,63,10,464,30],"tags":[3171,217,288,1453],"class_list":["post-34734","post","type-post","status-publish","format-standard","has-post-thumbnail","hentry","category-capital","category-comunicados-y-boletines","category-derechos-humanos","category-entradas","category-estados","category-lo-mas-reciente","category-oaxaca-estados","category-salud","tag-colegio-compartir-conocimiento","tag-derechos-humanos-2","tag-discapacidad","tag-jorge-oropeza"],"jetpack_featured_media_url":"http:\/\/www.eloriente.net\/home\/wp-content\/uploads\/2014\/12\/20141212_174117.jpg","jetpack_sharing_enabled":true,"_links":{"self":[{"href":"http:\/\/www.eloriente.net\/home\/wp-json\/wp\/v2\/posts\/34734"}],"collection":[{"href":"http:\/\/www.eloriente.net\/home\/wp-json\/wp\/v2\/posts"}],"about":[{"href":"http:\/\/www.eloriente.net\/home\/wp-json\/wp\/v2\/types\/post"}],"author":[{"embeddable":true,"href":"http:\/\/www.eloriente.net\/home\/wp-json\/wp\/v2\/users\/1"}],"replies":[{"embeddable":true,"href":"http:\/\/www.eloriente.net\/home\/wp-json\/wp\/v2\/comments?post=34734"}],"version-history":[{"count":1,"href":"http:\/\/www.eloriente.net\/home\/wp-json\/wp\/v2\/posts\/34734\/revisions"}],"predecessor-version":[{"id":34737,"href":"http:\/\/www.eloriente.net\/home\/wp-json\/wp\/v2\/posts\/34734\/revisions\/34737"}],"wp:featuredmedia":[{"embeddable":true,"href":"http:\/\/www.eloriente.net\/home\/wp-json\/wp\/v2\/media\/34735"}],"wp:attachment":[{"href":"http:\/\/www.eloriente.net\/home\/wp-json\/wp\/v2\/media?parent=34734"}],"wp:term":[{"taxonomy":"category","embeddable":true,"href":"http:\/\/www.eloriente.net\/home\/wp-json\/wp\/v2\/categories?post=34734"},{"taxonomy":"post_tag","embeddable":true,"href":"http:\/\/www.eloriente.net\/home\/wp-json\/wp\/v2\/tags?post=34734"}],"curies":[{"name":"wp","href":"https:\/\/api.w.org\/{rel}","templated":true}]}}