{"id":34771,"date":"2014-12-19T10:52:29","date_gmt":"2014-12-19T16:52:29","guid":{"rendered":"http:\/\/www.eloriente.net\/home\/?p=34771"},"modified":"2015-01-05T18:30:38","modified_gmt":"2015-01-06T00:30:38","slug":"adios-al-cobro-de-larga-distancia-nacional-a-partir-del-1-de-enero","status":"publish","type":"post","link":"http:\/\/www.eloriente.net\/home\/2014\/12\/19\/adios-al-cobro-de-larga-distancia-nacional-a-partir-del-1-de-enero\/","title":{"rendered":"Adi\u00f3s al Cobro de Larga Distancia Nacional a partir del 1 de enero"},"content":{"rendered":"<p>(<a href=\"http:\/\/www.eloriente.net\" target=\"_blank\">www.eloriente.net<\/a>, M\u00e9xico, a 19 de diciembre de 2014).- Todas y cada una de las llamadas con origen dentro del territorio mexicano que se realicen hacia otro n\u00famero dentro del propio territorio, deber\u00e1n considerarse como llamadas de servicio local a partir del 1 de enero de 2015, ratific\u00f3 ayer el Pleno del Instituto Federal de Telecomunicaciones (IFT).<\/p>\n<p>En reuni\u00f3n celebrada de manera extraordinaria, dicho Pleno aprob\u00f3 las disposiciones que deber\u00e1n cumplir los concesionarios, permisionarios y autorizados, a fin de que a partir de dicha fecha \u00abcumplan eficientemente con la obligaci\u00f3n prevista en la Ley para no cobrar a sus usuarios por las llamadas de larga distancia que realicen a cualquier destino nacional\u00bb.<\/p>\n<p>Dichas disposicione establecen que todo el territorio nacional ser\u00e1 considerado como una sola \u00e1rea de servicio local, <a href=\"http:\/\/www.ift.org.mx\/iftweb\/wp-content\/uploads\/2014\/12\/COMUNICADO-72-IFT.pdf\" target=\"_blank\">se\u00f1ala el IFT<\/a>.<\/p>\n<p>Adicionalmente, las tarifas al usuario final para las llamadas con prefijo 044 ser\u00e1n las mismas que para las de 045.<\/p>\n<p>Se consideran dentro de la uniformizaci\u00f3n de la tarifa nacional aquellos n\u00fameros que se marquen con los prefijos 01 y 02, o bien se marquen directamente con 7, 8 o en su caso con 10 d\u00edgitos directamente. De hecho, la marcaci\u00f3n puede realizarse como siempre se ha hecho, es decir, marcando los prefijos. Sin embargo, ser\u00e1n los prestadores del servicio los que dispondr\u00e1n la posibilidad de realizar la marcaci\u00f3n directamente con los 10 d\u00edgitos, entre tanto no se determine el mecanismo definitivo para migrara a una marcaci\u00f3n uniforme de 10 d\u00edgitos, aclar\u00f3 el Instituto.<\/p>\n<p>ELORIENTE.NET te recomienda leer el Acuerdo completo del Pleno del IFT que en pr\u00f3ximos d\u00edas ser\u00e1 publicado en el Diario Oficial de la Federaci\u00f3n dando click <a href=\"http:\/\/www.ift.org.mx\/iftweb\/wp-content\/uploads\/2014\/12\/P_IFT_EXT_181214_279.pdf\" target=\"_blank\">AQU\u00cd<\/a>.<\/p>\n<p>&nbsp;<\/p>\n<p><a href=\"http:\/\/www.eloriente.net\/home\/wp-content\/uploads\/2014\/12\/FDCTSEVILLA-CC-Estacio\u0301n-telefo\u0301nica-central-en-Pari\u0301s.jpg\"><img loading=\"lazy\" decoding=\"async\" class=\"alignnone  wp-image-34772\" src=\"http:\/\/www.eloriente.net\/home\/wp-content\/uploads\/2014\/12\/FDCTSEVILLA-CC-Estacio\u0301n-telefo\u0301nica-central-en-Pari\u0301s.jpg\" alt=\"FDCTSEVILLA CC Estacio\u0301n telefo\u0301nica central en Pari\u0301s\" width=\"862\" height=\"610\" srcset=\"http:\/\/www.eloriente.net\/home\/wp-content\/uploads\/2014\/12\/FDCTSEVILLA-CC-Estacio\u0301n-telefo\u0301nica-central-en-Pari\u0301s.jpg 1024w, http:\/\/www.eloriente.net\/home\/wp-content\/uploads\/2014\/12\/FDCTSEVILLA-CC-Estacio\u0301n-telefo\u0301nica-central-en-Pari\u0301s-300x212.jpg 300w\" sizes=\"(max-width: 862px) 100vw, 862px\" \/><\/a><\/p>\n<p>Imagen:<\/p>\n<div id=\"yui_3_16_0_1_1419007656039_708\" class=\"view attribution-view requiredToShowOnServer clear-float\">\n<div class=\"attribution-info\"><a class=\"owner-name truncate\" title=\"Ir a la galer\u00eda de Biblioteca de la Facultad de Derecho y Ciencias del Trabajo Universidad de Sevilla\" href=\"http:\/\/www.flickr.com\/photos\/fdctsevilla\/\" data-track=\"attributionNameClick\" data-rapid_p=\"24\">Biblioteca de la Facultad de Derecho y Ciencias del Trabajo Universidad de Sevilla<br \/>\n<\/a><\/p>\n<div id=\"yui_3_16_0_1_1419007656039_709\" class=\"view follow-view clear-float\">\u00a0\u00abEstaci\u00f3n telef\u00f3nica central en Paris\u00bb CC<a class=\"photo-license-url\" href=\"https:\/\/creativecommons.org\/licenses\/by\/2.0\/\" target=\"_newtab\" rel=\"license cc:license\" data-rapid_p=\"29\"><i class=\"ui-icon-tiny-4cc\"><\/i> Algunos derechos reservados<\/a><\/div>\n<div class=\"view follow-view clear-float\"><\/div>\n<div class=\"view follow-view clear-float\"><strong>OTRAS ENTRADAS:<\/strong><\/div>\n<div class=\"view follow-view clear-float\"><\/div>\n<div class=\"view follow-view clear-float\">\n<div id=\"post-29241\" class=\"post-29241 post type-post status-publish format-standard has-post-thumbnail hentry category-entradas category-estados category-lo-mas-reciente category-politica-y-gobierno category-principal tag-celular tag-diputados tag-ley tag-radio tag-senadores tag-telecomunicaciones tag-television entry loop-default border_bottom_30\">\n<h2 class=\"entry_title\"><a title=\"Enlace Permanente a Aprueban diputados ley de telecomunicaciones; consulta aqu\u00ed dictamen\" href=\"http:\/\/www.eloriente.net\/home\/2014\/07\/09\/aprueban-diputados-ley-de-telecomunicaciones-consulta-aqui-dictamen\/\" rel=\"bookmark\">Aprueban diputados ley de telecomunicaciones; consulta aqu\u00ed dictamen<\/a><\/h2>\n<p><a href=\"http:\/\/www.eloriente.net\/home\/2014\/07\/09\/aprueban-diputados-ley-de-telecomunicaciones-consulta-aqui-dictamen\/\" rel=\"bookmark\"><img decoding=\"async\" class=\"alignleft\" title=\"Aprueban diputados ley de telecomunicaciones; consulta aqu\u00ed dictamen\" src=\"http:\/\/www.eloriente.net\/home\/wp-content\/themes\/city-desk\/timthumb.php?src=http%3A%2F%2Fwww.eloriente.net%2Fhome%2Fwp-content%2Fuploads%2F2013%2F12%2Fusing-smartphone-low.jpg&amp;q=90&amp;w=160&amp;h=106&amp;zc=1\" alt=\"Aprueban diputados ley de telecomunicaciones; consulta aqu\u00ed dictamen\" \/><\/a>eloriente.net 9\/julio\/2014 \u00a0 Video:\u00a0C\u00e1mara de Diputados \u00a0 Esta ma\u00f1ana, la C\u00e1mara de Diputados aprob\u00f3 el dictamen con proyecto de decreto que\u00a0expide la Ley Federal de Telecomunicaciones y Radiodifusi\u00f3n; y la Ley del Sistema P\u00fablico del Estado Mexicano. Adem\u00e1s se reforma, adiciona y deroga diversas disposiciones en materia de telecomunicaciones y radiodifusi\u00f3n. El documento fue turnado [\u2026]<\/p>\n<p class=\"postmeta\"><span class=\"meta_date\">julio 9, 2014<\/span><\/p>\n<\/div>\n<div id=\"post-28924\" class=\"post-28924 post type-post status-publish format-standard has-post-thumbnail hentry category-destacadas category-entradas category-especiales category-estados category-lo-mas-reciente category-mexico-y-el-mundo category-politica-y-gobierno tag-dictamen tag-gobierno tag-leyes tag-radiodifusion tag-reforma tag-senado tag-telecomunicaciones entry loop-default border_bottom_30\">\n<h2 class=\"entry_title\"><a title=\"Enlace Permanente a Consulta aqu\u00ed dictamen de leyes secundarias de telecomunicaciones\" href=\"http:\/\/www.eloriente.net\/home\/2014\/07\/03\/consulta-aqui-dictamen-de-leyes-secundarias-de-telecomunicaciones\/\" rel=\"bookmark\">Consulta aqu\u00ed dictamen de leyes secundarias de telecomunicaciones<\/a><\/h2>\n<p><a href=\"http:\/\/www.eloriente.net\/home\/2014\/07\/03\/consulta-aqui-dictamen-de-leyes-secundarias-de-telecomunicaciones\/\" rel=\"bookmark\"><img decoding=\"async\" class=\"alignleft\" title=\"Consulta aqu\u00ed dictamen de leyes secundarias de telecomunicaciones\" src=\"http:\/\/www.eloriente.net\/home\/wp-content\/themes\/city-desk\/timthumb.php?src=http%3A%2F%2Fwww.eloriente.net%2Fhome%2Fwp-content%2Fuploads%2F2014%2F07%2FReforma-en-telecomunicaciones-Por-presidencia-e1404435705782.jpg&amp;q=90&amp;w=160&amp;h=106&amp;zc=1\" alt=\"Consulta aqu\u00ed dictamen de leyes secundarias de telecomunicaciones\" \/><\/a>eloriente.net 3\/julio\/2014 Con 25 votos a favor y 5 en contra, las Comisiones Unidas de Comunicaciones y Transportes, de Radio, Televisi\u00f3n y Cinematograf\u00eda y de Estudios Legislativos del Senado de la Rep\u00fablica aprobaron hoy en lo general las leyes secundarias en materia de telecomunicaciones y radiodifusi\u00f3n. En un comunicado oficial, se anunci\u00f3 que el dictamen [\u2026]<\/p>\n<p class=\"postmeta\"><span class=\"meta_date\">julio 3, 2014<\/span><\/p>\n<\/div>\n<div id=\"post-25565\" class=\"post-25565 post type-post status-publish format-standard has-post-thumbnail hentry category-congreso-y-justicia category-entradas category-lo-mas-reciente category-mexico-y-el-mundo category-politica-y-gobierno entry loop-default border_bottom_30\">\n<h2 class=\"entry_title\"><a title=\"Enlace Permanente a Iniciativas de reformas en telecomunicaciones no est\u00e1n al nivel de expectativas: AMEDI\" href=\"http:\/\/www.eloriente.net\/home\/2014\/05\/08\/iniciativas-de-reformas-en-telecomunicaciones-no-estan-al-nivel-de-expectativas-amedi\/\" rel=\"bookmark\">Iniciativas de reformas en telecomunicaciones no est\u00e1n al nivel de expectativas: AMEDI<\/a><\/h2>\n<p><a href=\"http:\/\/www.eloriente.net\/home\/2014\/05\/08\/iniciativas-de-reformas-en-telecomunicaciones-no-estan-al-nivel-de-expectativas-amedi\/\" rel=\"bookmark\"><img decoding=\"async\" class=\"alignleft\" title=\"Iniciativas de reformas en telecomunicaciones no est\u00e1n al nivel de expectativas: AMEDI\" src=\"http:\/\/www.eloriente.net\/home\/wp-content\/themes\/city-desk\/timthumb.php?src=http%3A%2F%2Fwww.eloriente.net%2Fhome%2Fwp-content%2Fuploads%2F2014%2F01%2Ftelecomunicaciones.jpg&amp;q=90&amp;w=160&amp;h=106&amp;zc=1\" alt=\"Iniciativas de reformas en telecomunicaciones no est\u00e1n al nivel de expectativas: AMEDI\" \/><\/a>eloriente.net\/AMEDI 8 de mayo de 2014 \u00a0 Este es el posicionamiento de @Amedi_Oaxaca sobre #ReformaEnTelecomunicaciones invitamos a su lectura #AmediTELECOM https:\/\/t.co\/WJ2WxAsmSz \u2014 Amedi Cap\u00edtulo Oax. (@AMEDI_Oaxaca) Mayo 6, 2014 \u00a0 \u00a0 \u00a0 Otras Entradas: Lang Lang, glorioso pianista chino, brindar\u00e1 Clase Magistral en M\u00e9xico eloriente.net\/Agencia N22 7 de mayo de 2014 CIUDAD DE M\u00c9XICO, M\u00e9xico, [\u2026]<\/p>\n<p>&nbsp;<\/p>\n<p class=\"postmeta\"><span class=\"meta_date\">mayo 8, 2014<\/span><\/p>\n<\/div>\n<\/div>\n<\/div>\n<\/div>\n<div id=\"yui_3_16_0_1_1419007656039_868\" class=\"view sub-photo-title-desc-view requiredToShowOnServer\"><\/div>\n<p>&nbsp;<\/p>\n\n\t\t\t  <div \n\t\t\t  \tclass = \"fb-comments\" \n\t\t\t  \tdata-href = \"http:\/\/www.eloriente.net\/home\/2014\/12\/19\/adios-al-cobro-de-larga-distancia-nacional-a-partir-del-1-de-enero\/\"\n\t\t\t  \tdata-numposts = \"10\"\n\t\t\t\tdata-colorscheme = \"dark\"\n\t\t\t\tdata-order-by = \"social\"\n\t\t\t\tdata-mobile=true>\n\t\t\t  <\/div>\n\t\t  <style>\n\t\t\t.fb_iframe_widget_fluid_desktop iframe {\n\t\t\t    width: 100% !important;\n\t\t\t}\n\t\t  <\/style>\n\t\t  ","protected":false},"excerpt":{"rendered":"<p>(www.eloriente.net, M\u00e9xico, a 19 de diciembre de 2014).- Todas y cada una de las llamadas con origen dentro del territorio mexicano que se realicen hacia otro n\u00famero dentro del propio territorio, deber\u00e1n considerarse como llamadas de servicio local a partir del 1 de enero de 2015, ratific\u00f3 ayer el Pleno del Instituto Federal de Telecomunicaciones [&hellip;]<\/p>\n","protected":false},"author":1,"featured_media":34772,"comment_status":"open","ping_status":"open","sticky":false,"template":"","format":"standard","meta":{"_jetpack_memberships_contains_paid_content":false,"footnotes":""},"categories":[2435,22,32,10,31,17],"tags":[3194,716,3192,3193,199],"class_list":["post-34771","post","type-post","status-publish","format-standard","has-post-thumbnail","hentry","category-miercolesdeeconomia","category-derechos-humanos","category-entradas","category-lo-mas-reciente","category-principal","category-tecnologia","tag-3194","tag-ift","tag-instituto-federal-de-telecomunicaciones","tag-larga-distancia","tag-telecomunicaciones"],"jetpack_featured_media_url":"http:\/\/www.eloriente.net\/home\/wp-content\/uploads\/2014\/12\/FDCTSEVILLA-CC-Estacio\u0301n-telefo\u0301nica-central-en-Pari\u0301s.jpg","jetpack_sharing_enabled":true,"_links":{"self":[{"href":"http:\/\/www.eloriente.net\/home\/wp-json\/wp\/v2\/posts\/34771"}],"collection":[{"href":"http:\/\/www.eloriente.net\/home\/wp-json\/wp\/v2\/posts"}],"about":[{"href":"http:\/\/www.eloriente.net\/home\/wp-json\/wp\/v2\/types\/post"}],"author":[{"embeddable":true,"href":"http:\/\/www.eloriente.net\/home\/wp-json\/wp\/v2\/users\/1"}],"replies":[{"embeddable":true,"href":"http:\/\/www.eloriente.net\/home\/wp-json\/wp\/v2\/comments?post=34771"}],"version-history":[{"count":3,"href":"http:\/\/www.eloriente.net\/home\/wp-json\/wp\/v2\/posts\/34771\/revisions"}],"predecessor-version":[{"id":34776,"href":"http:\/\/www.eloriente.net\/home\/wp-json\/wp\/v2\/posts\/34771\/revisions\/34776"}],"wp:featuredmedia":[{"embeddable":true,"href":"http:\/\/www.eloriente.net\/home\/wp-json\/wp\/v2\/media\/34772"}],"wp:attachment":[{"href":"http:\/\/www.eloriente.net\/home\/wp-json\/wp\/v2\/media?parent=34771"}],"wp:term":[{"taxonomy":"category","embeddable":true,"href":"http:\/\/www.eloriente.net\/home\/wp-json\/wp\/v2\/categories?post=34771"},{"taxonomy":"post_tag","embeddable":true,"href":"http:\/\/www.eloriente.net\/home\/wp-json\/wp\/v2\/tags?post=34771"}],"curies":[{"name":"wp","href":"https:\/\/api.w.org\/{rel}","templated":true}]}}