{"id":34826,"date":"2014-12-27T13:45:05","date_gmt":"2014-12-27T19:45:05","guid":{"rendered":"http:\/\/www.eloriente.net\/home\/?p=34826"},"modified":"2022-12-28T12:10:14","modified_gmt":"2022-12-28T18:10:14","slug":"roberta-sa-samba-de-un-minuto-musica-sugerida-por-el_oriente","status":"publish","type":"post","link":"http:\/\/www.eloriente.net\/home\/2014\/12\/27\/roberta-sa-samba-de-un-minuto-musica-sugerida-por-el_oriente\/","title":{"rendered":"Roberta Sa: &#8216;Samba de un Minuto&#8217;. M\u00fasica sugerida por @El_Oriente"},"content":{"rendered":"<p>eloriente.net<\/p>\n<p>5 de diciembre de 2012<\/p>\n<p>El 2 de diciembre se celebr\u00f3 en Brasil el D\u00eda Nacional de la Samba. De acuerdo a diversos <a href=\"http:\/\/www.horadobrasil.net\/index.php?option=com_events&amp;task=view_detail&amp;agid=122&amp;year=2012&amp;month=12&amp;day=2&amp;Itemid=37\" target=\"_blank\" rel=\"noopener\">testimonios<\/a>, el mismo es una iniciativa de los a\u00f1os cincuenta en la que el bahiano Luis Monteito da Costa para homenajear al gran Ary Barroso en celebraci\u00f3n de su primer paso por Salvador. El m\u00fasico hab\u00eda compuesto &#8216;Na Baixa do Sapateiro&#8217;, exaltando las tradiciones de Bah\u00eda mas nunca hab\u00eda visitado el lugar.<\/p>\n<p>En 1962, durante el primer Congreso Nacional de Samba, en el estado de Guanabara, el diputado Frota Aguiar consigui\u00f3 que se aprobara un proyecto de ley para la realizaci\u00f3n de un evento nacional.<\/p>\n<p><script async src=\"https:\/\/pagead2.googlesyndication.com\/pagead\/js\/adsbygoogle.js\"><\/script><br \/>\n<ins class=\"adsbygoogle\" style=\"display: block; text-align: center;\" data-ad-layout=\"in-article\" data-ad-format=\"fluid\" data-ad-client=\"ca-pub-1136171134853753\" data-ad-slot=\"1904291222\"><\/ins><br \/>\n<script>\n     (adsbygoogle = window.adsbygoogle || []).push({});\n<\/script><\/p>\n<p>Para esta ocasi\u00f3n, en @El_Oriente hemos querido que sea a trav\u00e9s de una cantante joven y extraordinaria como celebremos con Brasil aquel d\u00eda pero sobre todo la alegr\u00eda de la samba.<\/p>\n<p>As\u00ed que te invitamos a conocer a Roberta S\u00e1 con &#8216;Samba de un minuto&#8217;. Roberta naci\u00f3 el 19 de diciembre de 1980 en Natal. No fue sino hasta 2004 cuando vio la luz su primer disco &#8216;Braseiro&#8217;, con la producci\u00f3n de Rodrigo Campello, descrito por ella misma como un album de memorias musicales afectivas.<\/p>\n<p>&#8216;Que Belo Estranho Dia Pra Se Ter Alegria&#8217; es su segundo disco lanzado en 2007 y en el a\u00f1o 2010 junto con Trio Madeira Brasil grab\u00f3 &#8216;Quando o Canto \u00e9 Reza&#8217; en homenaje a Roque Ferreira.<\/p>\n<p>Este mismo a\u00f1o, 2012, ha grabado &#8216;Segunda Pele&#8217;<\/p>\n<p><iframe loading=\"lazy\" src=\"\/\/www.youtube.com\/embed\/-Kv2uX8NSRU\" width=\"560\" height=\"315\" frameborder=\"0\" allowfullscreen=\"allowfullscreen\"><\/iframe><br \/>\nFoto:@RobertaS\u00e1<\/p>\n<p><a href=\"http:\/\/www.eloriente.net\/home\/wp-content\/uploads\/2012\/12\/@RobertaS\u00e1.jpg\"><script async src=\"https:\/\/pagead2.googlesyndication.com\/pagead\/js\/adsbygoogle.js\"><\/script><br \/>\n<ins class=\"adsbygoogle\" style=\"display: block; text-align: center;\" data-ad-layout=\"in-article\" data-ad-format=\"fluid\" data-ad-client=\"ca-pub-1136171134853753\" data-ad-slot=\"1904291222\"><\/ins><br \/>\n<script>\n     (adsbygoogle = window.adsbygoogle || []).push({});\n<\/script><br \/>\n<\/a><br \/>\n<iframe loading=\"lazy\" src=\"\/\/www.youtube.com\/embed\/Hn7WsSQhu_8\" width=\"420\" height=\"315\" frameborder=\"0\" allowfullscreen=\"allowfullscreen\"><\/iframe><br \/>\nOTRAS ENTRADAS:<\/p>\n<h2 class=\"entry_title\"><a title=\"Enlace Permanente a Mario Torres Valdivieso y un idioma sagrado: la m\u00fasica\" href=\"http:\/\/www.eloriente.net\/home\/2014\/11\/19\/he-podido-compartir-un-idioma-sagrado-la-musica-mario-torres-valdivieso\/\" rel=\"bookmark\">Mario Torres Valdivieso y un idioma sagrado: la m\u00fasica<\/a><\/h2>\n<p><a href=\"http:\/\/www.eloriente.net\/home\/2014\/11\/19\/he-podido-compartir-un-idioma-sagrado-la-musica-mario-torres-valdivieso\/\" rel=\"bookmark\"><img decoding=\"async\" class=\"alignleft\" title=\"Mario Torres Valdivieso y un idioma sagrado: la m\u00fasica\" src=\"http:\/\/www.eloriente.net\/home\/wp-content\/themes\/city-desk\/timthumb.php?src=http%3A%2F%2Fwww.eloriente.net%2Fhome%2Fwp-content%2Fuploads%2F2014%2F11%2Fmario1-e1416410707346.jpg&amp;q=90&amp;w=160&amp;h=106&amp;zc=1\" alt=\"Mario Torres Valdivieso y un idioma sagrado: la m\u00fasica\" \/><\/a><\/p>\n<p>eloriente.net 19\/noviembre\/2014 \u201cLa m\u00fasica fue una casualidad que hasta la fecha agradezco. Mis padres siempre fueron amantes de lo bello, no particularmente de la m\u00fasica pero s\u00ed en la expresi\u00f3n de la creatividad en muchos sentidos, desde la calidez casi po\u00e9tica de los consejos de mi madre hasta las creaciones artesanales de mi padre\u201d, dice [\u2026]<\/p>\n<p class=\"postmeta\"><span class=\"meta_date\">noviembre 19, 2014<\/span><\/p>\n<p><script async src=\"https:\/\/pagead2.googlesyndication.com\/pagead\/js\/adsbygoogle.js\"><\/script><br \/>\n<ins class=\"adsbygoogle\" style=\"display: block;\" data-ad-format=\"autorelaxed\" data-ad-client=\"ca-pub-1136171134853753\" data-ad-slot=\"4595267748\"><\/ins><br \/>\n<script>\n     (adsbygoogle = window.adsbygoogle || []).push({});\n<\/script><\/p>\n\n\t\t\t  <div \n\t\t\t  \tclass = \"fb-comments\" \n\t\t\t  \tdata-href = \"http:\/\/www.eloriente.net\/home\/2014\/12\/27\/roberta-sa-samba-de-un-minuto-musica-sugerida-por-el_oriente\/\"\n\t\t\t  \tdata-numposts = \"10\"\n\t\t\t\tdata-colorscheme = \"dark\"\n\t\t\t\tdata-order-by = \"social\"\n\t\t\t\tdata-mobile=true>\n\t\t\t  <\/div>\n\t\t  <style>\n\t\t\t.fb_iframe_widget_fluid_desktop iframe {\n\t\t\t    width: 100% !important;\n\t\t\t}\n\t\t  <\/style>\n\t\t  ","protected":false},"excerpt":{"rendered":"<p>eloriente.net 5 de diciembre de 2012 El 2 de diciembre se celebr\u00f3 en Brasil el D\u00eda Nacional de la Samba. De acuerdo a diversos testimonios, el mismo es una iniciativa de los a\u00f1os cincuenta en la que el bahiano Luis Monteito da Costa para homenajear al gran Ary Barroso en celebraci\u00f3n de su primer paso [&hellip;]<\/p>\n","protected":false},"author":1,"featured_media":34828,"comment_status":"open","ping_status":"open","sticky":false,"template":"","format":"standard","meta":{"_jetpack_memberships_contains_paid_content":false,"footnotes":""},"categories":[5,32,10,31],"tags":[268,3202,149,3201],"class_list":["post-34826","post","type-post","status-publish","format-standard","has-post-thumbnail","hentry","category-canal-3-musica","category-entradas","category-lo-mas-reciente","category-principal","tag-brasil","tag-grandes-cantantes","tag-musica","tag-roberta-sa"],"jetpack_featured_media_url":"http:\/\/www.eloriente.net\/home\/wp-content\/uploads\/2014\/12\/@RobertaSa-e1419709764955.jpg","jetpack_sharing_enabled":true,"_links":{"self":[{"href":"http:\/\/www.eloriente.net\/home\/wp-json\/wp\/v2\/posts\/34826"}],"collection":[{"href":"http:\/\/www.eloriente.net\/home\/wp-json\/wp\/v2\/posts"}],"about":[{"href":"http:\/\/www.eloriente.net\/home\/wp-json\/wp\/v2\/types\/post"}],"author":[{"embeddable":true,"href":"http:\/\/www.eloriente.net\/home\/wp-json\/wp\/v2\/users\/1"}],"replies":[{"embeddable":true,"href":"http:\/\/www.eloriente.net\/home\/wp-json\/wp\/v2\/comments?post=34826"}],"version-history":[{"count":4,"href":"http:\/\/www.eloriente.net\/home\/wp-json\/wp\/v2\/posts\/34826\/revisions"}],"predecessor-version":[{"id":65986,"href":"http:\/\/www.eloriente.net\/home\/wp-json\/wp\/v2\/posts\/34826\/revisions\/65986"}],"wp:featuredmedia":[{"embeddable":true,"href":"http:\/\/www.eloriente.net\/home\/wp-json\/wp\/v2\/media\/34828"}],"wp:attachment":[{"href":"http:\/\/www.eloriente.net\/home\/wp-json\/wp\/v2\/media?parent=34826"}],"wp:term":[{"taxonomy":"category","embeddable":true,"href":"http:\/\/www.eloriente.net\/home\/wp-json\/wp\/v2\/categories?post=34826"},{"taxonomy":"post_tag","embeddable":true,"href":"http:\/\/www.eloriente.net\/home\/wp-json\/wp\/v2\/tags?post=34826"}],"curies":[{"name":"wp","href":"https:\/\/api.w.org\/{rel}","templated":true}]}}