{"id":34833,"date":"2015-01-02T17:06:08","date_gmt":"2015-01-02T23:06:08","guid":{"rendered":"http:\/\/www.eloriente.net\/home\/?p=34833"},"modified":"2015-01-02T17:06:08","modified_gmt":"2015-01-02T23:06:08","slug":"su-presencia-nos-alienta-gabino-a-pena-presidente-visita-oaxaca-por-primera-vez","status":"publish","type":"post","link":"http:\/\/www.eloriente.net\/home\/2015\/01\/02\/su-presencia-nos-alienta-gabino-a-pena-presidente-visita-oaxaca-por-primera-vez\/","title":{"rendered":"\u00abSu presencia nos alienta\u00bb: Gabino a Pe\u00f1a; presidente visita Oaxaca por primera vez"},"content":{"rendered":"<p>(<a href=\"www.eloriente.net,\" target=\"_blank\">www.eloriente.net,<\/a> M\u00e9xico, 2 de enero de 2014).- Contra todo pron\u00f3stico, Enrique Pe\u00f1a Nieto, presidente de M\u00e9xico, tard\u00f3 un poco m\u00e1s de dos a\u00f1os en realizar su primera visita de trabajo en el estado de Oaxaca, el quinto m\u00e1s extenso en superficie del pa\u00eds y que durante muchos a\u00f1os, hasta el a\u00f1o 2010, hab\u00eda sido gobernado por mandatarios extra\u00eddos de su mismo partido el Partido Revolucionario Institucional.<\/p>\n<p>En ese a\u00f1o, el Ejecutivo estatal fue confiado a Gabino Cu\u00e9 Monteagudo, candidato de una coalici\u00f3n de los partidos Acci\u00f3n Nacional (PAN), de la Revoluci\u00f3n Democr\u00e1tica (PRD), Convergencia (hoy MC) y del Trabajo (PT).<\/p>\n<p>Pe\u00f1a Nieto lleg\u00f3 hoy a Salina Cruz, puerto de primera importancia por su caracter estrat\u00e9gico en materia energ\u00e9tica, para inaugurar el Corredor Interoce\u00e1nico, una obra contemplada en <a href=\"http:\/\/www.eloriente.net\/home\/2014\/11\/27\/epn-anuncia-medidas-especiales-para-oaxaca-guerrero-y-chiapas\/\" target=\"_blank\">las medidas de emergencia anunciadas por el presidente para propender la paz y la seguridad en el pa\u00eds<\/a>, entre las cuales incluy\u00f3 algunas en materia de desarrollo econ\u00f3mico del sur.<\/p>\n<p><iframe loading=\"lazy\" src=\"\/\/www.youtube.com\/embed\/qawL9Ju5D3s\" width=\"560\" height=\"315\" frameborder=\"0\" allowfullscreen=\"allowfullscreen\"><\/iframe><\/p>\n<p>Asimismo, dio inicio a las operaciones del transporte de gas natural de J\u00e1ltipan a la refiner\u00eda de Salina Cruz y la construcci\u00f3n en el Astillero No. 20 de la Secretar\u00eda de Marina, de 4 remolcadores para la flota menor de Petr\u00f3leos M\u00e9xicanos (PEMEX).<\/p>\n<p>Igualmente se efectu\u00f3 una ceremonia con tales motivos y luego se pronunciaron los mensajes centrales de la visita:<\/p>\n<p><iframe loading=\"lazy\" src=\"\/\/www.youtube.com\/embed\/2vruZS5FZXU\" width=\"560\" height=\"315\" frameborder=\"0\" allowfullscreen=\"allowfullscreen\"><\/iframe><\/p>\n<p>&nbsp;<\/p>\n<p><strong>Gabino Cu\u00e9 se\u00f1al\u00f3<\/strong> en su intervenci\u00f3n que \u00abnos da mucho gusto que haya seleccionado al estado de Oaxaca para iniciar un a\u00f1o trascendente para la vida de todos los mexicanos\u00bb.<\/p>\n<p>Agradeci\u00f3 el apoyo del gobierno pe\u00f1ista sobre todo en materia presupuestal. \u00abOaxaca es un estado de contrastes donde tenemos altas tazas de marginaci\u00f3n y pobreza&#8230; por eso hemos visto con mucha simpat\u00eda el anuncio hecho por usted el 27 de noviembre donde dio a conocer una serie de acciones para el estado del sur&#8230; En el caso de Oaxaca a 4 a\u00f1os de nuestra administraci\u00f3n hemos puesto \u00e9nfasis en la pol\u00edtica social y seguridad, donde hemos podido contener la incidencia delictiva\u00bb, enfatiz\u00f3 Cu\u00e9.<\/p>\n<p>\u00abSu presencia nos alienta&#8230; cuenta con Oaxaca y con su gobernador para que su gobierno tenga un gran \u00e9xito los pr\u00f3ximos cuatro a\u00f1os\u00bb, concluy\u00f3.<\/p>\n<p><strong>Por su parte, Enrique Pe\u00f1a<\/strong> dijo que el proyecto de gas natural para M\u00e9xico se ampliar\u00e1 casi en un 75%, es decir, se duplicar\u00e1 la red de gasoductos que recorren el territorio nacional.<\/p>\n<p>La atracci\u00f3n de la inversi\u00f3n y la generaci\u00f3n de empleos fueron los ejes de la parte econ\u00f3mica del discurso del presidente, describiendo que precisamente es el gas natural una de las materias primas m\u00e1s importantes para lograr como efectos m\u00e1s inversi\u00f3n y m\u00e1s empleos, asi como la utilizaci\u00f3n de energ\u00edas limpias.<\/p>\n<p>Siendo la refiner\u00eda de Salina Cruz la m\u00e1s grande del pa\u00eds, el presidente se\u00f1al\u00f3 que \u00e9sta se reconfigurar\u00e1 con una inversi\u00f3n de cerca de 6 mil millones de d\u00f3lares, lo cual \u2014dijo\u2014 permitir\u00e1 que PEMEX sea mucho m\u00e1s productiva y m\u00e1s limpia, sino que adem\u00e1s atraer\u00e1n m\u00e1s inversiones a la regi\u00f3n.<\/p>\n<p>\u00abHoy le hablo a Oaxaca. El gobierno de la Rep\u00fablica tiene muy claro que para asegurar condiciones de seguridad y bienestar para todos los mexicanos lo m\u00e1s importante es atender la ra\u00edz de los problemas&#8230; (para ello) habr\u00edamos de impulsar la creaci\u00f3n de 3 zonas econ\u00f3micas especiales\u00bb, describi\u00f3.<\/p>\n<p>Aqu\u00ed en Oaxaca, \u00abvendr\u00e1n m\u00e1s proyectos\u00bb de infraestructura carretera y hospitalaria, dijo en su mensaje el presidente, mismo que inici\u00f3 con un agradecimiento a la Marina, por su lealtad al pa\u00eds.<\/p>\n<p>La visita de Pe\u00f1a Nieto no estuvo exenta de manifestaciones colaterales por parte, principalmente de la Secci\u00f3n 22 de profesores de la Coordinadora Nacional de Trabajadores de la Educaci\u00f3n. Las protestas fueron motivo de numerosos testimonios en redes sociales:<\/p>\n<p>&nbsp;<\/p>\n<blockquote class=\"twitter-tweet\" lang=\"es\"><p>Maestros de la Secci\u00f3n 22 avientan piedras a la valla del Estado Mayor por la visita de <a href=\"https:\/\/twitter.com\/hashtag\/EPN?src=hash\">#EPN<\/a> a Salina Cruz Oaxaca. <a href=\"http:\/\/t.co\/sE4JpsjCpC\">pic.twitter.com\/sE4JpsjCpC<\/a><\/p>\n<p>\u2014 Jos\u00e9 de Jes\u00fas Cort\u00e9s (@jj_cortes) <a href=\"https:\/\/twitter.com\/jj_cortes\/status\/551069347662536707\">enero 2, 2015<\/a><\/p><\/blockquote>\n<p><script src=\"\/\/platform.twitter.com\/widgets.js\" async=\"\" charset=\"utf-8\"><\/script>\u00a0 <\/p>\n<blockquote class=\"twitter-tweet\" lang=\"es\"><p>\nMaestros de la <a href=\"https:\/\/twitter.com\/hashtag\/CNTE?src=hash\">#CNTE<\/a> protestaron durante la primera visita de <a href=\"https:\/\/twitter.com\/EPN\">@EPN<\/a> a <a href=\"https:\/\/twitter.com\/hashtag\/Oaxaca?src=hash\">#Oaxaca<\/a> <a href=\"http:\/\/t.co\/X3a3XbAwHL\">http:\/\/t.co\/X3a3XbAwHL<\/a> <a href=\"http:\/\/t.co\/fq19qFzmkU\">pic.twitter.com\/fq19qFzmkU<\/a><\/p>\n<p>\u2014 CNN M\u00e9xico (@CNNMex) <a href=\"https:\/\/twitter.com\/CNNMex\/status\/551150825524183041\">enero 2, 2015<\/a>\n<\/p><\/blockquote>\n<p><script src=\"\/\/platform.twitter.com\/widgets.js\" async=\"\" charset=\"utf-8\"><\/script><\/p>\n<blockquote class=\"twitter-tweet\" lang=\"es\"><p><a href=\"https:\/\/twitter.com\/hashtag\/Galer%C3%ADaDeFotos?src=hash\">#Galer\u00edaDeFotos<\/a> <a href=\"https:\/\/twitter.com\/SECCIONXXII\">@SECCIONXXII<\/a> realiza mitin en <a href=\"https:\/\/twitter.com\/hashtag\/SalinaCruz?src=hash\">#SalinaCruz<\/a> repudiando visita de EPN a <a href=\"https:\/\/twitter.com\/hashtag\/Oaxaca?src=hash\">#Oaxaca<\/a> <a href=\"http:\/\/t.co\/SGLMrLChqK\">http:\/\/t.co\/SGLMrLChqK<\/a> <a href=\"http:\/\/t.co\/R0ql4OxqcE\">pic.twitter.com\/R0ql4OxqcE<\/a><\/p>\n<p>\u2014 Secci\u00f3n XXII Oaxaca (@SECCIONXXII) <a href=\"https:\/\/twitter.com\/SECCIONXXII\/status\/551132786514743296\">enero 2, 2015<\/a><\/p><\/blockquote>\n<p><script src=\"\/\/platform.twitter.com\/widgets.js\" async=\"\" charset=\"utf-8\"><\/script><\/p>\n<p>&nbsp;<\/p>\n<p><a href=\"http:\/\/www.eloriente.net\/home\/wp-content\/uploads\/2015\/01\/Secretari\u0301a-de-Marina-gira-EPN-@SEMAR_mx.jpg\"><img loading=\"lazy\" decoding=\"async\" class=\"alignnone size-medium wp-image-34838\" src=\"http:\/\/www.eloriente.net\/home\/wp-content\/uploads\/2015\/01\/Secretari\u0301a-de-Marina-gira-EPN-@SEMAR_mx-300x168.jpg\" alt=\"Secretari\u0301a de Marina gira EPN @SEMAR_mx\" width=\"300\" height=\"168\" srcset=\"http:\/\/www.eloriente.net\/home\/wp-content\/uploads\/2015\/01\/Secretari\u0301a-de-Marina-gira-EPN-@SEMAR_mx-300x168.jpg 300w, http:\/\/www.eloriente.net\/home\/wp-content\/uploads\/2015\/01\/Secretari\u0301a-de-Marina-gira-EPN-@SEMAR_mx.jpg 1024w\" sizes=\"(max-width: 300px) 100vw, 300px\" \/><\/a><\/p>\n<p>Imagen: @SEMAR_mx<\/p>\n<p>&nbsp;<\/p>\n<p><strong>OTRAS ENTRADAS:<\/strong><\/p>\n<div id=\"post-34541\" class=\"post-34541 post type-post status-publish format-standard has-post-thumbnail hentry category-capital category-comunicados-y-boletines category-entradas category-estados category-lo-mas-reciente category-politica-y-gobierno category-principal entry loop-default border_bottom_30\">\n<h2 class=\"entry_title\"><a title=\"Enlace Permanente a Las 13 medidas de @GabinoCue para terminar sexenio\" href=\"http:\/\/www.eloriente.net\/home\/2014\/12\/08\/las-13-medidas-de-gabinocue-para-terminar-sexenio\/\" rel=\"bookmark\">Las 13 medidas de @GabinoCue para terminar sexenio<\/a><\/h2>\n<p><a href=\"http:\/\/www.eloriente.net\/home\/2014\/12\/08\/las-13-medidas-de-gabinocue-para-terminar-sexenio\/\" rel=\"bookmark\"><img decoding=\"async\" class=\"alignleft\" title=\"Las 13 medidas de @GabinoCue para terminar sexenio\" src=\"http:\/\/www.eloriente.net\/home\/wp-content\/themes\/city-desk\/timthumb.php?src=http%3A%2F%2Fwww.eloriente.net%2Fhome%2Fwp-content%2Fuploads%2F2014%2F12%2F%40GobOax-Gabino-Cu%C3%A9-anuncio-Medidas-e1418086852167.jpg&amp;q=90&amp;w=160&amp;h=106&amp;zc=1\" alt=\"Las 13 medidas de @GabinoCue para terminar sexenio\" \/><\/a>eloriente.net\/Gobierno de Oaxaca 8 de diciembre de 2014 \u00b7 El Jefe del Poder Ejecutivo Estatal da a conocer 13 medidas de modernizaci\u00f3n y fortalecimiento, as\u00ed como de austeridad, eficiencia administrativa, transparencia y rendici\u00f3n de cuentas. \u00b7\u00a0Destaca el proyecto de Reforma Constitucional para la creaci\u00f3n de la Fiscal\u00eda General del Estado de Oaxaca, de la Fiscal\u00eda [\u2026]<\/p>\n<p class=\"postmeta\"><span class=\"meta_date\">diciembre 8, 2014<\/span><\/p>\n<\/div>\n<div id=\"post-34264\" class=\"post-34264 post type-post status-publish format-standard has-post-thumbnail hentry category-canal-4-especiales category-derechos-humanos category-destacadas category-entradas category-estados category-jalisco-estados category-lo-mas-reciente category-mexico-y-el-mundo category-oaxaca-estados category-principal entry loop-default border_bottom_30\">\n<h2 class=\"entry_title\"><a title=\"Enlace Permanente a @EPN anuncia medidas especiales para Oaxaca, Guerrero y Chiapas\" href=\"http:\/\/www.eloriente.net\/home\/2014\/11\/27\/epn-anuncia-medidas-especiales-para-oaxaca-guerrero-y-chiapas\/\" rel=\"bookmark\">@EPN anuncia medidas especiales para Oaxaca, Guerrero y Chiapas<\/a><\/h2>\n<p><a href=\"http:\/\/www.eloriente.net\/home\/2014\/11\/27\/epn-anuncia-medidas-especiales-para-oaxaca-guerrero-y-chiapas\/\" rel=\"bookmark\"><img decoding=\"async\" class=\"alignleft\" title=\"@EPN anuncia medidas especiales para Oaxaca, Guerrero y Chiapas\" src=\"http:\/\/www.eloriente.net\/home\/wp-content\/themes\/city-desk\/timthumb.php?src=http%3A%2F%2Fwww.eloriente.net%2Fhome%2Fwp-content%2Fuploads%2F2014%2F11%2FEPN-27noviembre2014-presidencia.png&amp;q=90&amp;w=160&amp;h=106&amp;zc=1\" alt=\"@EPN anuncia medidas especiales para Oaxaca, Guerrero y Chiapas\" \/><\/a>Por: Staff ELORIENTE.NET (www.eloriente.net, M\u00e9xico, 27 de noviembre de 2014).- El Presidente Pe\u00f1a Nieto anunci\u00f3 este d\u00eda un paquete de medidas para colaborar con los estados del sur, Oaxaca, Guerrero y Chiapas, a salir de su atraso hist\u00f3rico. \u201cSon los estados que se est\u00e1n quedando atr\u00e1s\u201d. En el anuncio incluy\u00f3 los programas de infraestructura tanto [\u2026]<\/p>\n<p class=\"postmeta\"><span class=\"meta_date\">noviembre 27, 2014<\/span><\/p>\n<\/div>\n\n\t\t\t  <div \n\t\t\t  \tclass = \"fb-comments\" \n\t\t\t  \tdata-href = \"http:\/\/www.eloriente.net\/home\/2015\/01\/02\/su-presencia-nos-alienta-gabino-a-pena-presidente-visita-oaxaca-por-primera-vez\/\"\n\t\t\t  \tdata-numposts = \"10\"\n\t\t\t\tdata-colorscheme = \"dark\"\n\t\t\t\tdata-order-by = \"social\"\n\t\t\t\tdata-mobile=true>\n\t\t\t  <\/div>\n\t\t  <style>\n\t\t\t.fb_iframe_widget_fluid_desktop iframe {\n\t\t\t    width: 100% !important;\n\t\t\t}\n\t\t  <\/style>\n\t\t  ","protected":false},"excerpt":{"rendered":"<p>(www.eloriente.net, M\u00e9xico, 2 de enero de 2014).- Contra todo pron\u00f3stico, Enrique Pe\u00f1a Nieto, presidente de M\u00e9xico, tard\u00f3 un poco m\u00e1s de dos a\u00f1os en realizar su primera visita de trabajo en el estado de Oaxaca, el quinto m\u00e1s extenso en superficie del pa\u00eds y que durante muchos a\u00f1os, hasta el a\u00f1o 2010, hab\u00eda sido gobernado [&hellip;]<\/p>\n","protected":false},"author":1,"featured_media":34842,"comment_status":"open","ping_status":"open","sticky":false,"template":"","format":"standard","meta":{"_jetpack_memberships_contains_paid_content":false,"footnotes":""},"categories":[49,32,63,10,23,464,21,31,3205],"tags":[77,927,929,687,1184],"class_list":["post-34833","post","type-post","status-publish","format-standard","has-post-thumbnail","hentry","category-destacadas","category-entradas","category-estados","category-lo-mas-reciente","category-municipios","category-oaxaca-estados","category-politica-y-gobierno","category-principal","category-salina-cruz-municipios","tag-gabino-cue","tag-pemex","tag-pena-nieto","tag-petroleo","tag-salina-cruz"],"jetpack_featured_media_url":"http:\/\/www.eloriente.net\/home\/wp-content\/uploads\/2015\/01\/EPN-en-Salina-cruz.png","jetpack_sharing_enabled":true,"_links":{"self":[{"href":"http:\/\/www.eloriente.net\/home\/wp-json\/wp\/v2\/posts\/34833"}],"collection":[{"href":"http:\/\/www.eloriente.net\/home\/wp-json\/wp\/v2\/posts"}],"about":[{"href":"http:\/\/www.eloriente.net\/home\/wp-json\/wp\/v2\/types\/post"}],"author":[{"embeddable":true,"href":"http:\/\/www.eloriente.net\/home\/wp-json\/wp\/v2\/users\/1"}],"replies":[{"embeddable":true,"href":"http:\/\/www.eloriente.net\/home\/wp-json\/wp\/v2\/comments?post=34833"}],"version-history":[{"count":2,"href":"http:\/\/www.eloriente.net\/home\/wp-json\/wp\/v2\/posts\/34833\/revisions"}],"predecessor-version":[{"id":34845,"href":"http:\/\/www.eloriente.net\/home\/wp-json\/wp\/v2\/posts\/34833\/revisions\/34845"}],"wp:featuredmedia":[{"embeddable":true,"href":"http:\/\/www.eloriente.net\/home\/wp-json\/wp\/v2\/media\/34842"}],"wp:attachment":[{"href":"http:\/\/www.eloriente.net\/home\/wp-json\/wp\/v2\/media?parent=34833"}],"wp:term":[{"taxonomy":"category","embeddable":true,"href":"http:\/\/www.eloriente.net\/home\/wp-json\/wp\/v2\/categories?post=34833"},{"taxonomy":"post_tag","embeddable":true,"href":"http:\/\/www.eloriente.net\/home\/wp-json\/wp\/v2\/tags?post=34833"}],"curies":[{"name":"wp","href":"https:\/\/api.w.org\/{rel}","templated":true}]}}