{"id":34834,"date":"2015-01-02T14:21:52","date_gmt":"2015-01-02T20:21:52","guid":{"rendered":"http:\/\/www.eloriente.net\/home\/?p=34834"},"modified":"2015-01-02T18:21:33","modified_gmt":"2015-01-03T00:21:33","slug":"02ene14-en-vivo-entre-zaldivar-y-aguilar-la-nueva-presidencia-de-la-suprema-corte-de-mexico","status":"publish","type":"post","link":"http:\/\/www.eloriente.net\/home\/2015\/01\/02\/02ene14-en-vivo-entre-zaldivar-y-aguilar-la-nueva-presidencia-de-la-suprema-corte-de-mexico\/","title":{"rendered":"02\/Ene\/14 En Vivo: Entre Zald\u00edvar y Aguilar nueva presidencia de Suprema Corte de M\u00e9xico"},"content":{"rendered":"<p>Actualizaci\u00f3n:<\/p>\n<p>&nbsp;<\/p>\n<blockquote class=\"twitter-tweet\" lang=\"es\"><p>URGENTE: Luis Aguilar Morales en nuevo Presidente <a href=\"https:\/\/twitter.com\/SCJN\">@SCJN<\/a> con 6 votos a 4: <a href=\"http:\/\/t.co\/djyT4nVRBG\">http:\/\/t.co\/djyT4nVRBG<\/a> EN VIVO <a href=\"http:\/\/t.co\/B86SWEIz3n\">pic.twitter.com\/B86SWEIz3n<\/a><\/p>\n<p>\u2014 El Oriente (@El_Oriente) <a href=\"https:\/\/twitter.com\/El_Oriente\/status\/551161564699840513\">enero 2, 2015<\/a><\/p><\/blockquote>\n<p><script src=\"\/\/platform.twitter.com\/widgets.js\" async=\"\" charset=\"utf-8\"><\/script><br \/>\n&nbsp;<\/p>\n<p>(www.eloriente.net, M\u00e9xico, a 2 de enero de 2014).- A las 14:07 de este d\u00eda, el pleno de la Suprema Corte de Justicia ha decretado un receso de 15 minutos en las votaciones para elegir al nuevo presidente de este cuerpo colegiado en M\u00e9xico.<\/p>\n<p>El receso fue acordado ya que luego de cinco rondas de votaciones no se ha podido romper el empate en 5 votos entre los ministros Arturo Zald\u00edvar Lelo de Larrea y Luis Miguel Aguilar Morales.<\/p>\n<p><a href=\"https:\/\/www.scjn.gob.mx\/conocelacorte\/Paginas\/cv_zaldivar.aspx\" target=\"_blank\">Zald\u00edvar<\/a> , es licenciado en derecho egresado de la Escuela Libre de Derecho y doctor en la materia por la Universidad Nacional Aut\u00f3noma de M\u00e9xico (UNAM). Fue abogado postulante por 25 a\u00f1os e integrante de la Comisi\u00f3n redactora del proyecto de Nueva Ley de Amparo.<\/p>\n<p><a href=\"http:\/\/www.sitios.scjn.gob.mx\/cursoderechopenal\/sites\/default\/files\/pdf\/Miguel%20%C3%81ngel%20Aguilar%20L%C3%B3pez_OK.pdf\" target=\"_blank\">Aguilar<\/a>, es doctor por la Universidad Aut\u00f3noma de Tamaulipas, licenciado en derecho por la UNAM, fue juez y magistrado en poder judicial del Distrito Federal y del pleno del Consejo de la Judicatura Federal.<\/p>\n<p>Compartimos con lectores de ELORIENTE.NET la se\u00f1al en vivo del Canal Judicial:<\/p>\n<p><strong>OTRAS ENTRADAS:<\/strong><\/p>\n<div id=\"post-13703\" class=\"post-13703 post type-post status-publish format-standard has-post-thumbnail hentry category-derechos-humanos category-entradas category-lo-mas-reciente category-mexico-y-el-mundo category-principal entry loop-default border_bottom_30\">\n<h2 class=\"entry_title\"><a title=\"Enlace Permanente a Suprema Corte de EU falla a favor de matrimonios gay\" href=\"http:\/\/www.eloriente.net\/home\/2013\/06\/26\/suprema-corte-de-eu-falla-a-favor-de-matrimonios-gay\/\" rel=\"bookmark\">Suprema Corte de EU falla a favor de matrimonios gay<\/a><\/h2>\n<p><a href=\"http:\/\/www.eloriente.net\/home\/2013\/06\/26\/suprema-corte-de-eu-falla-a-favor-de-matrimonios-gay\/\" rel=\"bookmark\"><img decoding=\"async\" class=\"alignleft\" title=\"Suprema Corte de EU falla a favor de matrimonios gay\" src=\"http:\/\/www.eloriente.net\/home\/wp-content\/themes\/city-desk\/timthumb.php?src=http%3A%2F%2Fwww.eloriente.net%2Fhome%2Fwp-content%2Fuploads%2F2013%2F06%2FAlgunos-derechos-reservados-por-Isacar-Mar%C3%ADn-bandera-gay.jpg&amp;q=90&amp;w=160&amp;h=106&amp;zc=1\" alt=\"Suprema Corte de EU falla a favor de matrimonios gay\" \/><\/a>eloriente.net 26 de junio de 2013 eloriente.net (Oaxaca, Oax.) 26 de junio de 2013.- Por una votaci\u00f3n ajustada, de 5 a 4, el Tribunal Supremo de EE.UU. declar\u00f3 hoy inconstitucional la Ley de Defensa del Matrimonio (DOMA, por su sigla en ingl\u00e9s), que lo define como \u201cla uni\u00f3n entre un hombre y una mujer\u201d, la [\u2026]<\/p>\n<p class=\"postmeta\"><span class=\"meta_date\">junio 26, 2013<\/span><\/p>\n<\/div>\n<div id=\"post-12718\" class=\"post-12718 post type-post status-publish format-standard has-post-thumbnail hentry category-capital category-derechos-humanos category-entradas category-principal entry loop-default border_bottom_30\">\n<h2 class=\"entry_title\"><a title=\"Enlace Permanente a Suprema Corte avala segundo matrimonio gay en Oaxaca\" href=\"http:\/\/www.eloriente.net\/home\/2013\/06\/06\/suprema-corte-avala-segundo-matrimonio-gay-en-oaxaca\/\" rel=\"bookmark\">Suprema Corte avala segundo matrimonio gay en Oaxaca<\/a><\/h2>\n<p><a href=\"http:\/\/www.eloriente.net\/home\/2013\/06\/06\/suprema-corte-avala-segundo-matrimonio-gay-en-oaxaca\/\" rel=\"bookmark\"><img decoding=\"async\" class=\"alignleft\" title=\"Suprema Corte avala segundo matrimonio gay en Oaxaca\" src=\"http:\/\/www.eloriente.net\/home\/wp-content\/themes\/city-desk\/timthumb.php?src=http%3A%2F%2Fwww.eloriente.net%2Fhome%2Fwp-content%2Fuploads%2F2013%2F06%2FAlgunos-derechos-reservados-por-b1mbo-matrimonio-gay.jpg&amp;q=90&amp;w=160&amp;h=106&amp;zc=1\" alt=\"Suprema Corte avala segundo matrimonio gay en Oaxaca\" \/><\/a>eloriente.net 6 de junio de 2013 eloriente.net (Oaxaca, Oax.) 6 de junio de 2013.- Luego de ser interpuesto un juicio de amparo para legalizar la uni\u00f3n de dos mujeres en Oaxaca, la Suprema Corte de la Justicia de la Naci\u00f3n (SCJN) public\u00f3 el fallo a favor, por lo que en las pr\u00f3ximas semanas se llevar\u00e1 [\u2026]<\/p>\n<p class=\"postmeta\"><span class=\"meta_date\">junio 6, 2013<\/span><\/p>\n<\/div>\n<div id=\"post-4906\" class=\"post-4906 post type-post status-publish format-standard has-post-thumbnail hentry category-entradas category-lo-mas-reciente category-mexico-y-el-mundo category-politica-y-gobierno entry loop-default border_bottom_30\">\n<h2 class=\"entry_title\"><a title=\"Enlace Permanente a SCJN inaugur\u00f3 la Cumbre de Cortes Supremas, Constitucionales y Regionales\" href=\"http:\/\/www.eloriente.net\/home\/2012\/11\/09\/scjn-inauguro-la-cumbre-de-cortes-supremas-constitucionales-y-regionales\/\" rel=\"bookmark\">SCJN inaugur\u00f3 la Cumbre de Cortes Supremas, Constitucionales y Regionales<\/a><\/h2>\n<p><a href=\"http:\/\/www.eloriente.net\/home\/2012\/11\/09\/scjn-inauguro-la-cumbre-de-cortes-supremas-constitucionales-y-regionales\/\" rel=\"bookmark\"><img decoding=\"async\" class=\"alignleft\" title=\"SCJN inaugur\u00f3 la Cumbre de Cortes Supremas, Constitucionales y Regionales\" src=\"http:\/\/www.eloriente.net\/home\/wp-content\/themes\/city-desk\/timthumb.php?src=http%3A%2F%2Fwww.eloriente.net%2Fhome%2Fwp-content%2Fuploads%2F2012%2F11%2FCumbre-participantes2.jpg&amp;q=90&amp;w=160&amp;h=106&amp;zc=1\" alt=\"SCJN inaugur\u00f3 la Cumbre de Cortes Supremas, Constitucionales y Regionales\" \/><\/a>eloriente.net\/SCJN 9 de noviembre de 2012 En el mundo, la funci\u00f3n judicial representa el\u00a0 \u00faltimo basti\u00f3n de defensa de las personas; es la mejor garant\u00eda de paz, de civilidad y de armon\u00eda entre los pueblos, siempre anteponiendo los derechos humanos, tal y como el Estado Mexicano lo ha hecho porque cree en la democracia y [\u2026]<\/p>\n<p class=\"postmeta\"><span class=\"meta_date\">noviembre 9, 2012<\/span><\/p>\n<\/div>\n\n\t\t\t  <div \n\t\t\t  \tclass = \"fb-comments\" \n\t\t\t  \tdata-href = \"http:\/\/www.eloriente.net\/home\/2015\/01\/02\/02ene14-en-vivo-entre-zaldivar-y-aguilar-la-nueva-presidencia-de-la-suprema-corte-de-mexico\/\"\n\t\t\t  \tdata-numposts = \"10\"\n\t\t\t\tdata-colorscheme = \"dark\"\n\t\t\t\tdata-order-by = \"social\"\n\t\t\t\tdata-mobile=true>\n\t\t\t  <\/div>\n\t\t  <style>\n\t\t\t.fb_iframe_widget_fluid_desktop iframe {\n\t\t\t    width: 100% !important;\n\t\t\t}\n\t\t  <\/style>\n\t\t  ","protected":false},"excerpt":{"rendered":"<p>Actualizaci\u00f3n: &nbsp; URGENTE: Luis Aguilar Morales en nuevo Presidente @SCJN con 6 votos a 4: http:\/\/t.co\/djyT4nVRBG EN VIVO pic.twitter.com\/B86SWEIz3n \u2014 El Oriente (@El_Oriente) enero 2, 2015 &nbsp; (www.eloriente.net, M\u00e9xico, a 2 de enero de 2014).- A las 14:07 de este d\u00eda, el pleno de la Suprema Corte de Justicia ha decretado un receso de 15 [&hellip;]<\/p>\n","protected":false},"author":1,"featured_media":34835,"comment_status":"open","ping_status":"open","sticky":false,"template":"","format":"standard","meta":{"_jetpack_memberships_contains_paid_content":false,"footnotes":""},"categories":[4,32,10,24],"tags":[3204,1741,1434,3203],"class_list":["post-34834","post","type-post","status-publish","format-standard","has-post-thumbnail","hentry","category-canal-2-en-vivo","category-entradas","category-lo-mas-reciente","category-mexico-y-el-mundo","tag-arturo-zaldivar","tag-ministros","tag-scjn","tag-suprema-corte-de-mexico"],"jetpack_featured_media_url":"http:\/\/www.eloriente.net\/home\/wp-content\/uploads\/2015\/01\/Votaci\u00f3n-SCJN-eloriente.net_.png","jetpack_sharing_enabled":true,"_links":{"self":[{"href":"http:\/\/www.eloriente.net\/home\/wp-json\/wp\/v2\/posts\/34834"}],"collection":[{"href":"http:\/\/www.eloriente.net\/home\/wp-json\/wp\/v2\/posts"}],"about":[{"href":"http:\/\/www.eloriente.net\/home\/wp-json\/wp\/v2\/types\/post"}],"author":[{"embeddable":true,"href":"http:\/\/www.eloriente.net\/home\/wp-json\/wp\/v2\/users\/1"}],"replies":[{"embeddable":true,"href":"http:\/\/www.eloriente.net\/home\/wp-json\/wp\/v2\/comments?post=34834"}],"version-history":[{"count":7,"href":"http:\/\/www.eloriente.net\/home\/wp-json\/wp\/v2\/posts\/34834\/revisions"}],"predecessor-version":[{"id":34847,"href":"http:\/\/www.eloriente.net\/home\/wp-json\/wp\/v2\/posts\/34834\/revisions\/34847"}],"wp:featuredmedia":[{"embeddable":true,"href":"http:\/\/www.eloriente.net\/home\/wp-json\/wp\/v2\/media\/34835"}],"wp:attachment":[{"href":"http:\/\/www.eloriente.net\/home\/wp-json\/wp\/v2\/media?parent=34834"}],"wp:term":[{"taxonomy":"category","embeddable":true,"href":"http:\/\/www.eloriente.net\/home\/wp-json\/wp\/v2\/categories?post=34834"},{"taxonomy":"post_tag","embeddable":true,"href":"http:\/\/www.eloriente.net\/home\/wp-json\/wp\/v2\/tags?post=34834"}],"curies":[{"name":"wp","href":"https:\/\/api.w.org\/{rel}","templated":true}]}}