{"id":34852,"date":"2015-01-03T14:47:01","date_gmt":"2015-01-03T20:47:01","guid":{"rendered":"http:\/\/www.eloriente.net\/home\/?p=34852"},"modified":"2015-01-03T14:47:01","modified_gmt":"2015-01-03T20:47:01","slug":"estudiantes-uabjo-se-solidarizan-con-comunidades-marginadas-llevaran-servicios","status":"publish","type":"post","link":"http:\/\/www.eloriente.net\/home\/2015\/01\/03\/estudiantes-uabjo-se-solidarizan-con-comunidades-marginadas-llevaran-servicios\/","title":{"rendered":"Estudiantes UABJO se solidarizan con comunidades marginadas; llevar\u00e1n servicios"},"content":{"rendered":"<p>eloriente.net\/UABJO*<\/p>\n<p>3 de enero de 2014<\/p>\n<p>Con el prop\u00f3sito seguir brindando servicios b\u00e1sicos a las comunidades m\u00e1s necesitadas en el estado, los universitarios dar\u00e1n continuidad al proyecto denominado \u201cLa UABJO en las ocho Regiones del Estado\u201d, mismo que opera bajo la aprobaci\u00f3n de la Asociaci\u00f3n Nacional de Universidades e Instituciones de Educaci\u00f3n Superior (ANUIES), de acuerdo al Programa de Apoyo a la Formaci\u00f3n Profesional (PAFP) as\u00ed lo dio a conocer el titular de la Direcci\u00f3n de Responsabilidad Universitaria, Alberto Ortiz Casta\u00f1eda.<\/p>\n<p>De esta manera en el 2015 se beneficiar\u00e1n 8 comunidades m\u00e1s, las cuales ser\u00e1n seleccionadas de acuerdo a su alto \u00edndice de marginaci\u00f3n y en ellas se llevar\u00e1n servicios m\u00e9dicos de primer nivel, programas educativos, asesor\u00edas en proyectos arquitect\u00f3nicos, an\u00e1lisis de agua potable, detecci\u00f3n de diversas problem\u00e1ticas que impacten en cada poblaci\u00f3n para generar propuestas de soluci\u00f3n.<\/p>\n<p>Cabe mencionar que para tal efecto, recientemente ANUIES aprob\u00f3 450 mil pesos destinados a la operaci\u00f3n del proyecto a trav\u00e9s de becas otorgadas a los estudiantes que visitaran cada localidad, puesto que se trata de un proyecto viable y ben\u00e9fico para los habitantes, de acuerdo a la primera experiencia que se tuvo.<\/p>\n<p>En un primer momento el proyecto solo participaron las dos Facultades de Arquitectura de la Universidad, visitando las comunidades de Santa Mar\u00eda Mixtequilla, Santiago Etla, Miahuatl\u00e1n de Porfirio D\u00edaz, San Pedro Mixtepec, San Pedro y San Pablo Teposcolula, San Pedro y San Pablo Ayutla, San Jos\u00e9 Chiltepec y San Lorenzo Cuaunecuiltitla, donde se realizaron importantes proyectos a propuesta de las autoridades municipales y en colaboraci\u00f3n tripartita ANUIES-comunidad-Universidad.<\/p>\n<p>Sin embargo para esta nueva etapa se han incorporado nuevas unidades acad\u00e9micas como son: Facultades de Medicina y Cirug\u00eda, Enfermer\u00eda, Ciencias Qu\u00edmicas, Medicina Veterinaria y Zootecnia, Institutos de Ciencias de la Educaci\u00f3n, de Investigaciones Sociol\u00f3gicas y la Licenciatura en Entrenamiento Deportivo.<\/p>\n<p>A decir del director de Responsabilidad Universitaria, estas son algunas de las m\u00faltiples acciones que se realizan para ayudar a las comunidades que m\u00e1s lo necesitan, y se trabaja de la mano con ellos, primero se entablan reuniones para conocer sus necesidades y definir sus prioridades, para sobre ello trabajar de manera coordinada.<\/p>\n<p><a href=\"http:\/\/www.eloriente.net\/home\/wp-content\/uploads\/2015\/01\/uabjo-en-ocho-regiones-del-estado.jpg\"><img loading=\"lazy\" decoding=\"async\" class=\"alignnone size-medium wp-image-34853\" src=\"http:\/\/www.eloriente.net\/home\/wp-content\/uploads\/2015\/01\/uabjo-en-ocho-regiones-del-estado-300x199.jpg\" alt=\"uabjo en ocho regiones del estado\" width=\"300\" height=\"199\" srcset=\"http:\/\/www.eloriente.net\/home\/wp-content\/uploads\/2015\/01\/uabjo-en-ocho-regiones-del-estado-300x199.jpg 300w, http:\/\/www.eloriente.net\/home\/wp-content\/uploads\/2015\/01\/uabjo-en-ocho-regiones-del-estado-1024x682.jpg 1024w\" sizes=\"(max-width: 300px) 100vw, 300px\" \/><\/a><\/p>\n<p>*Comunicado\/IMAGEN<\/p>\n<p><strong>OTRAS ENTRADAS:<\/strong><\/p>\n<div id=\"post-34514\" class=\"post-34514 post type-post status-publish format-standard has-post-thumbnail hentry category-comunicados-y-boletines category-educacion-y-cultura category-entradas category-lo-mas-reciente category-oaxaca-estados category-universidades tag-uabjo entry loop-default border_bottom_30\">\n<h2 class=\"entry_title\"><a title=\"Enlace Permanente a Convocatoria UABJO: Renovaci\u00f3n del Honorable Consejo Universitario\" href=\"http:\/\/www.eloriente.net\/home\/2014\/12\/08\/convocatoria-uabjo-renovacion-del-honorable-consejo-universitario\/\" rel=\"bookmark\">Convocatoria UABJO: Renovaci\u00f3n del Honorable Consejo Universitario<\/a><\/h2>\n<p><a href=\"http:\/\/www.eloriente.net\/home\/2014\/12\/08\/convocatoria-uabjo-renovacion-del-honorable-consejo-universitario\/\" rel=\"bookmark\"><img decoding=\"async\" class=\"alignleft\" title=\"Convocatoria UABJO: Renovaci\u00f3n del Honorable Consejo Universitario\" src=\"http:\/\/www.eloriente.net\/home\/wp-content\/themes\/city-desk\/timthumb.php?src=http%3A%2F%2Fwww.eloriente.net%2Fhome%2Fwp-content%2Fuploads%2F2014%2F12%2F071.jpg&amp;q=90&amp;w=160&amp;h=106&amp;zc=1\" alt=\"Convocatoria UABJO: Renovaci\u00f3n del Honorable Consejo Universitario\" \/><\/a>La convocatoria puede ser consultada en uabjo.mx (www.eloriente.net \/ UABJO, Oaxaca, 8 de diciembre 2014).- El rector de la Universidad Aut\u00f3noma \u201cBenito Ju\u00e1rez\u201d de Oaxaca (UABJO), Eduardo Mart\u00ednez Helmes inform\u00f3 que ya se encuentra publicada en la p\u00e1gina de la Universidad, www.uabjo.mx, la convocatoria correspondiente al proceso de elecci\u00f3n para renovar el Honorable Consejo Universitario. [\u2026]<\/p>\n<p class=\"postmeta\"><span class=\"meta_date\">diciembre 8, 2014<\/span><\/p>\n<\/div>\n<div id=\"post-34258\" class=\"post-34258 post type-post status-publish format-standard has-post-thumbnail hentry category-comunicados-y-boletines category-educacion-y-cultura category-entradas category-lo-mas-reciente category-oaxaca-estados category-principal category-universidades tag-congreso-internacional tag-derecho-procesal-penal tag-uabjo entry loop-default border_bottom_30\">\n<h2 class=\"entry_title\"><a title=\"Enlace Permanente a Congreso Internacional de Derecho Procesal Penal en la UABJO\" href=\"http:\/\/www.eloriente.net\/home\/2014\/11\/27\/congreso-internacional-de-derecho-procesal-penal-en-la-uabjo\/\" rel=\"bookmark\">Congreso Internacional de Derecho Procesal Penal en la UABJO<\/a><\/h2>\n<p><a href=\"http:\/\/www.eloriente.net\/home\/2014\/11\/27\/congreso-internacional-de-derecho-procesal-penal-en-la-uabjo\/\" rel=\"bookmark\"><img decoding=\"async\" class=\"alignleft\" title=\"Congreso Internacional de Derecho Procesal Penal en la UABJO\" src=\"http:\/\/www.eloriente.net\/home\/wp-content\/themes\/city-desk\/timthumb.php?src=http%3A%2F%2Fwww.eloriente.net%2Fhome%2Fwp-content%2Fuploads%2F2014%2F11%2F27.jpg&amp;q=90&amp;w=160&amp;h=106&amp;zc=1\" alt=\"Congreso Internacional de Derecho Procesal Penal en la UABJO\" \/><\/a>(www.eloriente.net\/UABJO, M\u00e9xico, 27 de noviembre\/2014).-\u00a0Con la finalidad de establecer espacios de discusi\u00f3n acad\u00e9mica y profesional en torno a las experiencias que se han suscitado en Latinoam\u00e9rica y el mundo sobre el nuevo sistema penal, la Facultad de Derecho y Ciencias Sociales de la Universidad Aut\u00f3noma \u201cBenito Ju\u00e1rez\u201d de Oaxaca (FDyCS UABJO), organiz\u00f3 el Sexto Congreso [\u2026]<\/p>\n<p class=\"postmeta\"><span class=\"meta_date\">noviembre 27, 2014<\/span><\/p>\n<\/div>\n\n\t\t\t  <div \n\t\t\t  \tclass = \"fb-comments\" \n\t\t\t  \tdata-href = \"http:\/\/www.eloriente.net\/home\/2015\/01\/03\/estudiantes-uabjo-se-solidarizan-con-comunidades-marginadas-llevaran-servicios\/\"\n\t\t\t  \tdata-numposts = \"10\"\n\t\t\t\tdata-colorscheme = \"dark\"\n\t\t\t\tdata-order-by = \"social\"\n\t\t\t\tdata-mobile=true>\n\t\t\t  <\/div>\n\t\t  <style>\n\t\t\t.fb_iframe_widget_fluid_desktop iframe {\n\t\t\t    width: 100% !important;\n\t\t\t}\n\t\t  <\/style>\n\t\t  ","protected":false},"excerpt":{"rendered":"<p>eloriente.net\/UABJO* 3 de enero de 2014 Con el prop\u00f3sito seguir brindando servicios b\u00e1sicos a las comunidades m\u00e1s necesitadas en el estado, los universitarios dar\u00e1n continuidad al proyecto denominado \u201cLa UABJO en las ocho Regiones del Estado\u201d, mismo que opera bajo la aprobaci\u00f3n de la Asociaci\u00f3n Nacional de Universidades e Instituciones de Educaci\u00f3n Superior (ANUIES), de [&hellip;]<\/p>\n","protected":false},"author":1,"featured_media":0,"comment_status":"open","ping_status":"open","sticky":false,"template":"","format":"standard","meta":{"_jetpack_memberships_contains_paid_content":false,"footnotes":""},"categories":[1588,49,18,32,63,464,84],"tags":[],"class_list":["post-34852","post","type-post","status-publish","format-standard","hentry","category-comunicados-y-boletines","category-destacadas","category-educacion-y-cultura","category-entradas","category-estados","category-oaxaca-estados","category-universidades"],"jetpack_featured_media_url":"","jetpack_sharing_enabled":true,"_links":{"self":[{"href":"http:\/\/www.eloriente.net\/home\/wp-json\/wp\/v2\/posts\/34852"}],"collection":[{"href":"http:\/\/www.eloriente.net\/home\/wp-json\/wp\/v2\/posts"}],"about":[{"href":"http:\/\/www.eloriente.net\/home\/wp-json\/wp\/v2\/types\/post"}],"author":[{"embeddable":true,"href":"http:\/\/www.eloriente.net\/home\/wp-json\/wp\/v2\/users\/1"}],"replies":[{"embeddable":true,"href":"http:\/\/www.eloriente.net\/home\/wp-json\/wp\/v2\/comments?post=34852"}],"version-history":[{"count":1,"href":"http:\/\/www.eloriente.net\/home\/wp-json\/wp\/v2\/posts\/34852\/revisions"}],"predecessor-version":[{"id":34854,"href":"http:\/\/www.eloriente.net\/home\/wp-json\/wp\/v2\/posts\/34852\/revisions\/34854"}],"wp:attachment":[{"href":"http:\/\/www.eloriente.net\/home\/wp-json\/wp\/v2\/media?parent=34852"}],"wp:term":[{"taxonomy":"category","embeddable":true,"href":"http:\/\/www.eloriente.net\/home\/wp-json\/wp\/v2\/categories?post=34852"},{"taxonomy":"post_tag","embeddable":true,"href":"http:\/\/www.eloriente.net\/home\/wp-json\/wp\/v2\/tags?post=34852"}],"curies":[{"name":"wp","href":"https:\/\/api.w.org\/{rel}","templated":true}]}}