{"id":34886,"date":"2014-11-09T22:41:00","date_gmt":"2014-11-10T04:41:00","guid":{"rendered":"http:\/\/www.eloriente.net\/home\/?p=34886"},"modified":"2015-01-07T13:41:55","modified_gmt":"2015-01-07T19:41:55","slug":"hasta-el-proximo-21-de-noviembre-abiertas-becas-en-uabjo","status":"publish","type":"post","link":"http:\/\/www.eloriente.net\/home\/2014\/11\/09\/hasta-el-proximo-21-de-noviembre-abiertas-becas-en-uabjo\/","title":{"rendered":"Hasta el pr\u00f3ximo 21 de noviembre abiertas becas en UABJO"},"content":{"rendered":"<p>eloriente.net\/UABJO<\/p>\n<p>9 de noviembre de 2014<\/p>\n<p>La Universidad Aut\u00f3noma \u201cBenito Ju\u00e1rez\u201d de Oaxaca (UABJO) lanza convocatoria para Becas de Manutenci\u00f3n (antes PRONABES Bienestar), programa promovido por el Comit\u00e9 T\u00e9cnico Estatal del Programa de Becas Nacionales para la Educaci\u00f3n Superior y la Secretaria de Educaci\u00f3n P\u00fablica a trav\u00e9s de la Coordinaci\u00f3n Nacional de Becas de Educaci\u00f3n Superior (CNBES) y que puede ser consultada en la p\u00e1gina <a href=\"http:\/\/www.uabjo,mx\">www.uabjo,mx<\/a>.<\/p>\n<p>Estos apoyos son principalmente para los estudiantes de escasos recursos que cursan el nivel medio superior en el periodo 2014-2015 y que cuenten con un promedio m\u00ednimo de 8.0 durante el periodo 2013-2014, ser de nacionalidad mexicana y no contar con ning\u00fan otro apoyo otorgado por alg\u00fan organismo p\u00fablico o privado.<\/p>\n<p>La beca consiste en una asignaci\u00f3n mensual variable, seg\u00fan el grado escolar en el que el estudiante se encuentre inscrito y cubre un periodo de 12 meses, con excepci\u00f3n del que se encuentre inscrito en el \u00faltimo ciclo escolar de su plan de estudios, en cuyo caso la beca cubrir\u00e1 hasta el \u00faltimo periodo de estudios.<\/p>\n<p>Para el ciclo 2014-2015 los montos del apoyo ser\u00e1n los siguientes: 1er grado $750.00, 2\u00b0 $830.00, 3\u00b0 $920.00, 4\u00b0 y 5\u00b0 $1,000.00, el registro de solicitudes ser\u00e1 del 3 al 21 de Noviembre en las paginas <a href=\"http:\/\/www.subes.sep.gob.mx\">www.subes.sep.gob.mx<\/a> y <a href=\"http:\/\/www.cgemsys.ieepo.gob.mx\/manutencion\">www.cgemsys.ieepo.gob.mx\/manutencion<\/a> esto hasta las 12 de la noche del d\u00eda 21 de mes en curso.<\/p>\n<p>En cada instituci\u00f3n p\u00fablica se dar\u00e1n a conocer los resultados el 19 de Diciembre de 2014, para mayores informes tambi\u00e9n pueden enviar un correo electr\u00f3nico a <a href=\"mailto:pronabes_bienestar@oaxaca.gob.mx\">pronabes_bienestar@oaxaca.gob.mx<\/a> o en el Facebook: Becas Manutenci\u00f3n Antes Pronabes.<\/p>\n<p>&nbsp;<\/p>\n<div id=\"post-33738\" class=\"post-33738 post type-post status-publish format-standard has-post-thumbnail hentry category-comunicados-y-boletines category-educacion-y-cultura category-entradas category-lo-mas-reciente category-oaxaca-estados category-universidades tag-filo tag-libro tag-uabjo entry loop-default border_bottom_30\">\n<h2 class=\"entry_title\"><a title=\"Enlace Permanente a UABJO: Acercando la investigaci\u00f3n a Oaxaca en la FILO\" href=\"http:\/\/www.eloriente.net\/home\/2014\/11\/06\/la-uabjo-presente-en-la-filo-2014\/\" rel=\"bookmark\">UABJO: Acercando la investigaci\u00f3n a Oaxaca en la FILO<\/a><\/h2>\n<p><a href=\"http:\/\/www.eloriente.net\/home\/2014\/11\/06\/la-uabjo-presente-en-la-filo-2014\/\" rel=\"bookmark\"><img decoding=\"async\" class=\"alignleft\" title=\"UABJO: Acercando la investigaci\u00f3n a Oaxaca en la FILO\" src=\"http:\/\/www.eloriente.net\/home\/wp-content\/themes\/city-desk\/timthumb.php?src=http%3A%2F%2Fwww.eloriente.net%2Fhome%2Fwp-content%2Fuploads%2F2014%2F11%2F05.jpg&amp;q=90&amp;w=160&amp;h=106&amp;zc=1\" alt=\"UABJO: Acercando la investigaci\u00f3n a Oaxaca en la FILO\" \/><\/a>eloriente.net \/ UABJO 6\/noviembre\/2014 La Fundaci\u00f3n pone a la venta cientos de libros escritos y editados en la Universidad Estuvieron presentes en la FIL de Chiapas y estar\u00e1n en la FIL de Guadalajara La Universidad Aut\u00f3noma \u201cBenito Ju\u00e1rez\u201d de Oaxaca (UABJO), a trav\u00e9s de la Fundaci\u00f3n UABJO, participa en la Feria Internacional del Libro Oaxaca [\u2026]<\/p>\n<p class=\"postmeta\"><span class=\"meta_date\">noviembre 6, 2014<\/span><span class=\"meta_comment\">Comentarios desactivados<\/span><span class=\"meta_permalink\"><a title=\"Enlace Permanente a UABJO: Acercando la investigaci\u00f3n a Oaxaca en la FILO\" href=\"http:\/\/www.eloriente.net\/home\/2014\/11\/06\/la-uabjo-presente-en-la-filo-2014\/\" rel=\"bookmark\">Leer Mas<\/a><\/span><span class=\"meta_edit\"><a class=\"post-edit-link\" href=\"http:\/\/www.eloriente.net\/home\/wp-admin\/post.php?post=33738&amp;action=edit\">#<\/a><\/span><\/p>\n<\/div>\n<div id=\"post-33533\" class=\"post-33533 post type-post status-publish format-standard has-post-thumbnail hentry category-comunicados-y-boletines category-educacion-y-cultura category-entradas category-lo-mas-reciente category-oaxaca-estados category-universidades tag-uabjo entry loop-default border_bottom_30\">\n<h2 class=\"entry_title\"><a title=\"Enlace Permanente a Investigadora de la UABJO presenta su trabajo en Alemania y Austria\" href=\"http:\/\/www.eloriente.net\/home\/2014\/10\/28\/investigadora-de-la-uabjo-presenta-su-trabajo-en-alemania-y-austria\/\" rel=\"bookmark\">Investigadora de la UABJO presenta su trabajo en Alemania y Austria<\/a><\/h2>\n<p><a href=\"http:\/\/www.eloriente.net\/home\/2014\/10\/28\/investigadora-de-la-uabjo-presenta-su-trabajo-en-alemania-y-austria\/\" rel=\"bookmark\"><img decoding=\"async\" class=\"alignleft\" title=\"Investigadora de la UABJO presenta su trabajo en Alemania y Austria\" src=\"http:\/\/www.eloriente.net\/home\/wp-content\/themes\/city-desk\/timthumb.php?src=http%3A%2F%2Fwww.eloriente.net%2Fhome%2Fwp-content%2Fuploads%2F2014%2F10%2F27.jpg&amp;q=90&amp;w=160&amp;h=106&amp;zc=1\" alt=\"Investigadora de la UABJO presenta su trabajo en Alemania y Austria\" \/><\/a>eloriente.net \/ UABJO 28\/octubre\/2014 Como parte del XVII Congreso Internacional de la Asociaci\u00f3n de Historiadores de Latinoam\u00e9rica, realizado en la Universidad Libre de Berl\u00edn del 9 al 13 de septiembre del presente a\u00f1o, la Dra. Olga J. Montes Garc\u00eda, profesora investigadora de la Universidad Aut\u00f3noma \u201cBenito Ju\u00e1rez\u201d de Oaxaca (UAJO), particip\u00f3 con la ponencia titulada [\u2026]<\/p>\n<p class=\"postmeta\"><span class=\"meta_date\">octubre 28, 2014<\/span><\/p>\n<\/div>\n\n\t\t\t  <div \n\t\t\t  \tclass = \"fb-comments\" \n\t\t\t  \tdata-href = \"http:\/\/www.eloriente.net\/home\/2014\/11\/09\/hasta-el-proximo-21-de-noviembre-abiertas-becas-en-uabjo\/\"\n\t\t\t  \tdata-numposts = \"10\"\n\t\t\t\tdata-colorscheme = \"dark\"\n\t\t\t\tdata-order-by = \"social\"\n\t\t\t\tdata-mobile=true>\n\t\t\t  <\/div>\n\t\t  <style>\n\t\t\t.fb_iframe_widget_fluid_desktop iframe {\n\t\t\t    width: 100% !important;\n\t\t\t}\n\t\t  <\/style>\n\t\t  ","protected":false},"excerpt":{"rendered":"<p>eloriente.net\/UABJO 9 de noviembre de 2014 La Universidad Aut\u00f3noma \u201cBenito Ju\u00e1rez\u201d de Oaxaca (UABJO) lanza convocatoria para Becas de Manutenci\u00f3n (antes PRONABES Bienestar), programa promovido por el Comit\u00e9 T\u00e9cnico Estatal del Programa de Becas Nacionales para la Educaci\u00f3n Superior y la Secretaria de Educaci\u00f3n P\u00fablica a trav\u00e9s de la Coordinaci\u00f3n Nacional de Becas de Educaci\u00f3n [&hellip;]<\/p>\n","protected":false},"author":1,"featured_media":34887,"comment_status":"open","ping_status":"open","sticky":false,"template":"","format":"standard","meta":{"_jetpack_memberships_contains_paid_content":false,"footnotes":""},"categories":[18,32,464,84],"tags":[],"class_list":["post-34886","post","type-post","status-publish","format-standard","has-post-thumbnail","hentry","category-educacion-y-cultura","category-entradas","category-oaxaca-estados","category-universidades"],"jetpack_featured_media_url":"http:\/\/www.eloriente.net\/home\/wp-content\/uploads\/2015\/01\/09.jpg","jetpack_sharing_enabled":true,"_links":{"self":[{"href":"http:\/\/www.eloriente.net\/home\/wp-json\/wp\/v2\/posts\/34886"}],"collection":[{"href":"http:\/\/www.eloriente.net\/home\/wp-json\/wp\/v2\/posts"}],"about":[{"href":"http:\/\/www.eloriente.net\/home\/wp-json\/wp\/v2\/types\/post"}],"author":[{"embeddable":true,"href":"http:\/\/www.eloriente.net\/home\/wp-json\/wp\/v2\/users\/1"}],"replies":[{"embeddable":true,"href":"http:\/\/www.eloriente.net\/home\/wp-json\/wp\/v2\/comments?post=34886"}],"version-history":[{"count":1,"href":"http:\/\/www.eloriente.net\/home\/wp-json\/wp\/v2\/posts\/34886\/revisions"}],"predecessor-version":[{"id":34888,"href":"http:\/\/www.eloriente.net\/home\/wp-json\/wp\/v2\/posts\/34886\/revisions\/34888"}],"wp:featuredmedia":[{"embeddable":true,"href":"http:\/\/www.eloriente.net\/home\/wp-json\/wp\/v2\/media\/34887"}],"wp:attachment":[{"href":"http:\/\/www.eloriente.net\/home\/wp-json\/wp\/v2\/media?parent=34886"}],"wp:term":[{"taxonomy":"category","embeddable":true,"href":"http:\/\/www.eloriente.net\/home\/wp-json\/wp\/v2\/categories?post=34886"},{"taxonomy":"post_tag","embeddable":true,"href":"http:\/\/www.eloriente.net\/home\/wp-json\/wp\/v2\/tags?post=34886"}],"curies":[{"name":"wp","href":"https:\/\/api.w.org\/{rel}","templated":true}]}}