{"id":34906,"date":"2014-12-26T18:31:41","date_gmt":"2014-12-27T00:31:41","guid":{"rendered":"http:\/\/www.eloriente.net\/home\/?p=34906"},"modified":"2015-01-07T14:32:53","modified_gmt":"2015-01-07T20:32:53","slug":"feria-en-uabjo-gastronomos-emprendedores","status":"publish","type":"post","link":"http:\/\/www.eloriente.net\/home\/2014\/12\/26\/feria-en-uabjo-gastronomos-emprendedores\/","title":{"rendered":"Feria en UABJO: Gastr\u00f3nomos Emprendedores"},"content":{"rendered":"<p>eloriente.net\/UABJO<\/p>\n<p>26 de diciembre de 2014<\/p>\n<p><strong>Estudiantes de Gastronom\u00eda UABJO realizan la feria de proyectos \u201cGastr\u00f3nomos emprendedores\u201d<\/strong><\/p>\n<p>Como resultado del trabajo realizado durante todo el semestre en la asignatura de Administraci\u00f3n de Alimentos y Bebidas, alumnos y alumnas de la Licenciatura en Gastronom\u00eda de la Universidad Aut\u00f3noma \u201cBenito Ju\u00e1rez\u201d de Oaxaca (UABJO) presentaron la feria de proyectos \u201cGastr\u00f3nomos emprendedores\u201d.<\/p>\n<p>De acuerdo con Jos\u00e9 Manuel Lira Cristerna, catedr\u00e1tico de la asignatura, los estudiantes realizaron un total de 10 proyectos a trav\u00e9s de los cuales buscan reflejar lo aprendido en clase, partiendo de un enfoque de negocios que les permiti\u00f3 crear servicios y productos novedosos en el ramo gastron\u00f3mico.<\/p>\n<p>\u201cPara nosotros es importante que los alumnos tengan una visi\u00f3n integral de su formaci\u00f3n profesional y que adquieran los conocimientos y destrezas necesarias para desarrollar proyectos m\u00e1s all\u00e1 de la l\u00ednea de cocina. Saber dirigir un restaurante es esencial en su formaci\u00f3n, calcular costos, crear una carta, una l\u00ednea de cocina, incluso contar con los elementos necesarios para el desarrollo de infraestructura.\u201d<\/p>\n<p>Asimismo, Lira Cristerna destac\u00f3 la importancia de que los alumnos adquieran una visi\u00f3n sobre lo que quieren hacer una vez que concluyan sus estudios, \u201cponer en sus manos las opciones profesionales en las que se pueden desarrollar e impulsarlos a crear proyectos propios que les permitan, en un futuro, ser sus propios jefes\u201d.<\/p>\n<p>Por otra parte, Marah\u00ed L\u00f3pez Pineda, Coordinadora de la Licenciatura, se\u00f1al\u00f3 que con esta actividad culmina una semestre que ha sido muy satisfactorio por los resultados alcanzados, como lo fue la obtenci\u00f3n de un segundo lugar en el Concurso de Cocina Prehisp\u00e1nica , la participaci\u00f3n en el festival El Saber del Sabor, el Festival del Ma\u00edz y la elaboraci\u00f3n de canastas tradicionales para la ofrenda de muertos entre otras.<\/p>\n<p>Asimismo, se\u00f1al\u00f3 que entre las principales actividades que se tienen previstas para 2015, se pretende continuar con las investigaciones que se generaron a partir de la vinculaci\u00f3n con el Conservatorio de la Cultura Gastron\u00f3mica Mexicana (CCGM), Organismo Consultor de la Organizaci\u00f3n de las Naciones Unidas para la Educaci\u00f3n, la Ciencia y la Cultura (UNESCO), as\u00ed como las investigaciones de campo en diversas comunidades de nuestro estado y el fortalecimiento a la vinculaci\u00f3n con entre la licenciatura y las dem\u00e1s unidades acad\u00e9micas que conforman la universidad, a fin de enriquecer el enfoque multidisciplinario de la gastronom\u00eda.<\/p>\n<p>&nbsp;<\/p>\n\n\t\t\t  <div \n\t\t\t  \tclass = \"fb-comments\" \n\t\t\t  \tdata-href = \"http:\/\/www.eloriente.net\/home\/2014\/12\/26\/feria-en-uabjo-gastronomos-emprendedores\/\"\n\t\t\t  \tdata-numposts = \"10\"\n\t\t\t\tdata-colorscheme = \"dark\"\n\t\t\t\tdata-order-by = \"social\"\n\t\t\t\tdata-mobile=true>\n\t\t\t  <\/div>\n\t\t  <style>\n\t\t\t.fb_iframe_widget_fluid_desktop iframe {\n\t\t\t    width: 100% !important;\n\t\t\t}\n\t\t  <\/style>\n\t\t  ","protected":false},"excerpt":{"rendered":"<p>eloriente.net\/UABJO 26 de diciembre de 2014 Estudiantes de Gastronom\u00eda UABJO realizan la feria de proyectos \u201cGastr\u00f3nomos emprendedores\u201d Como resultado del trabajo realizado durante todo el semestre en la asignatura de Administraci\u00f3n de Alimentos y Bebidas, alumnos y alumnas de la Licenciatura en Gastronom\u00eda de la Universidad Aut\u00f3noma \u201cBenito Ju\u00e1rez\u201d de Oaxaca (UABJO) presentaron la feria [&hellip;]<\/p>\n","protected":false},"author":1,"featured_media":0,"comment_status":"open","ping_status":"open","sticky":false,"template":"","format":"standard","meta":{"_jetpack_memberships_contains_paid_content":false,"footnotes":""},"categories":[29,32,84],"tags":[],"class_list":["post-34906","post","type-post","status-publish","format-standard","hentry","category-capital","category-entradas","category-universidades"],"jetpack_featured_media_url":"","jetpack_sharing_enabled":true,"_links":{"self":[{"href":"http:\/\/www.eloriente.net\/home\/wp-json\/wp\/v2\/posts\/34906"}],"collection":[{"href":"http:\/\/www.eloriente.net\/home\/wp-json\/wp\/v2\/posts"}],"about":[{"href":"http:\/\/www.eloriente.net\/home\/wp-json\/wp\/v2\/types\/post"}],"author":[{"embeddable":true,"href":"http:\/\/www.eloriente.net\/home\/wp-json\/wp\/v2\/users\/1"}],"replies":[{"embeddable":true,"href":"http:\/\/www.eloriente.net\/home\/wp-json\/wp\/v2\/comments?post=34906"}],"version-history":[{"count":1,"href":"http:\/\/www.eloriente.net\/home\/wp-json\/wp\/v2\/posts\/34906\/revisions"}],"predecessor-version":[{"id":34907,"href":"http:\/\/www.eloriente.net\/home\/wp-json\/wp\/v2\/posts\/34906\/revisions\/34907"}],"wp:attachment":[{"href":"http:\/\/www.eloriente.net\/home\/wp-json\/wp\/v2\/media?parent=34906"}],"wp:term":[{"taxonomy":"category","embeddable":true,"href":"http:\/\/www.eloriente.net\/home\/wp-json\/wp\/v2\/categories?post=34906"},{"taxonomy":"post_tag","embeddable":true,"href":"http:\/\/www.eloriente.net\/home\/wp-json\/wp\/v2\/tags?post=34906"}],"curies":[{"name":"wp","href":"https:\/\/api.w.org\/{rel}","templated":true}]}}