{"id":3493,"date":"2012-09-29T09:52:56","date_gmt":"2012-09-29T15:52:56","guid":{"rendered":"http:\/\/www.eloriente.net\/home\/?p=3493"},"modified":"2012-09-29T09:52:56","modified_gmt":"2012-09-29T15:52:56","slug":"camara-de-diputados-aprueba-dictamen-de-reforma-laboral","status":"publish","type":"post","link":"http:\/\/www.eloriente.net\/home\/2012\/09\/29\/camara-de-diputados-aprueba-dictamen-de-reforma-laboral\/","title":{"rendered":"C\u00e1mara de Diputados aprueba dictamen de Reforma Laboral"},"content":{"rendered":"<p>eloriente.net\/ <a href=\"http:\/\/www3.diputados.gob.mx\/\" target=\"_blank\">C\u00e1mara de Diputados<\/a><\/p>\n<p>29 de septiembre de 2012<\/p>\n<p>eloriente.net (Oaxaca, Oax.) 29 de septiembre de 2012.- Con\u00a0con 346 votos a favor, el pleno de la C\u00e1mara de Diputados aprob\u00f3 el dictamen de Reforma Laboral.<\/p>\n<p>El presidente de la C\u00e1mara de Diputados, Jes\u00fas Murillo Karam, declar\u00f3 aprobado en lo general y particular, el dictamen que reforma, adiciona y deroga diversas disposiciones de la Ley Federal del Trabajo.<\/p>\n<p>Despu\u00e9s de una sesi\u00f3n de 14 horas en el pleno de San L\u00e1zaro, a\u00fan con la toma de tribuna y la sesi\u00f3n dirigida desde un balc\u00f3n del recinto, Murillo Karam remiti\u00f3 al Senado de la Rep\u00fablica el dictamen propuesto por el presidente Felipe Calder\u00f3n para sus efectos constitucionales.<\/p>\n<p>La ley Federal del Trabajo no hab\u00eda sufrido cambios sustanciales desde su promulgaci\u00f3n, hace 42 a\u00f1os. El dictamen cont\u00f3 con el voto a favor de los partidos Revolucionario Institucional (PRI), Acci\u00f3n Nacional (PAN) y Verde Ecologista de M\u00e9xico (PVEM). El PRD, PT y Movimiento Ciudadano se pronunciaron en contra.<\/p>\n<p><strong>Votaci\u00f3n en lo particular<\/strong><\/p>\n<p>Fue aprobada la reserva del diputado Tom\u00e1s Torres Mercado (PVEM) a los art\u00edculos 15-A, 15-B, 15-C y 15-D, con el objetivo de que la subcontrataci\u00f3n u outsourcing tenga un r\u00e9gimen claro que proporcione seguridad jur\u00eddica, a partir del principio de la protecci\u00f3n de los derechos del trabajador.<\/p>\n<p>En el t\u00edtulo s\u00e9ptimo, relativo a las Relaciones Colectivas de Trabajo, la diputada Lucila Garfias Guti\u00e9rrez (Nueva Alianza) reserv\u00f3 el art\u00edculo 371, fracci\u00f3n IX, para proponer que \u201cel procedimiento para la elecci\u00f3n de la directiva y el n\u00famero de sus miembros ser\u00e1 salvaguardando el libre ejercicio del voto con las modalidades que acuerde la asamblea general, votaci\u00f3n econ\u00f3mica directa, votaci\u00f3n indirecta o votaci\u00f3n directa y secreta\u201d.<\/p>\n<p>Ello, en lugar de la redacci\u00f3n del dictamen que se\u00f1ala: fracci\u00f3n IX. El n\u00famero de miembros de la directiva y considerar\u00e1 el procedimiento para su elecci\u00f3n, el cual salvaguardar\u00e1 el libre ejercicio del voto. La propuesta fue aprobada con 248 votos a favor, 187 en contra y ninguna abstenci\u00f3n.<\/p>\n<p>Se aval\u00f3 la reserva del diputado Jos\u00e9 Rangel Espinosa (PRI), para precisar la redacci\u00f3n del art\u00edculo 83, a fin de que se establezca que trat\u00e1ndose de salario por unidad de tiempo el trabajador y el patr\u00f3n podr\u00e1n convenir el monto siempre y cuando se trate de un salario remunerador, as\u00ed como el pago por cada hora de prestaci\u00f3n de servicio no exceda la jornada m\u00e1xima legal y se respete los derechos laborales y de seguridad social que corresponda a la plaza de que se trate.<\/p>\n<p>Adem\u00e1s, que el ingreso que perciban los trabajadores por esta modalidad en ning\u00fan caso ser\u00e1 inferior al que corresponda a una jornada diaria.<\/p>\n<p>Tambi\u00e9n se aprob\u00f3 la reserva de la diputada Mar\u00eda Sanjuana Cerda Franco (Nueva Alianza), a los art\u00edculos 25, 39A, 39B, 39C y 39D, para que a los trabajadores que sean contratados con las cuatro nuevas modalidades -por temporada, tiempo indeterminado, periodo de prueba o capacitaci\u00f3n inicial- se les garantice su derecho a la seguridad social.<\/p>\n<p>En la del legislador Ricardo Fidel Pacheco Rodr\u00edguez (PRI), se propusieron modificaciones al art\u00edculo 47, para que el patr\u00f3n incluya la fecha y causa o causas de la rescisi\u00f3n del trabajador cuando le avise a \u00e9ste o a la Junta de Conciliaci\u00f3n y Arbitraje, y que el patr\u00f3n o la Junta de Conciliaci\u00f3n y Arbitraje le comunique al trabajador a trav\u00e9s de notificaci\u00f3n personal correspondiente de la rescisi\u00f3n.<\/p>\n<p>De igual forma, se valid\u00f3 la reserva al art\u00edculo 110, impulsada por la diputada Karina Labastida Sotelo (PAN), a fin de que en los descuentos en los salarios a los trabajadores por concepto de pensiones alimenticias se propicie claridad en los beneficiados que tendr\u00e1n derecho a la pensi\u00f3n alimenticia, estableciendo el concepto de acreedores alimentarios, como son hijos dentro y fuera del matrimonio, concubinas, esposas, nietos, padre, madre, abuelos o a las uniones del mismo sexo.<\/p>\n<p>Las diputadas Lizbeth Loy Gamboa Song (PRI), Lourdes Adriana L\u00f3pez Moreno (PVEM), Loretta Ortiz Ahlf (PT) y Ver\u00f3nica Beatriz Ju\u00e1rez Pi\u00f1a (PRD) manifestaron que la mayor\u00eda de los congresos locales ya contemplan esta obligatoriedad, pues beneficia a quienes acreditan este derecho.<\/p>\n<p>Asimismo, se incluy\u00f3 la propuesta de modificaci\u00f3n del diputado Luis Ricardo Aldana Prieto (PRI) al art\u00edculo 159, a fin de que las vacantes definitivas, las provisionales con duraci\u00f3n mayor de treinta d\u00edas y los puestos de nueva creaci\u00f3n, sean cubiertos por el trabajador que tenga la categor\u00eda o rango inmediato inferior, as\u00ed como mayor capacitaci\u00f3n, con mayor antig\u00fcedad, demuestre mayor aptitud, acredite mayor productividad y sea apto para el puesto.<\/p>\n<p>Fue aprobada la reserva de la diputada Lizbeth Loy Gamboa Song (PRI), que propone la modificaci\u00f3n del art\u00edculo 170, fracci\u00f3n II Bis, que consiste en otorgarle a las madres y a los padres adoptivos la licencia por maternidad o paternidad de seis semanas o de cinco d\u00edas con goce de sueldo.<\/p>\n<p>Indic\u00f3 que al trasladar del \u00e1mbito familiar al laboral este derecho de igualdad entre madres y padres, sin importar el origen de la maternidad o paternidad, \u201cM\u00e9xico crece y se disminuye la discriminaci\u00f3n hacia las mujeres\u201d.<\/p>\n<p>El diputado Miguel S\u00e1mano Peralta (PVEM) plante\u00f3 reformas al art\u00edculo 175 Bis, a efecto de que las contraprestaciones que reciba el menor por las actividades que realicen, nunca ser\u00e1n menores a las que por conceptos de salarios recibir\u00eda un mayor de 14 y menor de 16 a\u00f1os, mismas que fueron aceptadas por el Pleno Camaral.<\/p>\n<p>De igual modo, se avalaron las reservas del diputado Luis \u00c1ngel Xariel Espinosa Ch\u00e1zaro (PRD) a los art\u00edculos 285, 689, 740, 743, 802 y 824, relativas a los agentes de comercio, de seguros, los vendedores viajantes, propagandistas o impulsores de ventas y otros semejantes servicios; notificaciones personales; documentos p\u00fablicos y nombramiento de peritos.<\/p>\n<p>Se aprob\u00f3 la reserva de la diputada Sonia Rinc\u00f3n Chanona (Nueva Alianza), a los art\u00edculos 476, 513, 514 y 515, a efecto de que las tablas de enfermedades de trabajo y de evaluaci\u00f3n de incapacidades permanentes resultantes de los riesgos de trabajo, sean actualizadas, entre la Secretar\u00eda del Trabajo y Previsi\u00f3n Social, con opini\u00f3n de la Comisi\u00f3n Consultiva Nacional de Seguridad y Salud en el Trabajo, y que se realicen las investigaciones y estudios necesarios, a fin de que el presidente de la Rep\u00fablica pueda iniciar ante el Poder Legislativo la adecuaci\u00f3n peri\u00f3dica de las tablas.<\/p>\n<p>Asimismo, se aval\u00f3, la reserva del diputado Ernesto N\u00fa\u00f1ez Aguilar (PVEM), al art\u00edculo 537, a efecto de consolidar en definitiva al Servicio Nacional del Empleo, para estipularle objetivos tendientes a dise\u00f1ar, conducir y evaluar programas espec\u00edficos para generar oportunidades de empleo para j\u00f3venes y grupos en situaci\u00f3n vulnerable.<\/p>\n<p>Se aceptaron las modificaciones al art\u00edculo 56 presentadas por la diputada Martha Luc\u00eda M\u00edcher Camarena (PRD) para establecer que en condiciones de trabajo basadas en el principio de igualdad sustantiva entre hombres y mujeres, en ning\u00fan caso los salarios podr\u00e1n ser inferiores a las fijadas en esta ley y deber\u00e1n ser proporcionales a la importancia de los servicios e iguales para trabajos iguales.<\/p>\n<p>Tambi\u00e9n se avalaron los cambios al art\u00edculo 132, para establecer como obligaci\u00f3n de los patrones otorgar permiso de paternidad de cinco d\u00edas laborables con goce de sueldo, a los hombres trabajadores, por el nacimiento de sus hijos y de igual manera en el caso de la adopci\u00f3n de un infante.<\/p>\n<p>Se aprobaron los art\u00edculos 279, 279 BIS, 279 TER, 280, 283 y 284, del diputado Abraham Montes Alvarado (PRI), referentes a los trabajadores del campo, para denominarlos como \u201cjornaleros\u201d o \u201cestacionales\u201d. Tambi\u00e9n plantea obligaciones de los patrones para garantizar las prestaciones laborales, as\u00ed como la seguridad, capacitaci\u00f3n, educaci\u00f3n y salud de estos trabajadores y sus familias.<\/p>\n<p>Adem\u00e1s, las empresas deber\u00e1n llevar un registro especial de sus trabajadores eventuales y estacionales, que exhibir\u00e1 ante las autoridades laborales cuando se le requiera; pagar\u00e1 al final de cada ciclo agr\u00edcola lo correspondiente a vacaciones, prima vacacional, aguinaldo y cualquier prestaci\u00f3n a la que tenga derecho.<\/p>\n<p>De igual forma, valid\u00f3 la reserva del diputado Luis Antonio Gonz\u00e1lez Rold\u00e1n (Nueva Alianza) sobre modificar el segundo p\u00e1rrafo del quinto transitorio, para que las Juntas de Conciliaci\u00f3n existentes en el \u00e1mbito local se transformen en Juntas de Conciliaci\u00f3n y Arbitraje.<\/p>\n<p>Se levant\u00f3 la sesi\u00f3n y se cit\u00f3 para el martes 2 de octubre, a las 11:00 horas.<\/p>\n\n\t\t\t  <div \n\t\t\t  \tclass = \"fb-comments\" \n\t\t\t  \tdata-href = \"http:\/\/www.eloriente.net\/home\/2012\/09\/29\/camara-de-diputados-aprueba-dictamen-de-reforma-laboral\/\"\n\t\t\t  \tdata-numposts = \"10\"\n\t\t\t\tdata-colorscheme = \"dark\"\n\t\t\t\tdata-order-by = \"social\"\n\t\t\t\tdata-mobile=true>\n\t\t\t  <\/div>\n\t\t  <style>\n\t\t\t.fb_iframe_widget_fluid_desktop iframe {\n\t\t\t    width: 100% !important;\n\t\t\t}\n\t\t  <\/style>\n\t\t  ","protected":false},"excerpt":{"rendered":"<p>eloriente.net\/ C\u00e1mara de Diputados 29 de septiembre de 2012 eloriente.net (Oaxaca, Oax.) 29 de septiembre de 2012.- Con\u00a0con 346 votos a favor, el pleno de la C\u00e1mara de Diputados aprob\u00f3 el dictamen de Reforma Laboral. El presidente de la C\u00e1mara de Diputados, Jes\u00fas Murillo Karam, declar\u00f3 aprobado en lo general y particular, el dictamen que [&hellip;]<\/p>\n","protected":false},"author":1,"featured_media":0,"comment_status":"open","ping_status":"open","sticky":false,"template":"","format":"standard","meta":{"_jetpack_memberships_contains_paid_content":false,"footnotes":""},"categories":[32,10,24],"tags":[],"class_list":["post-3493","post","type-post","status-publish","format-standard","hentry","category-entradas","category-lo-mas-reciente","category-mexico-y-el-mundo"],"jetpack_featured_media_url":"","jetpack_sharing_enabled":true,"_links":{"self":[{"href":"http:\/\/www.eloriente.net\/home\/wp-json\/wp\/v2\/posts\/3493"}],"collection":[{"href":"http:\/\/www.eloriente.net\/home\/wp-json\/wp\/v2\/posts"}],"about":[{"href":"http:\/\/www.eloriente.net\/home\/wp-json\/wp\/v2\/types\/post"}],"author":[{"embeddable":true,"href":"http:\/\/www.eloriente.net\/home\/wp-json\/wp\/v2\/users\/1"}],"replies":[{"embeddable":true,"href":"http:\/\/www.eloriente.net\/home\/wp-json\/wp\/v2\/comments?post=3493"}],"version-history":[{"count":4,"href":"http:\/\/www.eloriente.net\/home\/wp-json\/wp\/v2\/posts\/3493\/revisions"}],"predecessor-version":[{"id":3500,"href":"http:\/\/www.eloriente.net\/home\/wp-json\/wp\/v2\/posts\/3493\/revisions\/3500"}],"wp:attachment":[{"href":"http:\/\/www.eloriente.net\/home\/wp-json\/wp\/v2\/media?parent=3493"}],"wp:term":[{"taxonomy":"category","embeddable":true,"href":"http:\/\/www.eloriente.net\/home\/wp-json\/wp\/v2\/categories?post=3493"},{"taxonomy":"post_tag","embeddable":true,"href":"http:\/\/www.eloriente.net\/home\/wp-json\/wp\/v2\/tags?post=3493"}],"curies":[{"name":"wp","href":"https:\/\/api.w.org\/{rel}","templated":true}]}}