{"id":34981,"date":"2015-01-12T17:06:07","date_gmt":"2015-01-12T23:06:07","guid":{"rendered":"http:\/\/www.eloriente.net\/home\/?p=34981"},"modified":"2015-01-12T17:06:07","modified_gmt":"2015-01-12T23:06:07","slug":"merecen-de-3-a-7-anos-de-prision-los-vendedores-de-plazas-leslie-jimenez","status":"publish","type":"post","link":"http:\/\/www.eloriente.net\/home\/2015\/01\/12\/merecen-de-3-a-7-anos-de-prision-los-vendedores-de-plazas-leslie-jimenez\/","title":{"rendered":"Merecen de 3 a 7 a\u00f1os de prisi\u00f3n los vendedores de plazas: Leslie Jim\u00e9nez"},"content":{"rendered":"<p>eloriente.net\/Congreso de Oaxaca<\/p>\n<p>12 de enero de 2015<\/p>\n<p>La diputada local, Leslie Jim\u00e9nez Valencia, afirm\u00f3 que existen muchos oaxaque\u00f1os que caen en la tentaci\u00f3n de comprar una plaza o empleo con el objetivo de darle una mejor vida a su familia, lo cual es derivado de la poca oferta de empleos que existe actualmente y de lo bajo de los salarios que imperan en muchos de los casos.<\/p>\n<p>\u201cLa situaci\u00f3n de empleo que impera en todo el pa\u00eds es preocupante, pues los salarios no dan para lograr la vida a la que aspiran las y los mexicanos y esto es aprovechado por un n\u00famero desconocido de gestores que ofrecen plazas y empleos en sindicatos y dependencias de gobierno a cambio de una fuerte suma de dinero\u201d.<\/p>\n<p>&nbsp;<\/p>\n<p><a href=\"http:\/\/www.eloriente.net\/home\/wp-content\/uploads\/2015\/01\/Leslie-Jime\u0301nez-Legislatua-Local.jpg\"><img loading=\"lazy\" decoding=\"async\" class=\"size-medium wp-image-34982 aligncenter\" src=\"http:\/\/www.eloriente.net\/home\/wp-content\/uploads\/2015\/01\/Leslie-Jime\u0301nez-Legislatua-Local-300x199.jpg\" alt=\"Leslie Jime\u0301nez Legislatua Local\" width=\"300\" height=\"199\" srcset=\"http:\/\/www.eloriente.net\/home\/wp-content\/uploads\/2015\/01\/Leslie-Jime\u0301nez-Legislatua-Local-300x199.jpg 300w, http:\/\/www.eloriente.net\/home\/wp-content\/uploads\/2015\/01\/Leslie-Jime\u0301nez-Legislatua-Local-1024x682.jpg 1024w, http:\/\/www.eloriente.net\/home\/wp-content\/uploads\/2015\/01\/Leslie-Jime\u0301nez-Legislatua-Local.jpg 2045w\" sizes=\"(max-width: 300px) 100vw, 300px\" \/><\/a><\/p>\n<p style=\"text-align: center;\"><em>Foto: Leslie Jim\u00e9nez\/Congreso Estatal<\/em><\/p>\n<p>&nbsp;<\/p>\n<p>La tambi\u00e9n presidenta de la Mesa Directiva de la LXII Legislatura, agreg\u00f3 que a la fecha no existe una conducta tipificada en el C\u00f3digo Penal para estos actos, lo que deja en libertad a las y los infractores en la mayor\u00eda de los casos.<\/p>\n<p>\u201cEstamos proponiendo una adici\u00f3n al art\u00edculo 381 del C\u00f3digo Penal para imponer una pena que va de los 3 a los 7 a\u00f1os de c\u00e1rcel a quien venda, ofrezca o lucre con una plaza o empleo dentro de cualquier \u00e1mbito de Gobierno, no podemos seguir permitiendo que el patrimonio de las y los oaxaque\u00f1os vaya en detrimento\u201d afirm\u00f3.<\/p>\n<p>Jim\u00e9nez Valencia, dio a conocer que la iniciativa con proyecto de decreto fue turnada a la Comisi\u00f3n de Administraci\u00f3n de Justicia para que dictamine lo conducente, \u201cEstaremos atentos\u201d finaliz\u00f3.<\/p>\n<p>&nbsp;<\/p>\n<p><strong>OTRAS ENTRADAS:<\/strong><\/p>\n<div id=\"post-33927\" class=\"post-33927 post type-post status-publish format-standard has-post-thumbnail hentry category-capital category-congreso-y-justicia category-entradas category-estados category-lo-mas-reciente category-oaxaca-estados entry loop-default border_bottom_30\">\n<h2 class=\"entry_title\"><a title=\"Enlace Permanente a Leslie Jim\u00e9nez presidir\u00e1 Mesa Directiva en Congreso de Oaxaca\" href=\"http:\/\/www.eloriente.net\/home\/2014\/11\/13\/leslie-jimenez-presidira-mesa-directiva-en-congreso-de-oaxaca\/\" rel=\"bookmark\">Leslie Jim\u00e9nez presidir\u00e1 Mesa Directiva en Congreso de Oaxaca<\/a><\/h2>\n<p><a href=\"http:\/\/www.eloriente.net\/home\/2014\/11\/13\/leslie-jimenez-presidira-mesa-directiva-en-congreso-de-oaxaca\/\" rel=\"bookmark\"><img decoding=\"async\" class=\"alignleft\" title=\"Leslie Jim\u00e9nez presidir\u00e1 Mesa Directiva en Congreso de Oaxaca\" src=\"http:\/\/www.eloriente.net\/home\/wp-content\/themes\/city-desk\/timthumb.php?src=http%3A%2F%2Fwww.eloriente.net%2Fhome%2Fwp-content%2Fuploads%2F2014%2F06%2FLeslie-Jim%C3%A9nez-Por-Congreso.jpg&amp;q=90&amp;w=160&amp;h=106&amp;zc=1\" alt=\"Leslie Jim\u00e9nez presidir\u00e1 Mesa Directiva en Congreso de Oaxaca\" \/><\/a>eloriente.net\/Congreso del Estado de Oaxaca* 13 de noviembre de 2014 Trabajar\u00e9 con institucionalidad al frente de la Mesa Directiva, velando por el pleno cumplimiento de los acuerdos tomados. @62LegisOficial \u2014 Dip. Leslie Jimenez (@lesliejimenezv) noviembre 13, 2014 San Raymundo Jalpan, 13 de noviembre de 2014.- En el desarrollo de la sesi\u00f3n correspondiente al Segundo Periodo [\u2026]<\/p>\n<p class=\"postmeta\"><span class=\"meta_date\">noviembre 13, 2014<\/span><\/p>\n<\/div>\n<div id=\"post-32367\" class=\"post-32367 post type-post status-publish format-standard has-post-thumbnail hentry category-elecciones category-entradas category-politica-y-gobierno tag-leslie-jimenez entry loop-default border_bottom_30\">\n<h2 class=\"entry_title\"><a title=\"Enlace Permanente a Recorrido de colonias del distrito 22 por Leslie Jim\u00e9nez\" href=\"http:\/\/www.eloriente.net\/home\/2014\/09\/18\/recorrido-de-colinias-del-distrito-22-por-leslie-jimenez\/\" rel=\"bookmark\">Recorrido de colonias del distrito 22 por Leslie Jim\u00e9nez<\/a><\/h2>\n<p><a href=\"http:\/\/www.eloriente.net\/home\/2014\/09\/18\/recorrido-de-colinias-del-distrito-22-por-leslie-jimenez\/\" rel=\"bookmark\"><img decoding=\"async\" class=\"alignleft\" title=\"Recorrido de colonias del distrito 22 por Leslie Jim\u00e9nez\" src=\"http:\/\/www.eloriente.net\/home\/wp-content\/themes\/city-desk\/timthumb.php?src=http%3A%2F%2Fwww.eloriente.net%2Fhome%2Fwp-content%2Fuploads%2F2013%2F06%2F%40Lesliejimenezv-300513-Colonia-jard%C3%ADn-.jpg&amp;q=90&amp;w=160&amp;h=106&amp;zc=1\" alt=\"Recorrido de colonias del distrito 22 por Leslie Jim\u00e9nez\" \/><\/a>eloriente.net 18\/septiembre\/2014 Con el objetivo de acercar servicios m\u00e9dicos y sociales a la poblaci\u00f3n que m\u00e1s lo necesita, la legisladora local Leslie Jim\u00e9nez Valencia, realiz\u00f3 la brigada Cerca de Ti en la colonia 7 Regiones, en la cual se ofrecieron servicios m\u00e9dicos y se entregaron actas de nacimiento totalmente gratuitas. Adem\u00e1s, se brindaron pl\u00e1ticas de [\u2026]<\/p>\n<p class=\"postmeta\"><span class=\"meta_date\">septiembre 18, 2014<\/span><\/p>\n<\/div>\n<div id=\"post-23118\" class=\"post-23118 post type-post status-publish format-standard has-post-thumbnail hentry category-congreso-y-justicia category-entradas category-politica-y-gobierno tag-ciudadania tag-delitos tag-diputada tag-justicia tag-normalistas tag-seguridad tag-vandalismo entry loop-default border_bottom_30\">\n<h2 class=\"entry_title\"><a title=\"Enlace Permanente a A no tolerar vandalismo de normalistas, llama diputada Leslie Jim\u00e9nez\" href=\"http:\/\/www.eloriente.net\/home\/2014\/03\/24\/a-no-tolerar-vandalismo-de-normalistas-llama-diputada-leslie-jimenez\/\" rel=\"bookmark\">A no tolerar vandalismo de normalistas, llama diputada Leslie Jim\u00e9nez<\/a><\/h2>\n<p><a href=\"http:\/\/www.eloriente.net\/home\/2014\/03\/24\/a-no-tolerar-vandalismo-de-normalistas-llama-diputada-leslie-jimenez\/\" rel=\"bookmark\"><img decoding=\"async\" class=\"alignleft\" title=\"A no tolerar vandalismo de normalistas, llama diputada Leslie Jim\u00e9nez\" src=\"http:\/\/www.eloriente.net\/home\/wp-content\/themes\/city-desk\/timthumb.php?src=http%3A%2F%2Fwww.eloriente.net%2Fhome%2Fwp-content%2Fuploads%2F2014%2F03%2FLeslie-Jim%C3%A9nez-Por-Congreso.jpg&amp;q=90&amp;w=160&amp;h=106&amp;zc=1\" alt=\"A no tolerar vandalismo de normalistas, llama diputada Leslie Jim\u00e9nez\" \/><\/a>eloriente.net\/Congreso del Estado 24 de marzo de 2014 La Coordinadora de Escuelas Normales del Estado de Oaxaca\u00a0(CENEO) se encuentra rebasada, considera la legisladora del PAN.\u00a0 Los actos vand\u00e1licos de los \u00faltimos d\u00edas muestran la imperante necesidad de aplicar la ley al pie de la letra, expres\u00f3 Leslie Jim\u00e9nez Valencia, diputada local por el Partido Acci\u00f3n [\u2026]<\/p>\n<p class=\"postmeta\"><span class=\"meta_date\">marzo 24, 2014<\/span><\/p>\n<\/div>\n\n\t\t\t  <div \n\t\t\t  \tclass = \"fb-comments\" \n\t\t\t  \tdata-href = \"http:\/\/www.eloriente.net\/home\/2015\/01\/12\/merecen-de-3-a-7-anos-de-prision-los-vendedores-de-plazas-leslie-jimenez\/\"\n\t\t\t  \tdata-numposts = \"10\"\n\t\t\t\tdata-colorscheme = \"dark\"\n\t\t\t\tdata-order-by = \"social\"\n\t\t\t\tdata-mobile=true>\n\t\t\t  <\/div>\n\t\t  <style>\n\t\t\t.fb_iframe_widget_fluid_desktop iframe {\n\t\t\t    width: 100% !important;\n\t\t\t}\n\t\t  <\/style>\n\t\t  ","protected":false},"excerpt":{"rendered":"<p>eloriente.net\/Congreso de Oaxaca 12 de enero de 2015 La diputada local, Leslie Jim\u00e9nez Valencia, afirm\u00f3 que existen muchos oaxaque\u00f1os que caen en la tentaci\u00f3n de comprar una plaza o empleo con el objetivo de darle una mejor vida a su familia, lo cual es derivado de la poca oferta de empleos que existe actualmente y [&hellip;]<\/p>\n","protected":false},"author":1,"featured_media":34982,"comment_status":"open","ping_status":"open","sticky":false,"template":"","format":"standard","meta":{"_jetpack_memberships_contains_paid_content":false,"footnotes":""},"categories":[32,63,10,464,21],"tags":[1677,1618,263,3236],"class_list":["post-34981","post","type-post","status-publish","format-standard","has-post-thumbnail","hentry","category-entradas","category-estados","category-lo-mas-reciente","category-oaxaca-estados","category-politica-y-gobierno","tag-congreso-de-oaxaca","tag-leslie-jimenez","tag-leyes","tag-sindicatos"],"jetpack_featured_media_url":"http:\/\/www.eloriente.net\/home\/wp-content\/uploads\/2015\/01\/Leslie-Jime\u0301nez-Legislatua-Local.jpg","jetpack_sharing_enabled":true,"_links":{"self":[{"href":"http:\/\/www.eloriente.net\/home\/wp-json\/wp\/v2\/posts\/34981"}],"collection":[{"href":"http:\/\/www.eloriente.net\/home\/wp-json\/wp\/v2\/posts"}],"about":[{"href":"http:\/\/www.eloriente.net\/home\/wp-json\/wp\/v2\/types\/post"}],"author":[{"embeddable":true,"href":"http:\/\/www.eloriente.net\/home\/wp-json\/wp\/v2\/users\/1"}],"replies":[{"embeddable":true,"href":"http:\/\/www.eloriente.net\/home\/wp-json\/wp\/v2\/comments?post=34981"}],"version-history":[{"count":1,"href":"http:\/\/www.eloriente.net\/home\/wp-json\/wp\/v2\/posts\/34981\/revisions"}],"predecessor-version":[{"id":34983,"href":"http:\/\/www.eloriente.net\/home\/wp-json\/wp\/v2\/posts\/34981\/revisions\/34983"}],"wp:featuredmedia":[{"embeddable":true,"href":"http:\/\/www.eloriente.net\/home\/wp-json\/wp\/v2\/media\/34982"}],"wp:attachment":[{"href":"http:\/\/www.eloriente.net\/home\/wp-json\/wp\/v2\/media?parent=34981"}],"wp:term":[{"taxonomy":"category","embeddable":true,"href":"http:\/\/www.eloriente.net\/home\/wp-json\/wp\/v2\/categories?post=34981"},{"taxonomy":"post_tag","embeddable":true,"href":"http:\/\/www.eloriente.net\/home\/wp-json\/wp\/v2\/tags?post=34981"}],"curies":[{"name":"wp","href":"https:\/\/api.w.org\/{rel}","templated":true}]}}