{"id":34999,"date":"2015-01-13T13:37:55","date_gmt":"2015-01-13T19:37:55","guid":{"rendered":"http:\/\/www.eloriente.net\/home\/?p=34999"},"modified":"2015-01-13T13:37:55","modified_gmt":"2015-01-13T19:37:55","slug":"ireta-y-manuel-lopez-nuevos-magistrados-llegan-en-momento-de-extraordinarios-retos-lagunas","status":"publish","type":"post","link":"http:\/\/www.eloriente.net\/home\/2015\/01\/13\/ireta-y-manuel-lopez-nuevos-magistrados-llegan-en-momento-de-extraordinarios-retos-lagunas\/","title":{"rendered":"Ireta y Manuel L\u00f3pez nuevos magistrados; llegan en momento de extraordinarios retos: Lagunas"},"content":{"rendered":"<p>eloriente.net\/TSJEO<\/p>\n<p>13 de enero de 2015<\/p>\n<p>Este d\u00eda, se tom\u00f3 protesta a Sonia Luz Ireta Jim\u00e9nez y a Manuel de Jes\u00fas L\u00f3pez L\u00f3pez como nuevos magistrados del Tribunal Superior de Justicia del Estado de Oaxaca. Como se inform\u00f3 en ELORIENTE.NET hace algunas semanas, ambos juristas fueron designados por el Gobernador de Oaxaca para tal responsabilidad.<\/p>\n<p>Por un lado, Ireta Jim\u00e9nez es licenciada en derecho por la Universidad Aut\u00f3noma Metropolitana (UAM); especialista en Sistema Acusatorio Penal, Derechos Humanos, Juicio de Amparo y Delitos Patrimoniales. Fue Secretaria de Estudio y Cuenta de la Cuarta Sala Penal del TSJEO; directora del Archivo y Bolet\u00edn Judicial, as\u00ed como Secretaria General de Acuerdos del mismo Tribunal.<\/p>\n<p>Por el otro, Manuel de Jesus L\u00f3pez es licenciado en derecho por la Universidad Aut\u00f3noma Benito Ju\u00e1rez de Oaxaca; maestro en Econom\u00eda y Gobierno por la Universidad An\u00e1huac Oaxaca. Fue Procurador de Justicia del Estado de Oaxaca y Coordinador de Asesores del Gobernador de Oaxaca. Fungi\u00f3 como Secretario T\u00e9cnico del Consejo de la Judicatura Federal.<\/p>\n<p>A continuaci\u00f3n, para su registro, el discurso \u00edntegro pronunciado por el presidente del Tribunal al tomar protesta de sus responsabilidades a Ireta y L\u00f3pez:<\/p>\n<p>&nbsp;<\/p>\n<p><em><strong>\u00abLic. Alfonso G\u00f3mez Sandoval, secretario general de gobierno y representante del lic. Gabino Cu\u00e9 Monteagudo, gobernador constitucional del estado.<\/strong><\/em><\/p>\n<p><em><strong>Diputada Leslie Jim\u00e9nez Valencia, presidenta de la Mesa Directiva de la Sexag\u00e9sima Segunda Legislatura del Congreso del Estado.<\/strong><\/em><\/p>\n<p><em><strong>Magistradas y magistrados integrantes del pleno del Tribunal Superior de Justicia.<\/strong><\/em><\/p>\n<p><em><strong>Consejera y consejeros de la judicatura.<\/strong><\/em><\/p>\n<p><em><strong>Magistrada y magistrados presidentes e integrantes de los tribunales especializados del Poder Judicial del Estado.<\/strong><\/em><\/p>\n<p><em><strong>Se\u00f1or Le\u00f3n Antonio Manzano, S\u00edndico municipal y representante del se\u00f1or Rutilio Pedro Aguilar, presidente municipal de San Bartolo Coyotepec.<\/strong><\/em><\/p>\n<p><em><strong>Diputado F\u00e9lix Antonio Serrano Toledo, presidente de la Junta de Coordinaci\u00f3n Pol\u00edtica de la Sexag\u00e9sima Segunda Legislatura del Congreso del Estado.<\/strong><\/em><\/p>\n<p><em><strong>Diputado Alejandro Avil\u00e9s \u00c1lvarez, coordinador parlamentario del Congreso del Estado.<\/strong><\/em><\/p>\n<p><em><strong>Diputada Antonia Natividad Jim\u00e9nez, coordinadora parlamentaria del Congreso del Estado.<\/strong><\/em><\/p>\n<p><em><strong>Diputado Gerardo Garc\u00eda Henestroza, presidente de la Comisi\u00f3n de Administraci\u00f3n de Justicia de la Sexag\u00e9sima Segunda Legislatura del Congreso del Estado.<\/strong><\/em><\/p>\n<p><em><strong>Diputado Ericel G\u00f3mez Nucamendi.<\/strong><\/em><\/p>\n<p><em><strong>Se\u00f1ores diputados que nos acompa\u00f1an.<\/strong><\/em><\/p>\n<p><em><strong>Lic. Bertha Ruth Arreola, Procuradora para la Defensa del Ind\u00edgena y Grupos Vulnerables.<\/strong><\/em><\/p>\n<p><em><strong>Lic. Arturo de Jes\u00fas Peimbert, Defensor de los Derechos Humanos del Pueblo de Oaxaca.<\/strong><\/em><\/p>\n<p><em><strong>Maestra Er\u00e9ndira Cruzvillegas Fuentes, Coordinadora para la Atenci\u00f3n de los Derechos Humanos del Gobierno del Estado.<\/strong><\/em><\/p>\n<p><em><strong>Servidores publicos del gobierno del estado.<\/strong><\/em><\/p>\n<p><em><strong>Juezas, jueces, funcionarias y funcionarios judiciales.<\/strong><\/em><\/p>\n<p><em><strong>Se\u00f1oras y se\u00f1ores.<\/strong><\/em><\/p>\n<p><em>La Reforma Constitucional de Oaxaca del 15 de abril de 2011, abri\u00f3 para el Poder Judicial del Estado, una nueva din\u00e1mica de integraci\u00f3n y vinculaci\u00f3n con la sociedad; en la cual, la autonom\u00eda e independencia de sus juzgadoras y juzgadores, fuera el pilar a consolidarse para garantizar la imparcialidad, profesionalismo, objetividad y participaci\u00f3n ciudadana, que nuestra historia contempor\u00e1nea, exig\u00eda como una urgente necesidad de inclusi\u00f3n y legitimaci\u00f3n social para tener en la funci\u00f3n judicial las personas con la mejor probidad e idoneidad t\u00e9cnica, enfrentando los retos de una sociedad de derechos, que exige dignidad y capacidad para respetarlos y hacerlos respetar; sin desmayar por la falta de capacitaci\u00f3n y \u00e9tica de quien emite una sentencia o fallo.<\/em><\/p>\n<p><em>Esta visi\u00f3n prevista en el art\u00edculo 102 de la Constituci\u00f3n Pol\u00edtica de Oaxaca, es la que hoy se cristaliza al darle la bienvenida a la magistrada Sonia Luz Ireta Jim\u00e9nez y al magistrado Manuel de Jes\u00fas L\u00f3pez L\u00f3pez; quienes en estricta observaci\u00f3n y cumplimento del Mandato Constitucional, fueron designados para esta alta responsabilidad.<\/em><\/p>\n<p><em>Con su designaci\u00f3n, los pasos firmes de una democracia participativa en el Poder Judicial se apuntalan; con la natural tensi\u00f3n de una din\u00e1mica de poderes y la expectativa de oportunidades a las mujeres y hombres mejor calificados en la racionalidad y sensatez de una responsabilidad social.<\/em><\/p>\n<p><em>Por ello, estimada magistrada Sonia Luz Ireta Jim\u00e9nez y magistrado Manuel de Jes\u00fas L\u00f3pez L\u00f3pez, hoy les damos la m\u00e1s cordial bienvenida al Pleno del Tribunal Superior de Justicia; se suman ustedes a seguir escribiendo la historia que distinguidas magistradas y magistrados de ayer y hoy, han legado en beneficio de la sociedad oaxaque\u00f1a; fomentando que la esperanza de paz no se quiebre frente a los problemas jur\u00eddicos que son puestos a nuestra consideraci\u00f3n, y en donde est\u00e1n inmersos los m\u00e1s preciados valores como son la libertad, la propiedad y la dignidad misma.<\/em><\/p>\n<p><em>Encontrar\u00e1n en el Poder Judicial, extraordinarios aliados, mujeres y hombres que han entregado su vida a esta casa de la justicia, donde su experiencia nos retroalimenta d\u00eda a d\u00eda y los instituye en respetables referentes, para arribar con mayor sensibilidad a nuestra funci\u00f3n.<\/em><\/p>\n<p><em>Su designaci\u00f3n, llega en un momento de extraordinarios retos para el humanismo jur\u00eddico; entendido este como aqu\u00e9l que ve en la dignidad de las personas su f\u00e9rrea defensa frente a tribunales y organismos de tutela constitucional diferenciada, en donde no hay espacio ya para la arbitrariedad y discrecionalidad irracional, sin que vaya acompa\u00f1ada de un reclamo y responsabilidad.<\/em><\/p>\n<p><em>Y esto es as\u00ed, frente a la universalidad y multiculturalidad de los derechos humanos estamos obligados a empoderar en cada sentencia dictada a las oaxaque\u00f1as y oaxaque\u00f1os que as\u00ed lo demandan, lo que configura una fuerte expectativa en los Poderes Judiciales, para su aut\u00e9ntica eficacia frente a los Poderes del Estado y los particulares.<\/em><\/p>\n<p><em>La sociedad del presente exige de la toga, que la solemnidad y autoridad que representa este momento, vaya de la mano de la m\u00e1s profunda conciencia y responsabilidad social; traducida en los hechos, en prudencia, justicia, fortaleza y solidaridad, que como principios, mandatan en nuestra conducta la prohibici\u00f3n de la ambici\u00f3n y el servirse de la funci\u00f3n.<\/em><\/p>\n<p><em>Magistrada Sonia Luz Ireta Jim\u00e9nez, magistrado Manuel de Jes\u00fas L\u00f3pez L\u00f3pez.<\/em><\/p>\n<p><em>El Poder Judicial del Estado es desde ahora, su fuente de motivos, capacidades y experiencias, donde encontrar\u00e1n nuestra plena colaboraci\u00f3n en sus iniciativas para mejorar nuestros ejercicios, sabedores de su corresponsabilidad, capacidad, honorabilidad y respeto.<\/em><\/p>\n<p><em>Sean ustedes bienvenidos, muchas felicidades. GRACIAS.\u00bb<\/em><\/p>\n<p><strong><em>Magistrado Alfredo Lagunas Rivera<\/em><br \/>\n<\/strong><\/p>\n<p><a href=\"http:\/\/www.eloriente.net\/home\/wp-content\/uploads\/2015\/01\/Sesio\u0301n-Solemne-Tribunal.jpg\"><img loading=\"lazy\" decoding=\"async\" class=\"alignnone size-medium wp-image-35000\" src=\"http:\/\/www.eloriente.net\/home\/wp-content\/uploads\/2015\/01\/Sesio\u0301n-Solemne-Tribunal-300x168.jpg\" alt=\"Sesio\u0301n Solemne Tribunal\" width=\"300\" height=\"168\" srcset=\"http:\/\/www.eloriente.net\/home\/wp-content\/uploads\/2015\/01\/Sesio\u0301n-Solemne-Tribunal-300x168.jpg 300w, http:\/\/www.eloriente.net\/home\/wp-content\/uploads\/2015\/01\/Sesio\u0301n-Solemne-Tribunal.jpg 1024w\" sizes=\"(max-width: 300px) 100vw, 300px\" \/><\/a><\/p>\n<p><strong>OTRAS ENTRADAS:<\/strong><\/p>\n<div id=\"post-32187\" class=\"post-32187 post type-post status-publish format-standard has-post-thumbnail hentry category-comunicados-y-boletines category-congreso-y-justicia category-entradas category-estados category-oaxaca-estados category-politica-y-gobierno tag-pjo tag-tsj entry loop-default border_bottom_30\">\n<h2 class=\"entry_title\"><a title=\"Enlace Permanente a Avala Tribunal de Oaxaca reglamento contra Trata de Personas\" href=\"http:\/\/www.eloriente.net\/home\/2014\/09\/11\/poder-judicial-de-oaxaca-contra-la-trata-de-personas\/\" rel=\"bookmark\">Avala Tribunal de Oaxaca reglamento contra Trata de Personas<\/a><\/h2>\n<p><a href=\"http:\/\/www.eloriente.net\/home\/2014\/09\/11\/poder-judicial-de-oaxaca-contra-la-trata-de-personas\/\" rel=\"bookmark\"><img decoding=\"async\" class=\"alignleft\" title=\"Avala Tribunal de Oaxaca reglamento contra Trata de Personas\" src=\"http:\/\/www.eloriente.net\/home\/wp-content\/themes\/city-desk\/timthumb.php?src=http%3A%2F%2Fwww.eloriente.net%2Fhome%2Fwp-content%2Fuploads%2F2014%2F09%2FEl-titular-del-PJO-Alfredo-Lagunas-y-el-gobernador-Gabino-Cu%C3%A9-Monteagudo.jpg&amp;q=90&amp;w=160&amp;h=106&amp;zc=1\" alt=\"Avala Tribunal de Oaxaca reglamento contra Trata de Personas\" \/><\/a>eloriente.net \/ TSJ 11\/septiembre\/2014 \u00b7 Se realiz\u00f3 la segunda sesi\u00f3n ordinaria de la Comisi\u00f3n que atiende los delitos de Trata de Personas encabezada por el gobernador Gabino Cu\u00e9 y a la que asisti\u00f3 el magistrado Alfredo Lagunas Rivera Con la finalidad de revisar estrategias y desarrollar acciones en materia de seguridad, procuraci\u00f3n e impartici\u00f3n de [\u2026]<\/p>\n<p class=\"postmeta\"><span class=\"meta_date\">septiembre 11, 2014<\/span><\/p>\n<\/div>\n<div id=\"post-31342\" class=\"post-31342 post type-post status-publish format-standard has-post-thumbnail hentry category-comunicados-y-boletines category-congreso-y-justicia category-entradas category-lo-mas-reciente category-municipios category-oaxaca-estados tag-municipios-2 tag-tribunal-de-fiscalizacion entry loop-default border_bottom_30\">\n<h2 class=\"entry_title\"><a title=\"Enlace Permanente a Son explicadas facultades y atribuciones del Tribunal de Fiscalizaci\u00f3n a municipios\" href=\"http:\/\/www.eloriente.net\/home\/2014\/08\/22\/son-explicadas-facultades-y-atribuciones-del-tribunal-de-fiscalizacion-a-municipios\/\" rel=\"bookmark\">Son explicadas facultades y atribuciones del Tribunal de Fiscalizaci\u00f3n a municipios<\/a><\/h2>\n<p><a href=\"http:\/\/www.eloriente.net\/home\/2014\/08\/22\/son-explicadas-facultades-y-atribuciones-del-tribunal-de-fiscalizacion-a-municipios\/\" rel=\"bookmark\"><img decoding=\"async\" class=\"alignleft\" title=\"Son explicadas facultades y atribuciones del Tribunal de Fiscalizaci\u00f3n a municipios\" src=\"http:\/\/www.eloriente.net\/home\/wp-content\/themes\/city-desk\/timthumb.php?src=http%3A%2F%2Fwww.eloriente.net%2Fhome%2Fwp-content%2Fuploads%2F2014%2F08%2FMagistrados-del-Tribunal-de-Fiscalizaci%C3%B3n-con-autoridades-municipales-T-.jpg&amp;q=90&amp;w=160&amp;h=106&amp;zc=1\" alt=\"Son explicadas facultades y atribuciones del Tribunal de Fiscalizaci\u00f3n a municipios\" \/><\/a>eloriente.net 22\/agosto\/2014 \u2022 Magistrados del Tribunal de Fiscalizaci\u00f3n llevaron a cabo actividades de difusi\u00f3n de la labor que realizan entre autoridades de municipios de la Cuenca, Mixteca y Sierra Sur Al sostener diferentes encuentros con presidentes municipales, secretarios y regidores de siete ayuntamientos de las regiones de la Cuenca, Sierra Norte y la Mixteca para [\u2026]<\/p>\n<p class=\"postmeta\"><span class=\"meta_date\">agosto 22, 2014<\/span><\/p>\n<\/div>\n\n\t\t\t  <div \n\t\t\t  \tclass = \"fb-comments\" \n\t\t\t  \tdata-href = \"http:\/\/www.eloriente.net\/home\/2015\/01\/13\/ireta-y-manuel-lopez-nuevos-magistrados-llegan-en-momento-de-extraordinarios-retos-lagunas\/\"\n\t\t\t  \tdata-numposts = \"10\"\n\t\t\t\tdata-colorscheme = \"dark\"\n\t\t\t\tdata-order-by = \"social\"\n\t\t\t\tdata-mobile=true>\n\t\t\t  <\/div>\n\t\t  <style>\n\t\t\t.fb_iframe_widget_fluid_desktop iframe {\n\t\t\t    width: 100% !important;\n\t\t\t}\n\t\t  <\/style>\n\t\t  ","protected":false},"excerpt":{"rendered":"<p>eloriente.net\/TSJEO 13 de enero de 2015 Este d\u00eda, se tom\u00f3 protesta a Sonia Luz Ireta Jim\u00e9nez y a Manuel de Jes\u00fas L\u00f3pez L\u00f3pez como nuevos magistrados del Tribunal Superior de Justicia del Estado de Oaxaca. Como se inform\u00f3 en ELORIENTE.NET hace algunas semanas, ambos juristas fueron designados por el Gobernador de Oaxaca para tal responsabilidad. [&hellip;]<\/p>\n","protected":false},"author":1,"featured_media":35000,"comment_status":"open","ping_status":"open","sticky":false,"template":"","format":"standard","meta":{"_jetpack_memberships_contains_paid_content":false,"footnotes":""},"categories":[91,22,49,32,63,464,21],"tags":[],"class_list":["post-34999","post","type-post","status-publish","format-standard","has-post-thumbnail","hentry","category-congreso-y-justicia","category-derechos-humanos","category-destacadas","category-entradas","category-estados","category-oaxaca-estados","category-politica-y-gobierno"],"jetpack_featured_media_url":"http:\/\/www.eloriente.net\/home\/wp-content\/uploads\/2015\/01\/Sesio\u0301n-Solemne-Tribunal.jpg","jetpack_sharing_enabled":true,"_links":{"self":[{"href":"http:\/\/www.eloriente.net\/home\/wp-json\/wp\/v2\/posts\/34999"}],"collection":[{"href":"http:\/\/www.eloriente.net\/home\/wp-json\/wp\/v2\/posts"}],"about":[{"href":"http:\/\/www.eloriente.net\/home\/wp-json\/wp\/v2\/types\/post"}],"author":[{"embeddable":true,"href":"http:\/\/www.eloriente.net\/home\/wp-json\/wp\/v2\/users\/1"}],"replies":[{"embeddable":true,"href":"http:\/\/www.eloriente.net\/home\/wp-json\/wp\/v2\/comments?post=34999"}],"version-history":[{"count":1,"href":"http:\/\/www.eloriente.net\/home\/wp-json\/wp\/v2\/posts\/34999\/revisions"}],"predecessor-version":[{"id":35001,"href":"http:\/\/www.eloriente.net\/home\/wp-json\/wp\/v2\/posts\/34999\/revisions\/35001"}],"wp:featuredmedia":[{"embeddable":true,"href":"http:\/\/www.eloriente.net\/home\/wp-json\/wp\/v2\/media\/35000"}],"wp:attachment":[{"href":"http:\/\/www.eloriente.net\/home\/wp-json\/wp\/v2\/media?parent=34999"}],"wp:term":[{"taxonomy":"category","embeddable":true,"href":"http:\/\/www.eloriente.net\/home\/wp-json\/wp\/v2\/categories?post=34999"},{"taxonomy":"post_tag","embeddable":true,"href":"http:\/\/www.eloriente.net\/home\/wp-json\/wp\/v2\/tags?post=34999"}],"curies":[{"name":"wp","href":"https:\/\/api.w.org\/{rel}","templated":true}]}}