{"id":35039,"date":"2015-01-21T15:10:24","date_gmt":"2015-01-21T21:10:24","guid":{"rendered":"http:\/\/www.eloriente.net\/home\/?p=35039"},"modified":"2015-01-21T15:10:24","modified_gmt":"2015-01-21T21:10:24","slug":"mayorias-nacionales-deben-asumir-construccion-nacional-obispo-magdiel-sanchez","status":"publish","type":"post","link":"http:\/\/www.eloriente.net\/home\/2015\/01\/21\/mayorias-nacionales-deben-asumir-construccion-nacional-obispo-magdiel-sanchez\/","title":{"rendered":"Mayor\u00edas nacionales deben asumir construcci\u00f3n nacional: obispo Magdiel S\u00e1nchez"},"content":{"rendered":"<p>(<a href=\"http:\/\/www.eloriente.net\" target=\"_blank\">www.eloriente.net<\/a>, M\u00e9xico, 21 de enero de 2015).- Constituyente Ciudadana es una propuesta basada en el art\u00edculo 39 de la Constituci\u00f3n para que las mayor\u00edas nacionales asuman la construcci\u00f3n del pa\u00eds; las mayor\u00edas nacionales tienen que ver con las mujeres, los ind\u00edgenas, la clase trabajadora y la clase media, explic\u00f3 esta ma\u00f1ana el obispo Magdiel S\u00e1nchez al presentar en Oaxaca esta propuesta.<\/p>\n<p>Con la asistencia del pintor Francisco Toledo y en instalaciones del Instituto de Artes Gr\u00e1ficas de Oaxaca, el obispo de Cuernava, Morelos, resalt\u00f3 que todos los sectores de la sociedad civil, deben asumir un nuevo protagonismo que lleve a rescatar los sectores productivos y la recuperaci\u00f3n de la independencia nacional.<\/p>\n<p>Cabe recordar, seg\u00fan lo refiri\u00f3 el facilitador Marcos Tello que este proceso de Constituyente Ciudadana, inici\u00f3 a partir de un libro sobre conversaciones del obispo Ra\u00fal Vera con Bernando Barranco, donde se pretende que desde la ciudadania y los pueblos se reconstruya el pa\u00eds.<\/p>\n<p>Tello dijo que esta propuesta ya se discute en diversos puntos del pa\u00eds. Refiri\u00f3 que en el Primer Parlamento de los Pueblos cap\u00edtulo M\u00e9xico,\u00a0 que es un tribunal internacional de la sociedad civ\u00edl, se hizo un llamado a la ciudadania para refundar el Estado debido a la violencia que ha aquejado al pa\u00eds.<\/p>\n<p>Finalmente, Nino Cuenta, como parte de la sociedad civil italiana, coment\u00f3 que la mezcla entre la econom\u00eda legal e ilegal pasa no solo en M\u00e9xico, sino en otros pa\u00edses, y dijo que esta iniciativa que est\u00e1 surgiendo es una esperanza pues nuestro pa\u00eds tiene la capacidad para salir de cualquier problema.<\/p>\n<p>Los miembros de esta propuesta hicieron una invitaci\u00f3n a la sociedad para que se sume y mencionaron que la presentar\u00e1n en la ciudad de M\u00e9xico, el pr\u00f3ximo 5 de febrero.<\/p>\n<p><a href=\"http:\/\/www.eloriente.net\/home\/wp-content\/uploads\/2015\/01\/Consituyente-ciudadana-IAGO-N15.jpg\"><img loading=\"lazy\" decoding=\"async\" class=\"alignnone size-medium wp-image-35040\" src=\"http:\/\/www.eloriente.net\/home\/wp-content\/uploads\/2015\/01\/Consituyente-ciudadana-IAGO-N15-300x200.jpg\" alt=\"Constituyente ciudadana IAGO N15\" width=\"300\" height=\"200\" srcset=\"http:\/\/www.eloriente.net\/home\/wp-content\/uploads\/2015\/01\/Consituyente-ciudadana-IAGO-N15-300x200.jpg 300w, http:\/\/www.eloriente.net\/home\/wp-content\/uploads\/2015\/01\/Consituyente-ciudadana-IAGO-N15.jpg 900w\" sizes=\"(max-width: 300px) 100vw, 300px\" \/><\/a><\/p>\n<p>&nbsp;<\/p>\n<p><strong>OTRAS ENTRADAS:<\/strong><\/p>\n<div id=\"post-21962\" class=\"post-21962 post type-post status-publish format-standard has-post-thumbnail hentry category-entradas category-lo-mas-reciente category-municipios category-oaxaca-estados tag-arquidiocesis tag-catolicos tag-chavez-botello tag-cuaresma tag-iglesia tag-misa tag-semana-santa entry loop-default border_bottom_30\">\n<h2 class=\"entry_title\"><a title=\"Enlace Permanente a Arzobispo Ch\u00e1vez Botello ruega por reconciliaci\u00f3n social en Oaxaca\" href=\"http:\/\/www.eloriente.net\/home\/2014\/03\/03\/arzobispo-chavez-botello-ruega-por-reconciliacion-social-en-oaxaca\/\" rel=\"bookmark\">Arzobispo Ch\u00e1vez Botello ruega por reconciliaci\u00f3n social en Oaxaca<\/a><\/h2>\n<p><a href=\"http:\/\/www.eloriente.net\/home\/2014\/03\/03\/arzobispo-chavez-botello-ruega-por-reconciliacion-social-en-oaxaca\/\" rel=\"bookmark\"><img decoding=\"async\" class=\"alignleft\" title=\"Arzobispo Ch\u00e1vez Botello ruega por reconciliaci\u00f3n social en Oaxaca\" src=\"http:\/\/www.eloriente.net\/home\/wp-content\/themes\/city-desk\/timthumb.php?src=http%3A%2F%2Fwww.eloriente.net%2Fhome%2Fwp-content%2Fuploads%2F2014%2F03%2FArzobispo-JBF-mx.jpg&amp;q=90&amp;w=160&amp;h=106&amp;zc=1\" alt=\"Arzobispo Ch\u00e1vez Botello ruega por reconciliaci\u00f3n social en Oaxaca\" \/><\/a><\/p>\n<p class=\"postmeta\">eloriente.net 3 de marzo de 2014 Durante la pasada misa dominical, el Arzobispo de la Arquidi\u00f3cesis de Antequera, Jos\u00e9 Luis Ch\u00e1vez Botello, rog\u00f3 a los asistentes por promover la fe cristiana y la paz entre la poblaci\u00f3n oaxaque\u00f1a, para as\u00ed llegar a una reconciliaci\u00f3n social en la entidad. En el marco previo al mi\u00e9rcoles de [\u2026]<\/p>\n<p class=\"postmeta\">\n<p class=\"postmeta\">\n<p class=\"postmeta\"><span class=\"meta_date\">marzo 3, 2014<\/span><\/p>\n<p class=\"postmeta\">\n<\/div>\n<div id=\"post-8243\" class=\"post-8243 post type-post status-publish format-standard has-post-thumbnail hentry category-entradas category-lo-mas-reciente category-mexico-y-el-mundo category-principal entry loop-default border_bottom_30\">\n<h2 class=\"entry_title\"><a title=\"Enlace Permanente a Benedicto XVI renuncia al ministerio de Obispo de Roma\" href=\"http:\/\/www.eloriente.net\/home\/2013\/02\/11\/benedicto-xvi-renuncia-al-ministerio-de-obispo-de-roma\/\" rel=\"bookmark\">Benedicto XVI renuncia al ministerio de Obispo de Roma<\/a><\/h2>\n<p><a href=\"http:\/\/www.eloriente.net\/home\/2013\/02\/11\/benedicto-xvi-renuncia-al-ministerio-de-obispo-de-roma\/\" rel=\"bookmark\"><img decoding=\"async\" class=\"alignleft\" title=\"Benedicto XVI renuncia al ministerio de Obispo de Roma\" src=\"http:\/\/www.eloriente.net\/home\/wp-content\/themes\/city-desk\/timthumb.php?src=http%3A%2F%2Fwww.eloriente.net%2Fhome%2Fwp-content%2Fuploads%2F2013%2F02%2Fbenedicto-xvi.jpg&amp;q=90&amp;w=160&amp;h=106&amp;zc=1\" alt=\"Benedicto XVI renuncia al ministerio de Obispo de Roma\" \/><\/a>eloriente.net\/ Santa Sede 11 de febrero de 2013 eloriente.net (Oaxaca, Oax.) 11 de febrero de 2013.- Durante un Consistorio Ordinario que celebr\u00f3 ante cardenales de la Curia Romana, el Papa Benedicto XVI anunci\u00f3 de manera sorpresiva que presentar\u00e1 su renuncia al pontificado a partir del pr\u00f3ximo 28 de febrero, argumentando que por su edad avanzada [\u2026]<\/p>\n<p class=\"postmeta\">\n<p class=\"postmeta\">\n<p class=\"postmeta\"><span class=\"meta_date\">febrero 11, 2013<\/span><\/p>\n<\/div>\n<div id=\"post-8033\" class=\"post-8033 post type-post status-publish format-standard has-post-thumbnail hentry category-capital category-entradas category-lo-mas-reciente entry loop-default border_bottom_30\">\n<h2 class=\"entry_title\"><a title=\"Enlace Permanente a Gonzalo Alonso Calzada, ser\u00e1 ordenado Obispo Auxiliar de Antequera-Oaxaca\" href=\"http:\/\/www.eloriente.net\/home\/2013\/02\/05\/gonzalo-alonso-calzada-sera-ordenado-obispo-auxiliar-de-antequera-oaxaca\/\" rel=\"bookmark\">Gonzalo Alonso Calzada, ser\u00e1 ordenado Obispo Auxiliar de Antequera-Oaxaca<\/a><\/h2>\n<p><a href=\"http:\/\/www.eloriente.net\/home\/2013\/02\/05\/gonzalo-alonso-calzada-sera-ordenado-obispo-auxiliar-de-antequera-oaxaca\/\" rel=\"bookmark\"><img decoding=\"async\" class=\"alignleft\" title=\"Gonzalo Alonso Calzada, ser\u00e1 ordenado Obispo Auxiliar de Antequera-Oaxaca\" src=\"http:\/\/www.eloriente.net\/home\/wp-content\/themes\/city-desk\/timthumb.php?src=http%3A%2F%2Fwww.eloriente.net%2Fhome%2Fwp-content%2Fuploads%2F2013%2F02%2FCaptura-de-pantalla-2013-02-05-a-las-09.29.25.png&amp;q=90&amp;w=160&amp;h=106&amp;zc=1\" alt=\"Gonzalo Alonso Calzada, ser\u00e1 ordenado Obispo Auxiliar de Antequera-Oaxaca\" \/><\/a>eloriente.net\/ Arquidi\u00f3cesis de Antequera-Oaxaca\/ Di\u00f3cesis de Celaya 5 de febrero de 2013 eloriente.net (Oaxaca, Oax.) 5 de ferbrero de 2013.- Este martes se llevar\u00e1 a cabo la ordenaci\u00f3n episcopal e inicio de su ministerio del Obispo Auxiliar de Antequera-Oaxaca, Mons. Gonzalo Alonso Calzada Guerrero. La ceremonia se realizar\u00e1 a las 17:00 hrs. en el auditorio [\u2026]<\/p>\n<p class=\"postmeta\">\n<p class=\"postmeta\">\n<p class=\"postmeta\"><span class=\"meta_date\">febrero 5, 2013<\/span><\/p>\n<\/div>\n\n\t\t\t  <div \n\t\t\t  \tclass = \"fb-comments\" \n\t\t\t  \tdata-href = \"http:\/\/www.eloriente.net\/home\/2015\/01\/21\/mayorias-nacionales-deben-asumir-construccion-nacional-obispo-magdiel-sanchez\/\"\n\t\t\t  \tdata-numposts = \"10\"\n\t\t\t\tdata-colorscheme = \"dark\"\n\t\t\t\tdata-order-by = \"social\"\n\t\t\t\tdata-mobile=true>\n\t\t\t  <\/div>\n\t\t  <style>\n\t\t\t.fb_iframe_widget_fluid_desktop iframe {\n\t\t\t    width: 100% !important;\n\t\t\t}\n\t\t  <\/style>\n\t\t  ","protected":false},"excerpt":{"rendered":"<p>(www.eloriente.net, M\u00e9xico, 21 de enero de 2015).- Constituyente Ciudadana es una propuesta basada en el art\u00edculo 39 de la Constituci\u00f3n para que las mayor\u00edas nacionales asuman la construcci\u00f3n del pa\u00eds; las mayor\u00edas nacionales tienen que ver con las mujeres, los ind\u00edgenas, la clase trabajadora y la clase media, explic\u00f3 esta ma\u00f1ana el obispo Magdiel S\u00e1nchez [&hellip;]<\/p>\n","protected":false},"author":1,"featured_media":35040,"comment_status":"open","ping_status":"open","sticky":false,"template":"","format":"standard","meta":{"_jetpack_memberships_contains_paid_content":false,"footnotes":""},"categories":[22,32,63,464],"tags":[133,631,1241,465,3255],"class_list":["post-35039","post","type-post","status-publish","format-standard","has-post-thumbnail","hentry","category-derechos-humanos","category-entradas","category-estados","category-oaxaca-estados","tag-ciudadanos","tag-estado","tag-iago","tag-iglesia","tag-toledo"],"jetpack_featured_media_url":"http:\/\/www.eloriente.net\/home\/wp-content\/uploads\/2015\/01\/Consituyente-ciudadana-IAGO-N15.jpg","jetpack_sharing_enabled":true,"_links":{"self":[{"href":"http:\/\/www.eloriente.net\/home\/wp-json\/wp\/v2\/posts\/35039"}],"collection":[{"href":"http:\/\/www.eloriente.net\/home\/wp-json\/wp\/v2\/posts"}],"about":[{"href":"http:\/\/www.eloriente.net\/home\/wp-json\/wp\/v2\/types\/post"}],"author":[{"embeddable":true,"href":"http:\/\/www.eloriente.net\/home\/wp-json\/wp\/v2\/users\/1"}],"replies":[{"embeddable":true,"href":"http:\/\/www.eloriente.net\/home\/wp-json\/wp\/v2\/comments?post=35039"}],"version-history":[{"count":1,"href":"http:\/\/www.eloriente.net\/home\/wp-json\/wp\/v2\/posts\/35039\/revisions"}],"predecessor-version":[{"id":35041,"href":"http:\/\/www.eloriente.net\/home\/wp-json\/wp\/v2\/posts\/35039\/revisions\/35041"}],"wp:featuredmedia":[{"embeddable":true,"href":"http:\/\/www.eloriente.net\/home\/wp-json\/wp\/v2\/media\/35040"}],"wp:attachment":[{"href":"http:\/\/www.eloriente.net\/home\/wp-json\/wp\/v2\/media?parent=35039"}],"wp:term":[{"taxonomy":"category","embeddable":true,"href":"http:\/\/www.eloriente.net\/home\/wp-json\/wp\/v2\/categories?post=35039"},{"taxonomy":"post_tag","embeddable":true,"href":"http:\/\/www.eloriente.net\/home\/wp-json\/wp\/v2\/tags?post=35039"}],"curies":[{"name":"wp","href":"https:\/\/api.w.org\/{rel}","templated":true}]}}