{"id":3508,"date":"2012-09-29T10:13:30","date_gmt":"2012-09-29T16:13:30","guid":{"rendered":"http:\/\/www.eloriente.net\/home\/?p=3508"},"modified":"2012-09-29T10:13:30","modified_gmt":"2012-09-29T16:13:30","slug":"3-de-10-no-sienten-orgullo-por-mexico","status":"publish","type":"post","link":"http:\/\/www.eloriente.net\/home\/2012\/09\/29\/3-de-10-no-sienten-orgullo-por-mexico\/","title":{"rendered":"3 de 10 NO sienten orgullo por M\u00e9xico"},"content":{"rendered":"<p style=\"text-align: right\">Por:\u00a0Juan Pablo Vasconcelos<\/p>\n<p>No debe culp\u00e1rseles. Hace tiempo que es conocida la buena costumbre de no juzgar a nadie. En cualquier caso, su falta de orgullo por este pa\u00eds tiene sus razones y las explican con meridiana claridad: la corrupci\u00f3n, la desigualdad y la pobreza, la violencia generada por el narcotr\u00e1fico. Por ello, 3 de cada 10 ciudadanos de la capital de Oaxaca NO se encuentra orgullosa de M\u00e9xico, de acuerdo a un sondeo reciente de la empresa Conceptos Marketing.*<\/p>\n<p>Bien visto, la clase de razones que mencionan han ido permeando la realidad, la han hecho la realidad de cada d\u00eda. Por eso, el pa\u00eds es lo que parece. Y los ciudadanos no tenemos m\u00e1s remedio que creer en lo que vemos, siguiendo la tradici\u00f3n de Tom\u00e1s.<\/p>\n<p>De hecho, en \u2018lo que vemos\u2019 est\u00e1 la clave porque \u00bfhace cu\u00e1nto que el valor de la historia del pa\u00eds est\u00e1 extraviado? \u00bfCu\u00e1ndo fue la \u00faltima vez que la pedagog\u00eda de la identidad nacional fue revisada? Quiero decir, \u00bfc\u00f3mo est\u00e1 infundi\u00e9ndose el sentimiento nacional en las generaciones m\u00e1s j\u00f3venes? \u00bfCu\u00e1les son los m\u00e9ritos del pa\u00eds como para que sus ciudadanos se sientan orgullosos del mismo?<\/p>\n<p>Hace tiempo, y esto puede ser pol\u00edticamente incorrecto, que el pa\u00eds (nosotros) dej\u00f3 de dar o al menos de demostrar los motivos para que sus hijos se sientan orgullosos de \u00e9l. Porque sus hijos tienen necesidades concretas y M\u00e9xico no las est\u00e1 resolviendo equitativa, equilibrada y pac\u00edficamente. Por ello, es natural que la rebeld\u00eda despierte.<\/p>\n<p>La demagogia y el discurso patri\u00f3tico han dejado de ser suficientes para unirnos. Ahora se necesita rencontrar un ideario, un inventario de razones suficientes, actuales y poderosamente persuasivas por lo efectivas, que expliquen y hagan resonancia en los ciudadanos, y que les devuelva la certeza de que hay fundamento para estar juntos, trabajar juntos, lograr causas comunes.<\/p>\n<p>En ello, los americanos son maestros. Hace d\u00e9cadas definieron una visi\u00f3n, \u2018un sue\u00f1o\u2019 como ellos gustan llamarlo. Y al pasar de los siglos lo han edificado y defendido a tal grado que a\u00fan hoy ese sue\u00f1o es, por ejemplo, el coraz\u00f3n de los discursos de campa\u00f1a presidencial y de las proclamas en las pancartas de los m\u00edtines.<\/p>\n<p>Es tan actual que es la justificante para que sus tropas est\u00e9n peleando por la libertad y la democracia no s\u00f3lo en su territorio, sino en pa\u00edses lejan\u00edsimos, arriesgando la vida por un pueblo distinto, dejando solitarias a sus familias en pos de las de otros. \u00bfQue no lo hacen por la libertad sino por el petr\u00f3leo? Eso no importa para efectos nacionales. El sue\u00f1o importa.<\/p>\n<p>Esta es la pregunta cuesti\u00f3n para M\u00e9xico: \u00bfCu\u00e1l es nuestro sue\u00f1o? \u00bfTenemos alguno? \u00bfEs el mismo para todos? En el fondo, su ausencia puede ser la raz\u00f3n de la desesperanza y de una buena parte de las dificultades que vivimos. \u00bfQui\u00e9n puede vivir sin ilusiones?<\/p>\n<p><a href=\"http:\/\/www.eloriente.net\/home\/wp-content\/uploads\/2012\/09\/banderam\u00e9xico1.jpg\"><img loading=\"lazy\" decoding=\"async\" class=\"alignnone size-medium wp-image-3509\" src=\"http:\/\/www.eloriente.net\/home\/wp-content\/uploads\/2012\/09\/banderam\u00e9xico1-300x200.jpg\" alt=\"\" width=\"300\" height=\"200\" srcset=\"http:\/\/www.eloriente.net\/home\/wp-content\/uploads\/2012\/09\/banderam\u00e9xico1-300x200.jpg 300w, http:\/\/www.eloriente.net\/home\/wp-content\/uploads\/2012\/09\/banderam\u00e9xico1.jpg 640w\" sizes=\"(max-width: 300px) 100vw, 300px\" \/><\/a><\/p>\n<p>Foto:\u00a0<a href=\"http:\/\/www.flickr.com\/photos\/esparta\/\" target=\"_blank\">Esparta,<\/a>\u00a0<a href=\"http:\/\/creativecommons.org\/licenses\/by\/2.0\/\" target=\"_blank\">Algunos derechos reservados.\u00a0<\/a><\/p>\n<p>*Este estudio de Conceptos fue consultado en la p\u00e1gina <a href=\"http:\/\/www.eloriente.net\">www.eloriente.net<\/a><\/p>\n<p>&nbsp;<\/p>\n<p>&nbsp;<\/p>\n<p>&nbsp;<\/p>\n<p>&nbsp;<\/p>\n<p>&nbsp;<\/p>\n<p>&nbsp;<\/p>\n<p>&nbsp;<\/p>\n\n\t\t\t  <div \n\t\t\t  \tclass = \"fb-comments\" \n\t\t\t  \tdata-href = \"http:\/\/www.eloriente.net\/home\/2012\/09\/29\/3-de-10-no-sienten-orgullo-por-mexico\/\"\n\t\t\t  \tdata-numposts = \"10\"\n\t\t\t\tdata-colorscheme = \"dark\"\n\t\t\t\tdata-order-by = \"social\"\n\t\t\t\tdata-mobile=true>\n\t\t\t  <\/div>\n\t\t  <style>\n\t\t\t.fb_iframe_widget_fluid_desktop iframe {\n\t\t\t    width: 100% !important;\n\t\t\t}\n\t\t  <\/style>\n\t\t  ","protected":false},"excerpt":{"rendered":"<p>Por:\u00a0Juan Pablo Vasconcelos No debe culp\u00e1rseles. Hace tiempo que es conocida la buena costumbre de no juzgar a nadie. En cualquier caso, su falta de orgullo por este pa\u00eds tiene sus razones y las explican con meridiana claridad: la corrupci\u00f3n, la desigualdad y la pobreza, la violencia generada por el narcotr\u00e1fico. Por ello, 3 de [&hellip;]<\/p>\n","protected":false},"author":13,"featured_media":3509,"comment_status":"open","ping_status":"open","sticky":false,"template":"","format":"standard","meta":{"_jetpack_memberships_contains_paid_content":false,"footnotes":""},"categories":[32,54,10],"tags":[],"class_list":["post-3508","post","type-post","status-publish","format-standard","has-post-thumbnail","hentry","category-entradas","category-juan-pablo-vasconcelos","category-lo-mas-reciente"],"jetpack_featured_media_url":"http:\/\/www.eloriente.net\/home\/wp-content\/uploads\/2012\/09\/banderam\u00e9xico1.jpg","jetpack_sharing_enabled":true,"_links":{"self":[{"href":"http:\/\/www.eloriente.net\/home\/wp-json\/wp\/v2\/posts\/3508"}],"collection":[{"href":"http:\/\/www.eloriente.net\/home\/wp-json\/wp\/v2\/posts"}],"about":[{"href":"http:\/\/www.eloriente.net\/home\/wp-json\/wp\/v2\/types\/post"}],"author":[{"embeddable":true,"href":"http:\/\/www.eloriente.net\/home\/wp-json\/wp\/v2\/users\/13"}],"replies":[{"embeddable":true,"href":"http:\/\/www.eloriente.net\/home\/wp-json\/wp\/v2\/comments?post=3508"}],"version-history":[{"count":1,"href":"http:\/\/www.eloriente.net\/home\/wp-json\/wp\/v2\/posts\/3508\/revisions"}],"predecessor-version":[{"id":3510,"href":"http:\/\/www.eloriente.net\/home\/wp-json\/wp\/v2\/posts\/3508\/revisions\/3510"}],"wp:featuredmedia":[{"embeddable":true,"href":"http:\/\/www.eloriente.net\/home\/wp-json\/wp\/v2\/media\/3509"}],"wp:attachment":[{"href":"http:\/\/www.eloriente.net\/home\/wp-json\/wp\/v2\/media?parent=3508"}],"wp:term":[{"taxonomy":"category","embeddable":true,"href":"http:\/\/www.eloriente.net\/home\/wp-json\/wp\/v2\/categories?post=3508"},{"taxonomy":"post_tag","embeddable":true,"href":"http:\/\/www.eloriente.net\/home\/wp-json\/wp\/v2\/tags?post=3508"}],"curies":[{"name":"wp","href":"https:\/\/api.w.org\/{rel}","templated":true}]}}