{"id":35166,"date":"2015-02-03T12:20:32","date_gmt":"2015-02-03T18:20:32","guid":{"rendered":"http:\/\/www.eloriente.net\/home\/?p=35166"},"modified":"2015-02-12T13:18:41","modified_gmt":"2015-02-12T19:18:41","slug":"3feb15-en-vivo-mensaje-del-presidente-pena-nieto-desde-presidencia","status":"publish","type":"post","link":"http:\/\/www.eloriente.net\/home\/2015\/02\/03\/3feb15-en-vivo-mensaje-del-presidente-pena-nieto-desde-presidencia\/","title":{"rendered":"3\/Feb\/15 En Vivo: mensaje del presidente Pe\u00f1a Nieto desde Presidencia"},"content":{"rendered":"<p><script src=\"\/\/pagead2.googlesyndication.com\/pagead\/js\/adsbygoogle.js\" async=\"\"><\/script><!-- BANNER ELORIENTE INCRUSTADO NOTAS --> <ins class=\"adsbygoogle\" style=\"display: inline-block; width: 300px; height: 250px;\" data-ad-client=\"ca-pub-1136171134853753\" data-ad-slot=\"7974633627\"><\/ins><script>\/\/ <![CDATA[\n(adsbygoogle = window.adsbygoogle || []).push({});\n\/\/ ]]><\/script><\/p>\n<p>(www.eloriente.net, M\u00e9xico, 3 de febrero de 2015).- Desde temprana hora, Presidencia de la Rep\u00fablica anunci\u00f3 como agenda oficial para este d\u00eda, un mensaje del presidente Enrique Pe\u00f1a Nieto a la naci\u00f3n en punto de las 12 horas.<\/p>\n<p>Podr\u00e1s seguir en vivo esta se\u00f1al en ELORIENTE.NET y luego consultar la grabaci\u00f3n \u00edntegra a continuaci\u00f3n:<br \/>\n<iframe loading=\"lazy\" src=\"https:\/\/www.youtube.com\/embed\/_g820xQG-fI\" width=\"560\" height=\"315\" frameborder=\"0\" allowfullscreen=\"allowfullscreen\"><\/iframe><\/p>\n<p>&nbsp;<\/p>\n<p><a href=\"http:\/\/www.eloriente.net\/home\/wp-content\/uploads\/2012\/09\/pe\u00f1a-nieto.jpeg\"><img loading=\"lazy\" decoding=\"async\" class=\"alignnone size-medium wp-image-3231\" src=\"http:\/\/www.eloriente.net\/home\/wp-content\/uploads\/2012\/09\/pe\u00f1a-nieto-300x200.jpeg\" alt=\"pe\u00f1a nieto\" width=\"300\" height=\"200\" srcset=\"http:\/\/www.eloriente.net\/home\/wp-content\/uploads\/2012\/09\/pe\u00f1a-nieto-300x200.jpeg 300w, http:\/\/www.eloriente.net\/home\/wp-content\/uploads\/2012\/09\/pe\u00f1a-nieto.jpeg 1024w\" sizes=\"(max-width: 300px) 100vw, 300px\" \/><\/a><\/p>\n<p><strong>OTRAS ENTRADAS:<\/strong><\/p>\n<div id=\"post-34833\" class=\"post-34833 post type-post status-publish format-standard has-post-thumbnail hentry category-destacadas category-entradas category-estados category-lo-mas-reciente category-municipios category-oaxaca-estados category-politica-y-gobierno category-principal category-salina-cruz-municipios tag-gabino-cue tag-pemex tag-pena-nieto tag-petroleo tag-salina-cruz entry loop-default border_bottom_30\">\n<h2 class=\"entry_title\"><a title=\"Enlace Permanente a \u201cSu presencia nos alienta\u201d: Gabino a Pe\u00f1a; presidente visita Oaxaca por primera vez\" href=\"http:\/\/www.eloriente.net\/home\/2015\/01\/02\/su-presencia-nos-alienta-gabino-a-pena-presidente-visita-oaxaca-por-primera-vez\/\" rel=\"bookmark\">\u201cSu presencia nos alienta\u201d: Gabino a Pe\u00f1a; presidente visita Oaxaca por primera vez<\/a><\/h2>\n<p><a href=\"http:\/\/www.eloriente.net\/home\/2015\/01\/02\/su-presencia-nos-alienta-gabino-a-pena-presidente-visita-oaxaca-por-primera-vez\/\" rel=\"bookmark\"><img decoding=\"async\" class=\"alignleft\" title=\"\u201cSu presencia nos alienta\u201d: Gabino a Pe\u00f1a; presidente visita Oaxaca por primera vez\" src=\"http:\/\/www.eloriente.net\/home\/wp-content\/themes\/city-desk\/timthumb.php?src=http%3A%2F%2Fwww.eloriente.net%2Fhome%2Fwp-content%2Fuploads%2F2015%2F01%2FEPN-en-Salina-cruz.png&amp;q=90&amp;w=160&amp;h=106&amp;zc=1\" alt=\"\u201cSu presencia nos alienta\u201d: Gabino a Pe\u00f1a; presidente visita Oaxaca por primera vez\" \/><\/a>(www.eloriente.net, M\u00e9xico, 2 de enero de 2014).- Contra todo pron\u00f3stico, Enrique Pe\u00f1a Nieto, presidente de M\u00e9xico, tard\u00f3 un poco m\u00e1s de dos a\u00f1os en realizar su primera visita de trabajo en el estado de Oaxaca, el quinto m\u00e1s extenso en superficie del pa\u00eds y que durante muchos a\u00f1os, hasta el a\u00f1o 2010, hab\u00eda sido gobernado [\u2026]<\/p>\n<p class=\"postmeta\"><span class=\"meta_date\">enero 2, 2015<\/span><\/p>\n<\/div>\n<div id=\"post-34258\" class=\"post-34258 post type-post status-publish format-standard has-post-thumbnail hentry category-comunicados-y-boletines category-educacion-y-cultura category-entradas category-lo-mas-reciente category-oaxaca-estados category-principal category-universidades tag-congreso-internacional tag-derecho-procesal-penal tag-uabjo entry loop-default border_bottom_30\">\n<h2 class=\"entry_title\"><a title=\"Enlace Permanente a Congreso Internacional de Derecho Procesal Penal en la UABJO\" href=\"http:\/\/www.eloriente.net\/home\/2014\/11\/27\/congreso-internacional-de-derecho-procesal-penal-en-la-uabjo\/\" rel=\"bookmark\">Congreso Internacional de Derecho Procesal Penal en la UABJO<\/a><\/h2>\n<p><a href=\"http:\/\/www.eloriente.net\/home\/2014\/11\/27\/congreso-internacional-de-derecho-procesal-penal-en-la-uabjo\/\" rel=\"bookmark\"><img decoding=\"async\" class=\"alignleft\" title=\"Congreso Internacional de Derecho Procesal Penal en la UABJO\" src=\"http:\/\/www.eloriente.net\/home\/wp-content\/themes\/city-desk\/timthumb.php?src=http%3A%2F%2Fwww.eloriente.net%2Fhome%2Fwp-content%2Fuploads%2F2014%2F11%2F27.jpg&amp;q=90&amp;w=160&amp;h=106&amp;zc=1\" alt=\"Congreso Internacional de Derecho Procesal Penal en la UABJO\" \/><\/a>(www.eloriente.net\/UABJO, M\u00e9xico, 27 de noviembre\/2014).-\u00a0Con la finalidad de establecer espacios de discusi\u00f3n acad\u00e9mica y profesional en torno a las experiencias que se han suscitado en Latinoam\u00e9rica y el mundo sobre el nuevo sistema penal, la Facultad de Derecho y Ciencias Sociales de la Universidad Aut\u00f3noma \u201cBenito Ju\u00e1rez\u201d de Oaxaca (FDyCS UABJO), organiz\u00f3 el Sexto Congreso [\u2026]<\/p>\n<p class=\"postmeta\"><span class=\"meta_date\">noviembre 27, 2014<\/span><\/p>\n<\/div>\n\n\t\t\t  <div \n\t\t\t  \tclass = \"fb-comments\" \n\t\t\t  \tdata-href = \"http:\/\/www.eloriente.net\/home\/2015\/02\/03\/3feb15-en-vivo-mensaje-del-presidente-pena-nieto-desde-presidencia\/\"\n\t\t\t  \tdata-numposts = \"10\"\n\t\t\t\tdata-colorscheme = \"dark\"\n\t\t\t\tdata-order-by = \"social\"\n\t\t\t\tdata-mobile=true>\n\t\t\t  <\/div>\n\t\t  <style>\n\t\t\t.fb_iframe_widget_fluid_desktop iframe {\n\t\t\t    width: 100% !important;\n\t\t\t}\n\t\t  <\/style>\n\t\t  ","protected":false},"excerpt":{"rendered":"<p>(www.eloriente.net, M\u00e9xico, 3 de febrero de 2015).- Desde temprana hora, Presidencia de la Rep\u00fablica anunci\u00f3 como agenda oficial para este d\u00eda, un mensaje del presidente Enrique Pe\u00f1a Nieto a la naci\u00f3n en punto de las 12 horas. Podr\u00e1s seguir en vivo esta se\u00f1al en ELORIENTE.NET y luego consultar la grabaci\u00f3n \u00edntegra a continuaci\u00f3n: &nbsp; OTRAS [&hellip;]<\/p>\n","protected":false},"author":1,"featured_media":3231,"comment_status":"open","ping_status":"open","sticky":false,"template":"","format":"standard","meta":{"_jetpack_memberships_contains_paid_content":false,"footnotes":""},"categories":[4,49,32,24,21],"tags":[3305,2556,3306,610],"class_list":["post-35166","post","type-post","status-publish","format-standard","has-post-thumbnail","hentry","category-canal-2-en-vivo","category-destacadas","category-entradas","category-mexico-y-el-mundo","category-politica-y-gobierno","tag-enrique-pena","tag-enrique-pena-nieto","tag-mensaje-oficial","tag-presidencia"],"jetpack_featured_media_url":"http:\/\/www.eloriente.net\/home\/wp-content\/uploads\/2012\/09\/pe\u00f1a-nieto.jpeg","jetpack_sharing_enabled":true,"_links":{"self":[{"href":"http:\/\/www.eloriente.net\/home\/wp-json\/wp\/v2\/posts\/35166"}],"collection":[{"href":"http:\/\/www.eloriente.net\/home\/wp-json\/wp\/v2\/posts"}],"about":[{"href":"http:\/\/www.eloriente.net\/home\/wp-json\/wp\/v2\/types\/post"}],"author":[{"embeddable":true,"href":"http:\/\/www.eloriente.net\/home\/wp-json\/wp\/v2\/users\/1"}],"replies":[{"embeddable":true,"href":"http:\/\/www.eloriente.net\/home\/wp-json\/wp\/v2\/comments?post=35166"}],"version-history":[{"count":1,"href":"http:\/\/www.eloriente.net\/home\/wp-json\/wp\/v2\/posts\/35166\/revisions"}],"predecessor-version":[{"id":35167,"href":"http:\/\/www.eloriente.net\/home\/wp-json\/wp\/v2\/posts\/35166\/revisions\/35167"}],"wp:featuredmedia":[{"embeddable":true,"href":"http:\/\/www.eloriente.net\/home\/wp-json\/wp\/v2\/media\/3231"}],"wp:attachment":[{"href":"http:\/\/www.eloriente.net\/home\/wp-json\/wp\/v2\/media?parent=35166"}],"wp:term":[{"taxonomy":"category","embeddable":true,"href":"http:\/\/www.eloriente.net\/home\/wp-json\/wp\/v2\/categories?post=35166"},{"taxonomy":"post_tag","embeddable":true,"href":"http:\/\/www.eloriente.net\/home\/wp-json\/wp\/v2\/tags?post=35166"}],"curies":[{"name":"wp","href":"https:\/\/api.w.org\/{rel}","templated":true}]}}