{"id":35175,"date":"2015-02-04T13:57:55","date_gmt":"2015-02-04T19:57:55","guid":{"rendered":"http:\/\/www.eloriente.net\/home\/?p=35175"},"modified":"2015-02-04T13:57:55","modified_gmt":"2015-02-04T19:57:55","slug":"una-controversia-entre-derechos-humanos-y-neoliberalismo-el-nuevo-proyecto-de-epn","status":"publish","type":"post","link":"http:\/\/www.eloriente.net\/home\/2015\/02\/04\/una-controversia-entre-derechos-humanos-y-neoliberalismo-el-nuevo-proyecto-de-epn\/","title":{"rendered":"Una controversia entre Derechos Humanos y Neoliberalismo: el nuevo proyecto de EPN"},"content":{"rendered":"<p>eloriente.net<\/p>\n<p>4 de febrero de 2015<\/p>\n<p style=\"text-align: right;\">Por: Yessica Vega Terraza*<\/p>\n<p style=\"text-align: right;\"><em>\u201cNada hay m\u00e1s peligroso que considerar iguales ante la ley a quienes no lo son por su situaci\u00f3n social y econ\u00f3mica [&#8230;] de aqu\u00ed el fundamental error del liberalismo al dictar leyes limitativas y no leyes protectoras\u201d<\/em><\/p>\n<p style=\"text-align: right;\"><em>\u00a0\u00a0\u00a0\u00a0\u00a0\u00a0\u00a0\u00a0\u00a0\u00a0\u00a0\u00a0\u00a0\u00a0\u00a0\u00a0\u00a0\u00a0\u00a0\u00a0\u00a0\u00a0\u00a0\u00a0\u00a0\u00a0\u00a0\u00a0\u00a0\u00a0\u00a0\u00a0\u00a0\u00a0\u00a0\u00a0\u00a0\u00a0\u00a0\u00a0\u00a0\u00a0\u00a0\u00a0\u00a0\u00a0\u00a0\u00a0\u00a0\u00a0\u00a0\u00a0\u00a0\u00a0\u00a0\u00a0\u00a0\u00a0\u00a0\u00a0 Alfonso Caso<\/em><\/p>\n<p>En el contexto de unas de las mayores crisis durante el periodo de gobierno de Enrique Pe\u00f1a Nieto, el mandatario present\u00f3 un nuevo proyecto en el que hac\u00eda especial \u00e9nfasis a la urgente necesidad de un desarrollo industrial ausente hasta ahora en las regiones m\u00e1s atrasadas del pa\u00eds, siendo los estados de Guerrero, Chiapas y Michoac\u00e1n a los que hizo referencia en su discurso.<\/p>\n<p>En los medios comienza a sonar con fuerza, lo que a\u00fan se mantiene como enigma para un an\u00e1lisis profundo, el concepto de \u201cZonas Econ\u00f3micas Especiales\u201d. En otros pa\u00edses este modelo funciona como un territorio dentro del pa\u00eds que deja de funcionar bajo las leyes fiscales y laborales del mismo, esta delimitada circunscripci\u00f3n se abre a las empresas del extranjero y les proporciona su establecimiento cerca de los recursos, lo cual reduce los costos de su materia prima y si el pa\u00eds se encuentra en un \u00e1rea geogr\u00e1ficamente estrat\u00e9gica, les ofrece igualmente una reducci\u00f3n en el coste de la exportaci\u00f3n de sus productos.<\/p>\n<p>Para entender este discurso en esencia neoliberal y de ah\u00ed partir hacia un entendimiento de la situaci\u00f3n de los derechos humanos en este contexto, es importante empezar por la cuesti\u00f3n de \u00bfqu\u00e9 es el neoliberalismo? y \u00bfc\u00f3mo \u00e9ste penetra en el contexto nacional? El neoliberalismo parte de una corriente ideol\u00f3gica liberal que, en principio, plantea limitar las regulaciones del Estado para que los individuos \u201clibres e iguales\u201d se inserten en una din\u00e1mica de \u201cjusta\u201d competencia, que generar\u00e1 mayor productividad y calidad en los productos del mercado. Alfonso Caso en su momento hac\u00eda referencia a la desigualdad social y econ\u00f3mica que exist\u00eda entre los pueblos indios y los grandes capitales nacionales, as\u00ed como el riesgo tan grande que comprend\u00eda el hecho de que el Estado quitara sus regulaciones econ\u00f3micas para que estos dos actores compitieran. Esto es s\u00f3lo el testimonio de la primera fase de lo que actualmente-desde hace 32 a\u00f1os-estamos viviendo con el neoliberalismo, en donde ahora no solo se nos arroja a competir con los grandes capitales nacionales, sino con las grandes empresas trasnacionales del mundo dotadas de un marco legal que les favorece frente a los ciudadanos comunes.<\/p>\n<p>Haciendo una interpretaci\u00f3n, lo que Enrique Pe\u00f1a Nieto expres\u00f3 en su prop\u00f3sito fue que a pesar de la deuda hist\u00f3rica que implican la ola de cr\u00edmenes que azotan gran parte del territorio mexicano y la imagen que mancha al pa\u00eds ante organizaciones internacionales que buscan proteger los derechos humanos, los esfuerzos de su gobierno no se centraran a la reparaci\u00f3n integral de la violencia sistem\u00e1tica que desde los a\u00f1os setenta se viene ejerciendo sobre la poblaci\u00f3n mexicana, especialmente al sur del pa\u00eds. En cambio, el mandatario pretende crear \u201czonas econ\u00f3micas especiales\u201d que abran este territorio a la inversi\u00f3n y al desarrollo.<\/p>\n<p>En Guerrero, Chiapas y Michoac\u00e1n el presidente planea construir un sector econ\u00f3mico, protegido por un marco regulatorio e incentivos especiales que contemplan: \u201cinfraestructura moderna, condiciones de seguridad, financiamiento preferencial de la banca de desarrollo, facilidades adicionales para el comercio exterior as\u00ed como importantes descuentos en los impuestos y contribuciones al instituto mexicano de seguridad social y al Infonavit \u201c. Aqu\u00ed la cuesti\u00f3n es \u00bfen qu\u00e9 momento la crisis social en M\u00e9xico pas\u00f3 a legitimar la voraz entrada de las empresas extranjeras a la regi\u00f3n del sur del pa\u00eds?<\/p>\n<p>\u00bfEste modelo es positivo o negativo? Todo depende, claro est\u00e1, de a quien se le pregunte, porque ser\u00eda extra\u00f1o que a las empresas transnacionales algo de esto les molestara. Sin embargo, partiendo que vivimos en un pa\u00eds que encuentra entre sus principales problem\u00e1ticas la desigualdad, este proyecto no tiene cabida, en tanto que aumenta dicha desigualdad y lo hace a costa de nuestros Derechos Humanos, los laborales y medioambientales por decir algunos de los m\u00e1s visiblemente amenazados.<\/p>\n<p>Nuestros Derechos fundamentales no pueden ser antecedidos en importancia por intereses econ\u00f3micos y proteger a las empresas no es equivalente a la protecci\u00f3n ofrecida a la poblaci\u00f3n. Actualmente se requiere que al igual que a las empresas se les dota de \u201cun marco regulatorio\u201d, al resto de la ciudadan\u00eda tambi\u00e9n se le respete y proteja con la regulaci\u00f3n necesaria de sus derechos, puesto que en este programa no se plantea un proyecto de este car\u00e1cter.<\/p>\n<p>\u201cLa paz se construye con desarrollo\u201d afirma Enrique Pe\u00f1a Nieto en justificando su nuevo modelo, sin embargo, la paz y los Derechos humanos son un proyecto en s\u00ed mismo y como poblaci\u00f3n no debemos esperar que nuestras necesidades m\u00e1s fundamentales nos lleguen a manera de cuentagotas despu\u00e9s de que los grandes capitalistas hagan sus negocios.<\/p>\n<p>La supuesta \u201cno intromisi\u00f3n\u201d del Estado en la econom\u00eda que pregona el neoliberalismo, en este discurso, se puede ver que es una ficci\u00f3n. Actualmente, en nuestro pa\u00eds el neoliberalismo funciona \u00fanicamente eliminando sus regulaciones en materia de seguridad social mientras que a las empresas les crean un para\u00edso de facilidades que sostienen su enriquecimiento desmedido. Este es el \u201cneoliberalismo real\u201d que no est\u00e1 funcionando en nuestro pa\u00eds y que es antag\u00f3nico a los principios de derechos humanos.<\/p>\n<p><a href=\"http:\/\/www.eloriente.net\/home\/wp-content\/uploads\/2015\/02\/Escuela-Rebelde-Autonoma-Zapatista-cc-mr-theklan.jpg\"><img loading=\"lazy\" decoding=\"async\" class=\"alignnone size-medium wp-image-35176\" src=\"http:\/\/www.eloriente.net\/home\/wp-content\/uploads\/2015\/02\/Escuela-Rebelde-Autonoma-Zapatista-cc-mr-theklan-300x200.jpg\" alt=\"Escuela Rebelde Autonoma Zapatista cc mr theklan\" width=\"300\" height=\"200\" srcset=\"http:\/\/www.eloriente.net\/home\/wp-content\/uploads\/2015\/02\/Escuela-Rebelde-Autonoma-Zapatista-cc-mr-theklan-300x200.jpg 300w, http:\/\/www.eloriente.net\/home\/wp-content\/uploads\/2015\/02\/Escuela-Rebelde-Autonoma-Zapatista-cc-mr-theklan.jpg 1024w\" sizes=\"(max-width: 300px) 100vw, 300px\" \/><\/a><\/p>\n<p>Imagen:<a class=\"owner-name truncate\" title=\"Ir a la galer\u00eda de Mr. Theklan\" href=\"http:\/\/www.flickr.com\/photos\/theklan\/\" data-track=\"attributionNameClick\" data-rapid_p=\"24\">Mr. Theklan<\/a><\/p>\n<p>&nbsp;<\/p>\n<p>*La autora estudia la licenciatura en Derechos Humanos y Gesti\u00f3n de Paz en la Universidad del Claustro de Sor Juana donde, entre otras cosas, fue responsable de organizar el Coloquio de Derechos Humanos y Neoliberalismo.<\/p>\n<p>&nbsp;<\/p>\n<p><strong>OTRAS ENTRADAS:<\/strong><\/p>\n<div id=\"post-35102\" class=\"post-35102 post type-post status-publish format-standard has-post-thumbnail hentry category-derechos-humanos category-destacadas category-entradas category-estados category-municipios category-oaxaca-estados category-politica-y-gobierno tag-arturo-peimbert tag-ciudadanos tag-ddhpo tag-derechos-humanos-2 tag-recomendaciones entry loop-default border_bottom_30\">\n<h2 class=\"entry_title\"><a title=\"Enlace Permanente a 6 de 15 recomendaciones de Defensor\u00eda Derechos Humanos no tienen respuesta; aqu\u00ed recuento\" href=\"http:\/\/www.eloriente.net\/home\/2015\/01\/27\/6-de-15-recomendaciones-de-defensoria-derechos-humanos-no-tienen-respuesta-aqui-recuento\/\" rel=\"bookmark\">6 de 15 recomendaciones de Defensor\u00eda Derechos Humanos no tienen respuesta; aqu\u00ed recuento<\/a><\/h2>\n<p><a href=\"http:\/\/www.eloriente.net\/home\/2015\/01\/27\/6-de-15-recomendaciones-de-defensoria-derechos-humanos-no-tienen-respuesta-aqui-recuento\/\" rel=\"bookmark\"><img decoding=\"async\" class=\"alignleft\" title=\"6 de 15 recomendaciones de Defensor\u00eda Derechos Humanos no tienen respuesta; aqu\u00ed recuento\" src=\"http:\/\/www.eloriente.net\/home\/wp-content\/themes\/city-desk\/timthumb.php?src=http%3A%2F%2Fwww.eloriente.net%2Fhome%2Fwp-content%2Fuploads%2F2015%2F01%2F%40DDHPO.jpg&amp;q=90&amp;w=160&amp;h=106&amp;zc=1\" alt=\"6 de 15 recomendaciones de Defensor\u00eda Derechos Humanos no tienen respuesta; aqu\u00ed recuento\" \/><\/a>\u00a0 eloriente.net\/DDHPO 27 de enero de 2015 El titular de la Defensor\u00eda de los Derechos Humanos del Pueblo de Oaxaca, Arturo Peimbert Calvo, dio a conocer durante la sesi\u00f3n p\u00fablica del Consejo Ciudadano de ese organismo, celebrada este martes, la lista de recomendaciones emitidas durante 2014 y la respuesta que las autoridades involucradas han dado [\u2026]<\/p>\n<p class=\"postmeta\"><span class=\"meta_date\">enero 27, 2015<\/span><\/p>\n<\/div>\n<div id=\"post-33978\" class=\"post-33978 post type-post status-publish format-standard has-post-thumbnail hentry category-canal-4-especiales category-derechos-humanos category-entradas category-lo-mas-reciente category-oaxaca-estados tag-alejandra-silva-soriano-2 tag-derechos-humanos-2 tag-juventud tag-perfiles entry loop-default border_bottom_30\">\n<h2 class=\"entry_title\"><a title=\"Enlace Permanente a Alejandra Silva Soriano: De juventud y derechos humanos\" href=\"http:\/\/www.eloriente.net\/home\/2014\/11\/16\/alejandra-silva-soriano-de-juventud-y-derechos-humanos\/\" rel=\"bookmark\">Alejandra Silva Soriano: De juventud y derechos humanos<\/a><\/h2>\n<p><a href=\"http:\/\/www.eloriente.net\/home\/2014\/11\/16\/alejandra-silva-soriano-de-juventud-y-derechos-humanos\/\" rel=\"bookmark\"><img decoding=\"async\" class=\"alignleft\" title=\"Alejandra Silva Soriano: De juventud y derechos humanos\" src=\"http:\/\/www.eloriente.net\/home\/wp-content\/themes\/city-desk\/timthumb.php?src=http%3A%2F%2Fwww.eloriente.net%2Fhome%2Fwp-content%2Fuploads%2F2014%2F11%2FALEJANDRA-SILVA-SORIANO.jpg&amp;q=90&amp;w=160&amp;h=106&amp;zc=1\" alt=\"Alejandra Silva Soriano: De juventud y derechos humanos\" \/><\/a>eloriente.net 16\/noviembre\/2014 A sus 24 a\u00f1os, Alejandra Silva Soriano preside la asociaci\u00f3n Una Luz M\u00e1s en Oaxaca, que tiene como objetivo velar por los derechos humanos y la inclusi\u00f3n social de las personas con discapacidad. Es adem\u00e1s Secretaria T\u00e9cnica del Consejo Ciudadano de Seguimiento de Pol\u00edticas P\u00fablicas en materia de Juventud a nivel nacional, coordinado [\u2026]<\/p>\n<p class=\"postmeta\"><span class=\"meta_date\">noviembre 16, 2014<\/span><\/p>\n<\/div>\n<div id=\"post-33368\" class=\"post-33368 post type-post status-publish format-standard has-post-thumbnail hentry category-comunicados-y-boletines category-congreso-y-justicia category-derechos-humanos category-entradas category-lo-mas-reciente category-oaxaca-estados tag-pjeo tag-tsj entry loop-default border_bottom_30\">\n<h2 class=\"entry_title\"><a title=\"Enlace Permanente a \u201cOn-line\u201d los Derechos Humanos en Oaxaca\" href=\"http:\/\/www.eloriente.net\/home\/2014\/10\/21\/on-line-los-derechos-humanos-en-oaxaca\/\" rel=\"bookmark\">\u201cOn-line\u201d los Derechos Humanos en Oaxaca<\/a><\/h2>\n<p><a href=\"http:\/\/www.eloriente.net\/home\/2014\/10\/21\/on-line-los-derechos-humanos-en-oaxaca\/\" rel=\"bookmark\"><img decoding=\"async\" class=\"alignleft\" title=\"\u201cOn-line\u201d los Derechos Humanos en Oaxaca\" src=\"http:\/\/www.eloriente.net\/home\/wp-content\/themes\/city-desk\/timthumb.php?src=http%3A%2F%2Fwww.eloriente.net%2Fhome%2Fwp-content%2Fuploads%2F2014%2F10%2Fp%C3%A1ginawebdh.jpg&amp;q=90&amp;w=160&amp;h=106&amp;zc=1\" alt=\"\u201cOn-line\u201d los Derechos Humanos en Oaxaca\" \/><\/a>eloriente.net \/ Tribunal Superior de Justicia 21\/octubre\/2014 \u201cLos Derechos Humanos son el conjunto de prerrogativas inherentes a la naturaleza de la persona, cuya realizaci\u00f3n efectiva resulta indispensable para el desarrollo integral del individuo que vive en una sociedad jur\u00eddicamente organizada. Estos derechos, establecidos en la Constituci\u00f3n y en las leyes, deben ser reconocidos y garantizados [\u2026]<\/p>\n<p class=\"postmeta\"><span class=\"meta_date\">octubre 21, 2014<\/span><\/p>\n<\/div>\n<p>&nbsp;<\/p>\n\n\t\t\t  <div \n\t\t\t  \tclass = \"fb-comments\" \n\t\t\t  \tdata-href = \"http:\/\/www.eloriente.net\/home\/2015\/02\/04\/una-controversia-entre-derechos-humanos-y-neoliberalismo-el-nuevo-proyecto-de-epn\/\"\n\t\t\t  \tdata-numposts = \"10\"\n\t\t\t\tdata-colorscheme = \"dark\"\n\t\t\t\tdata-order-by = \"social\"\n\t\t\t\tdata-mobile=true>\n\t\t\t  <\/div>\n\t\t  <style>\n\t\t\t.fb_iframe_widget_fluid_desktop iframe {\n\t\t\t    width: 100% !important;\n\t\t\t}\n\t\t  <\/style>\n\t\t  ","protected":false},"excerpt":{"rendered":"<p>eloriente.net 4 de febrero de 2015 Por: Yessica Vega Terraza* \u201cNada hay m\u00e1s peligroso que considerar iguales ante la ley a quienes no lo son por su situaci\u00f3n social y econ\u00f3mica [&#8230;] de aqu\u00ed el fundamental error del liberalismo al dictar leyes limitativas y no leyes protectoras\u201d \u00a0\u00a0\u00a0\u00a0\u00a0\u00a0\u00a0\u00a0\u00a0\u00a0\u00a0\u00a0\u00a0\u00a0\u00a0\u00a0\u00a0\u00a0\u00a0\u00a0\u00a0\u00a0\u00a0\u00a0\u00a0\u00a0\u00a0\u00a0\u00a0\u00a0\u00a0\u00a0\u00a0\u00a0\u00a0\u00a0\u00a0\u00a0\u00a0\u00a0\u00a0\u00a0\u00a0\u00a0\u00a0\u00a0\u00a0\u00a0\u00a0\u00a0\u00a0\u00a0\u00a0\u00a0\u00a0\u00a0\u00a0\u00a0\u00a0\u00a0 Alfonso Caso En el contexto de unas [&hellip;]<\/p>\n","protected":false},"author":1,"featured_media":35176,"comment_status":"open","ping_status":"open","sticky":false,"template":"","format":"standard","meta":{"_jetpack_memberships_contains_paid_content":false,"footnotes":""},"categories":[624,91,22,32,24,21],"tags":[217,758,289,654,231],"class_list":["post-35175","post","type-post","status-publish","format-standard","has-post-thumbnail","hentry","category-articulistas","category-congreso-y-justicia","category-derechos-humanos","category-entradas","category-mexico-y-el-mundo","category-politica-y-gobierno","tag-derechos-humanos-2","tag-epn","tag-igualdad","tag-neoliberalismo","tag-politica"],"jetpack_featured_media_url":"http:\/\/www.eloriente.net\/home\/wp-content\/uploads\/2015\/02\/Escuela-Rebelde-Autonoma-Zapatista-cc-mr-theklan.jpg","jetpack_sharing_enabled":true,"_links":{"self":[{"href":"http:\/\/www.eloriente.net\/home\/wp-json\/wp\/v2\/posts\/35175"}],"collection":[{"href":"http:\/\/www.eloriente.net\/home\/wp-json\/wp\/v2\/posts"}],"about":[{"href":"http:\/\/www.eloriente.net\/home\/wp-json\/wp\/v2\/types\/post"}],"author":[{"embeddable":true,"href":"http:\/\/www.eloriente.net\/home\/wp-json\/wp\/v2\/users\/1"}],"replies":[{"embeddable":true,"href":"http:\/\/www.eloriente.net\/home\/wp-json\/wp\/v2\/comments?post=35175"}],"version-history":[{"count":1,"href":"http:\/\/www.eloriente.net\/home\/wp-json\/wp\/v2\/posts\/35175\/revisions"}],"predecessor-version":[{"id":35177,"href":"http:\/\/www.eloriente.net\/home\/wp-json\/wp\/v2\/posts\/35175\/revisions\/35177"}],"wp:featuredmedia":[{"embeddable":true,"href":"http:\/\/www.eloriente.net\/home\/wp-json\/wp\/v2\/media\/35176"}],"wp:attachment":[{"href":"http:\/\/www.eloriente.net\/home\/wp-json\/wp\/v2\/media?parent=35175"}],"wp:term":[{"taxonomy":"category","embeddable":true,"href":"http:\/\/www.eloriente.net\/home\/wp-json\/wp\/v2\/categories?post=35175"},{"taxonomy":"post_tag","embeddable":true,"href":"http:\/\/www.eloriente.net\/home\/wp-json\/wp\/v2\/tags?post=35175"}],"curies":[{"name":"wp","href":"https:\/\/api.w.org\/{rel}","templated":true}]}}