{"id":35255,"date":"2015-02-08T00:30:27","date_gmt":"2015-02-08T06:30:27","guid":{"rendered":"http:\/\/www.eloriente.net\/home\/?p=35255"},"modified":"2015-02-08T11:13:20","modified_gmt":"2015-02-08T17:13:20","slug":"pueblos-originarios-y-agua-en-oaxaca","status":"publish","type":"post","link":"http:\/\/www.eloriente.net\/home\/2015\/02\/08\/pueblos-originarios-y-agua-en-oaxaca\/","title":{"rendered":"Pueblos originarios y agua en Oaxaca"},"content":{"rendered":"<p style=\"text-align: right;\"><em>Como una flor nos iremos secando<\/em><\/p>\n<p style=\"text-align: right;\"><em>Aqu\u00ed sobre la tierra<\/em><\/p>\n<p style=\"text-align: right;\"><em>Nezahuac\u00f3yotl<\/em><\/p>\n<p style=\"text-align: left;\">(<a href=\"http:\/\/www.eloriente.net\/home\/\" target=\"_blank\">www.eloriente.net<\/a>, M\u00e9xico, 8 de Febrero, por Juan Jos\u00e9 Consejo).-\u00a0En un pa\u00eds megadiverso como es M\u00e9xico, Oaxaca es probablemente el estado con mayor riqueza biol\u00f3gica y \u00e9tnica. En la entidad se ha dado una larga relaci\u00f3n, de al menos doce mil a\u00f1os, entre los grupos humanos y su entorno. En esta relaci\u00f3n el agua ha tenido siempre un lugar central. Podemos ver el ejemplo de la Cuenca del R\u00edo verde Atoyac, de la que hemos hablado en otras ocasiones, pues en ella desarrollamos la iniciativa de <em>Un plan com\u00fan para un bien com\u00fan.<\/em><\/p>\n<p>La cuenca abarca una gran extensi\u00f3n, casi la quinta parte del estado, y va desde los Valles Centrales y la Mixteca hasta la Sierra sur y la Costa. Este gran espacio que comparte el agua es asiento de seis grupos etnolingu\u00edsticos, adem\u00e1s de poblaciones afroamericanas en la costa, como se ilustra en el mapa.<\/p>\n<p>&nbsp;<\/p>\n<p style=\"text-align: center;\"><a href=\"http:\/\/www.eloriente.net\/home\/wp-content\/uploads\/2015\/02\/Foto-Juan-Jos\u00e9.jpg\"><img loading=\"lazy\" decoding=\"async\" class=\"alignnone size-medium wp-image-35256\" src=\"http:\/\/www.eloriente.net\/home\/wp-content\/uploads\/2015\/02\/Foto-Juan-Jos\u00e9-300x231.jpg\" alt=\"Foto Juan Jos\u00e9\" width=\"300\" height=\"231\" srcset=\"http:\/\/www.eloriente.net\/home\/wp-content\/uploads\/2015\/02\/Foto-Juan-Jos\u00e9-300x231.jpg 300w, http:\/\/www.eloriente.net\/home\/wp-content\/uploads\/2015\/02\/Foto-Juan-Jos\u00e9-1024x791.jpg 1024w\" sizes=\"(max-width: 300px) 100vw, 300px\" \/><\/a><\/p>\n<p>&nbsp;<\/p>\n<p>En la cuenca se ha dado una larga relaci\u00f3n entre el territorio, el agua y la gente. Los Valles Centrales han estado habitados desde hace m\u00e1s de 10 mil a\u00f1os. Las primeras especies de plantas domesticadas tienen unos ocho mil a\u00f1os. Alrededor de 1000 a 900 a. C. se desarrollaron sociedades complejas en los Valles Centrales y en el Valle de Nochixtl\u00e1n, que intensificaron la agricultura. Hoy d\u00eda, En el sentido expresado por Eckart Boege, una parte muy importante del patrimonio biocultural de los pueblos originarios est\u00e1 en estrecha relaci\u00f3n con el agua, y en general las zonas de recarga de agua, que son por ejemplo las \u00e1reas boscosas de las monta\u00f1as, corresponden a territorios ind\u00edgenas. Esto se refleja en el patron de tenencia de la tierra: m\u00e1s de 80% de la extension total de la Cuenca est\u00e1 bajo el regimen communal o ejidal. El bagaje cultural de los pueblos que han habitado la cuenca, incluyendo valores tradicionales como el respeto al agua y el tequio, se mantiene en buena parte, y parece haber no s\u00f3lo una correlaci\u00f3n positiva entre los territorios ind\u00edgenas y los sitios con vegetaci\u00f3n original, sino que el car\u00e1cter sagrado que se suele asignarse a mantiales y otras fuentes de agua representa todav\u00eda un mecanismo muy efectivo de protecci\u00f3n.<\/p>\n<p>Desafortunadamente esta riqueza natural y social se ha visto amenazada, especialmente en los \u00faltimos treinta o cuarenta a\u00f1os, por serios y acelerados procesos de transformaci\u00f3n y deterioro, en particular los cambios de uso del suelo que implican deforestaci\u00f3n y erosi\u00f3n consiguiente, el r\u00e1pido crecimiento poblacional, y la desintegraci\u00f3n social y productiva de los pueblos que se ubican en ella, entre otras razones como consecuencia de la migraci\u00f3n a las ciudades y fuera del estado. No s\u00f3lo se trata del aumento en s\u00ed, sino de la tendencia asociada de concentraci\u00f3n poblacional, abandono del campo y cambios en las formas de vida y las percepciones de la gente.<\/p>\n<p>Esto es especialmente dram\u00e1tico en los Valles Centrales, donde la zona conurbada\u00a0 ya casi concentra a la mitad a habitantes de la cuenca.<\/p>\n<p>La contaminaci\u00f3n apareci\u00f3 de manera consistente como el m\u00e1s grave de los problemas en casi todos los talleres, reuniones regionales, consultas y otros ejercicios de percepci\u00f3n que realizamos durante la elaboraci\u00f3n del plan com\u00fan.\u00a0 Es casi nulo el tratamiento de aguas <em>servidas: <\/em>si bien tenemos al menos 58 plantas de tratamiento, cuya ubicaci\u00f3n se muestra en el mapa, 90 por ciento de ellas no funciona y en general se han convertido en fuentes de contaminaci\u00f3n de las ciudades.<\/p>\n<p>Los sistemas de conocimiento tradicionales van siendo sustituidos por la aplicaci\u00f3n indiscriminada de modos de pensar y producir modernos, como el \u201cpaquete\u201d\u00a0 de la revoluci\u00f3n verde, la producci\u00f3n intensiva de animales, los transg\u00e9nicos y los biocombustibles o el manejo industrial de agua que ilustran las megapresas. Estas, junto con varios megaproyectos de riego y miner\u00eda significan tambi\u00e9n peligros para los pueblos ind\u00edgenas, que muy probablemente se acentuar\u00e1n a consecuencia del cambio clim\u00e1tico.<\/p>\n<p>Finalmente, las modificaciones de la Ley de Aguas Nacionales, que desvinculan para efectos de t\u00edtulos de concesi\u00f3n al agua y los territorios y alientan la privatizaci\u00f3n, representan una amenaza adicional.<\/p>\n<p>Ante la condici\u00f3n cr\u00edtica los pueblos y sus aliados han puesto en marcha muchas estrategias, que incluyen la resistencia cultural y la protesta pac\u00edfica pero alcanzan tambi\u00e9n novedosas formas organizativas y productivas. \u00a0En este aspecto hay que destacar la lucha notable de las comunidades ind\u00edgenas de la parte baja de la cuenca para evita la construcci\u00f3n de la presa de Paso de la Reina. \u00a0Es imprescindible articular estas iniciativas y repensar nuestras percepciones y actitudes. Es absurdo seguir considerando nuestro origen ind\u00edgena, la ruralidad y la dispersi\u00f3n poblacional como problemas o signos de atraso. \u00a0En cambio, tendremos que modificar la manera en que nos relacionamos con el agua y su ciclo. En ello va no s\u00f3lo la sobrevivencia de los pueblos originarios, sino la de\u00a0 la sociedad entera.<\/p>\n<p>*Instituto de la Naturaleza y la Sociedad de Oaxaca, A.C. (INSO)<\/p>\n<p><a href=\"mailto:jjconsejo@hotmail.com\">jjconsejo@hotmail.com<\/a><\/p>\n<p><a href=\"http:\/\/www.eloriente.net\/home\/wp-content\/uploads\/2015\/02\/Presa-Miguel-de-la-Madrid-CC-Luis-Felipe-Balderas-Cruz.jpg\"><img loading=\"lazy\" decoding=\"async\" class=\"alignnone size-medium wp-image-35257\" src=\"http:\/\/www.eloriente.net\/home\/wp-content\/uploads\/2015\/02\/Presa-Miguel-de-la-Madrid-CC-Luis-Felipe-Balderas-Cruz-300x198.jpg\" alt=\"Presa Miguel de la Madrid CC Luis Felipe Balderas Cruz\" width=\"300\" height=\"198\" srcset=\"http:\/\/www.eloriente.net\/home\/wp-content\/uploads\/2015\/02\/Presa-Miguel-de-la-Madrid-CC-Luis-Felipe-Balderas-Cruz-300x198.jpg 300w, http:\/\/www.eloriente.net\/home\/wp-content\/uploads\/2015\/02\/Presa-Miguel-de-la-Madrid-CC-Luis-Felipe-Balderas-Cruz-1024x678.jpg 1024w, http:\/\/www.eloriente.net\/home\/wp-content\/uploads\/2015\/02\/Presa-Miguel-de-la-Madrid-CC-Luis-Felipe-Balderas-Cruz.jpg 2048w\" sizes=\"(max-width: 300px) 100vw, 300px\" \/><\/a><\/p>\n<p>&nbsp;<\/p>\n<p>Foto:\u00a0<a class=\"owner-name truncate\" title=\"Ir a la galer\u00eda de Luis Felipe Balderas Cruz\" href=\"http:\/\/www.flickr.com\/photos\/luisbalderas\/\" data-track=\"attributionNameClick\" data-rapid_p=\"24\">Luis Felipe Balderas Cruz<\/a><\/p>\n<h2 class=\"entry_title\"><a title=\"Enlace Permanente a La ciencia de la ecolog\u00eda\" href=\"http:\/\/www.eloriente.net\/home\/2014\/12\/28\/la-ciencia-de-la-ecologia\/\" rel=\"bookmark\">La ciencia de la ecolog\u00eda<\/a><\/h2>\n<p><a href=\"http:\/\/www.eloriente.net\/home\/2014\/12\/28\/la-ciencia-de-la-ecologia\/\" rel=\"bookmark\"><img decoding=\"async\" class=\"alignleft\" title=\"La ciencia de la ecolog\u00eda\" src=\"http:\/\/www.eloriente.net\/home\/wp-content\/themes\/city-desk\/timthumb.php?src=http%3A%2F%2Fwww.eloriente.net%2Fhome%2Fwp-content%2Fuploads%2F2014%2F11%2FChimalapas.jpg&amp;q=90&amp;w=160&amp;h=106&amp;zc=1\" alt=\"La ciencia de la ecolog\u00eda\" \/><\/a><\/p>\n<p>La ciencia es una estrategia, una manera de atar la verdad\u2026 Luis Eduardo Aute (www.eloriente.net, M\u00e9xico, 28 de diciembre 2014; por Juan Jos\u00e9 Consejo*).- Actualmente, el t\u00e9rmino ecolog\u00eda se usa con al menos tres significados: uno lo hace sin\u00f3nimo de naturaleza (cuando se nos recomienda \u201ccuidar la ecolog\u00eda\u201d, por ejemplo); otro alude a un conjunto [\u2026]<\/p>\n<p>&nbsp;<\/p>\n<p>&nbsp;<\/p>\n<h2 class=\"entry_title\"><a title=\"Enlace Permanente a Energ\u00eda: Notas para el Debate\" href=\"http:\/\/www.eloriente.net\/home\/2015\/02\/02\/energia-notas-para-el-debate\/\" rel=\"bookmark\">Energ\u00eda: Notas para el Debate<\/a><\/h2>\n<p><a href=\"http:\/\/www.eloriente.net\/home\/2015\/02\/02\/energia-notas-para-el-debate\/\" rel=\"bookmark\"><img decoding=\"async\" class=\"alignleft\" title=\"Energ\u00eda: Notas para el Debate\" src=\"http:\/\/www.eloriente.net\/home\/wp-content\/themes\/city-desk\/timthumb.php?src=http%3A%2F%2Fwww.eloriente.net%2Fhome%2Fwp-content%2Fuploads%2F2014%2F11%2FE%C3%B3lica-pt.wikipedia.org_.jpg&amp;q=90&amp;w=160&amp;h=106&amp;zc=1\" alt=\"Energ\u00eda: Notas para el Debate\" \/><\/a><\/p>\n<p>eloriente.net\/INSO 2 de febrero de 2015 Por: Juan Jos\u00e9 Consejo* La energ\u00eda es delicia eterna. William Blake Vientos del pueblo me llevan, vientos del pueblo me arrastran, me esparcen el coraz\u00f3n y me aventan la garganta. Miguel Hern\u00e1ndez De gran actualidad es sin duda el tema energ\u00e9tico. A nivel nacional se discute la llamada reforma [\u2026]<\/p>\n\n\t\t\t  <div \n\t\t\t  \tclass = \"fb-comments\" \n\t\t\t  \tdata-href = \"http:\/\/www.eloriente.net\/home\/2015\/02\/08\/pueblos-originarios-y-agua-en-oaxaca\/\"\n\t\t\t  \tdata-numposts = \"10\"\n\t\t\t\tdata-colorscheme = \"dark\"\n\t\t\t\tdata-order-by = \"social\"\n\t\t\t\tdata-mobile=true>\n\t\t\t  <\/div>\n\t\t  <style>\n\t\t\t.fb_iframe_widget_fluid_desktop iframe {\n\t\t\t    width: 100% !important;\n\t\t\t}\n\t\t  <\/style>\n\t\t  ","protected":false},"excerpt":{"rendered":"<p>Como una flor nos iremos secando Aqu\u00ed sobre la tierra Nezahuac\u00f3yotl (www.eloriente.net, M\u00e9xico, 8 de Febrero, por Juan Jos\u00e9 Consejo).-\u00a0En un pa\u00eds megadiverso como es M\u00e9xico, Oaxaca es probablemente el estado con mayor riqueza biol\u00f3gica y \u00e9tnica. En la entidad se ha dado una larga relaci\u00f3n, de al menos doce mil a\u00f1os, entre los grupos [&hellip;]<\/p>\n","protected":false},"author":35,"featured_media":35257,"comment_status":"open","ping_status":"open","sticky":false,"template":"","format":"standard","meta":{"_jetpack_memberships_contains_paid_content":false,"footnotes":""},"categories":[11,22,32,63,2778,10,20,464,31],"tags":[3326,343,3325,958,73,3327],"class_list":["post-35255","post","type-post","status-publish","format-standard","has-post-thumbnail","hentry","category-colaboradores","category-derechos-humanos","category-entradas","category-estados","category-juan-jose-consejo","category-lo-mas-reciente","category-medio-ambiente","category-oaxaca-estados","category-principal","tag-aguas","tag-cuenca","tag-juan-jose","tag-naturaleza","tag-oaxaca","tag-valles"],"jetpack_featured_media_url":"http:\/\/www.eloriente.net\/home\/wp-content\/uploads\/2015\/02\/Presa-Miguel-de-la-Madrid-CC-Luis-Felipe-Balderas-Cruz.jpg","jetpack_sharing_enabled":true,"_links":{"self":[{"href":"http:\/\/www.eloriente.net\/home\/wp-json\/wp\/v2\/posts\/35255"}],"collection":[{"href":"http:\/\/www.eloriente.net\/home\/wp-json\/wp\/v2\/posts"}],"about":[{"href":"http:\/\/www.eloriente.net\/home\/wp-json\/wp\/v2\/types\/post"}],"author":[{"embeddable":true,"href":"http:\/\/www.eloriente.net\/home\/wp-json\/wp\/v2\/users\/35"}],"replies":[{"embeddable":true,"href":"http:\/\/www.eloriente.net\/home\/wp-json\/wp\/v2\/comments?post=35255"}],"version-history":[{"count":4,"href":"http:\/\/www.eloriente.net\/home\/wp-json\/wp\/v2\/posts\/35255\/revisions"}],"predecessor-version":[{"id":35261,"href":"http:\/\/www.eloriente.net\/home\/wp-json\/wp\/v2\/posts\/35255\/revisions\/35261"}],"wp:featuredmedia":[{"embeddable":true,"href":"http:\/\/www.eloriente.net\/home\/wp-json\/wp\/v2\/media\/35257"}],"wp:attachment":[{"href":"http:\/\/www.eloriente.net\/home\/wp-json\/wp\/v2\/media?parent=35255"}],"wp:term":[{"taxonomy":"category","embeddable":true,"href":"http:\/\/www.eloriente.net\/home\/wp-json\/wp\/v2\/categories?post=35255"},{"taxonomy":"post_tag","embeddable":true,"href":"http:\/\/www.eloriente.net\/home\/wp-json\/wp\/v2\/tags?post=35255"}],"curies":[{"name":"wp","href":"https:\/\/api.w.org\/{rel}","templated":true}]}}