{"id":35465,"date":"2015-02-12T13:36:24","date_gmt":"2015-02-12T19:36:24","guid":{"rendered":"http:\/\/www.eloriente.net\/home\/?p=35465"},"modified":"2015-02-14T14:24:13","modified_gmt":"2015-02-14T20:24:13","slug":"13feb15-830-en-vivo-observaciones-a-mexico-sobre-desaparicion-forzada-desde-onu-ginebra","status":"publish","type":"post","link":"http:\/\/www.eloriente.net\/home\/2015\/02\/12\/13feb15-830-en-vivo-observaciones-a-mexico-sobre-desaparicion-forzada-desde-onu-ginebra\/","title":{"rendered":"13\/Feb\/15 En Vivo: Observaciones a M\u00e9xico sobre Desaparici\u00f3n Forzada, desde ONU Ginebra CANCELADO"},"content":{"rendered":"<p><script src=\"\/\/pagead2.googlesyndication.com\/pagead\/js\/adsbygoogle.js\" async=\"\"><\/script><!-- BANNER ELORIENTE INCRUSTADO NOTAS --> <ins class=\"adsbygoogle\" style=\"display: inline-block; width: 300px; height: 250px;\" data-ad-client=\"ca-pub-1136171134853753\" data-ad-slot=\"7974633627\"><\/ins><script>\/\/ <![CDATA[\n(adsbygoogle = window.adsbygoogle || []).push({});\n\/\/ ]]><\/script><\/p>\n<p><strong>ACTUALIZACI\u00d3N: CANCELADO<\/strong><\/p>\n<p><strong>12 de febrero de 2015, 17:20 hr.:<\/strong><\/p>\n<p>&nbsp;<\/p>\n<p><a href=\"http:\/\/www.eloriente.net\/home\/wp-content\/uploads\/2015\/02\/Cancelado-CINU-ONU.png\"><img loading=\"lazy\" decoding=\"async\" class=\"alignnone  wp-image-35483\" src=\"http:\/\/www.eloriente.net\/home\/wp-content\/uploads\/2015\/02\/Cancelado-CINU-ONU-300x175.png\" alt=\"Cancelado CINU ONU\" width=\"367\" height=\"214\" srcset=\"http:\/\/www.eloriente.net\/home\/wp-content\/uploads\/2015\/02\/Cancelado-CINU-ONU-300x175.png 300w, http:\/\/www.eloriente.net\/home\/wp-content\/uploads\/2015\/02\/Cancelado-CINU-ONU.png 800w\" sizes=\"(max-width: 367px) 100vw, 367px\" \/><\/a><\/p>\n<p>&nbsp;<\/p>\n<p><strong>(www.eloriente.net, M\u00e9xico, 12 de febrero de 2015).-<\/strong> Luego de las sesiones del Comit\u00e9 ONU contra la Desaparici\u00f3n Forzada efectuadas a principios de este mes (2 y 3 de febrero), este viernes 13 se presentar\u00e1n las observaciones finales a M\u00e9xico sobre este importante tema.<\/p>\n<p>La informaci\u00f3n que se producir\u00e1 desde Ginebra, la presenta la oficina del Alto Comisionado de la Organizaci\u00f3n de las Naciones Unidas (ONU) para los Derechos Humanos, en conjunto con el Centro de informaci\u00f3n de esta instancia (CINU), para lo cual el organismo efectuar\u00e1 una videoconferencia a la que se est\u00e1 convocando a miembros de la sociedad civil, periodistas y contrapartes.<\/p>\n<p>La convocatoria a la transmisi\u00f3n es a las 8:30 horas, tiempo de M\u00e9xico y aqu\u00ed ELORIENTE.NET te comparte el enlace correspondiente:<br \/>\n<iframe loading=\"lazy\" style=\"border: 0; outline: 0;\" src=\"http:\/\/cdn.livestream.com\/embed\/cinumexico?layout=4&amp;color=0xed1c24&amp;autoPlay=true&amp;mute=false&amp;iconColorOver=0xffffff&amp;iconColor=0xffd2d5&amp;allowchat=true&amp;height=340&amp;width=560\" width=\"560\" height=\"340\" frameborder=\"0\" scrolling=\"no\"><\/iframe><\/p>\n<div style=\"font-size: 11px; padding-top: 10px; text-align: center; width: 560px;\">Watch <a title=\"live\" href=\"http:\/\/www.livestream.com\/?utm_source=lsplayer&amp;utm_medium=embed&amp;utm_campaign=footerlinks\">live streaming video<\/a> from <a title=\"Watch\" href=\"http:\/\/www.livestream.com\/cinumexico?utm_source=lsplayer&amp;utm_medium=embed&amp;utm_campaign=footerlinks\">cinumexico<\/a> at livestream.com<\/div>\n<p><a href=\"http:\/\/www.eloriente.net\/home\/wp-content\/uploads\/2015\/02\/Ca\u0301mara-Consejo-del-Palacio-de-Naciones-ONU-Ginebra-CC-Luiyo.jpg\"><img loading=\"lazy\" decoding=\"async\" class=\"alignnone size-medium wp-image-35472\" src=\"http:\/\/www.eloriente.net\/home\/wp-content\/uploads\/2015\/02\/Ca\u0301mara-Consejo-del-Palacio-de-Naciones-ONU-Ginebra-CC-Luiyo-300x168.jpg\" alt=\"Ca\u0301mara Consejo del Palacio de Naciones, ONU Ginebra CC Luiyo\" width=\"300\" height=\"168\" srcset=\"http:\/\/www.eloriente.net\/home\/wp-content\/uploads\/2015\/02\/Ca\u0301mara-Consejo-del-Palacio-de-Naciones-ONU-Ginebra-CC-Luiyo-300x168.jpg 300w, http:\/\/www.eloriente.net\/home\/wp-content\/uploads\/2015\/02\/Ca\u0301mara-Consejo-del-Palacio-de-Naciones-ONU-Ginebra-CC-Luiyo-1024x576.jpg 1024w, http:\/\/www.eloriente.net\/home\/wp-content\/uploads\/2015\/02\/Ca\u0301mara-Consejo-del-Palacio-de-Naciones-ONU-Ginebra-CC-Luiyo.jpg 2048w\" sizes=\"(max-width: 300px) 100vw, 300px\" \/><\/a><\/p>\n<p>imagen: <a class=\"owner-name truncate\" title=\"Ir a la galer\u00eda de Luiyo\" href=\"http:\/\/www.flickr.com\/photos\/luiyo\/\" data-rapid_p=\"61\" data-track=\"attributionNameClick\">Luiyo<\/a><\/p>\n<p>&nbsp;<\/p>\n<p><strong>OTRAS ENTRADAS:<\/strong><\/p>\n<div id=\"post-16680\" class=\"post-16680 post type-post status-publish format-standard has-post-thumbnail hentry category-canal-4-especiales category-entradas category-especiales category-mexico-y-el-mundo entry loop-default border_bottom_30\">\n<h2 class=\"entry_title\"><a title=\"Enlace Permanente a Mensaje \u00edntegro de Canciller de M\u00e9xico Jose Antonio Meade en Naciones Unidas\" href=\"http:\/\/www.eloriente.net\/home\/2013\/09\/26\/mensaje-integro-de-canciller-de-mexico-jose-antonio-meade-en-naciones-unidas\/\" rel=\"bookmark\">Mensaje \u00edntegro de Canciller de M\u00e9xico Jose Antonio Meade en Naciones Unidas<\/a><\/h2>\n<p><a href=\"http:\/\/www.eloriente.net\/home\/2013\/09\/26\/mensaje-integro-de-canciller-de-mexico-jose-antonio-meade-en-naciones-unidas\/\" rel=\"bookmark\"><img decoding=\"async\" class=\"alignleft\" title=\"Mensaje \u00edntegro de Canciller de M\u00e9xico Jose Antonio Meade en Naciones Unidas\" src=\"http:\/\/www.eloriente.net\/home\/wp-content\/themes\/city-desk\/timthumb.php?src=http%3A%2F%2Fwww.eloriente.net%2Fhome%2Fwp-content%2Fuploads%2F2013%2F09%2FCaptura-Meade-Kuri-ONU.jpg&amp;q=90&amp;w=160&amp;h=106&amp;zc=1\" alt=\"Mensaje \u00edntegro de Canciller de M\u00e9xico Jose Antonio Meade en Naciones Unidas\" \/><\/a>eloriente.net\/ONU TV 26 de septiembre de 2013 Este d\u00eda, Jos\u00e9 Antonio Meade Kuri Bre\u00f1a represent\u00f3 al Presidente Pe\u00f1a Nieto en la sesi\u00f3n plenaria de la Organizaci\u00f3n de Naciones Unidas. Por su trascendencia diplom\u00e1tica, ELORIENTE.NET deja el testimonio de esta intervenci\u00f3n. En un primer momento, Kuri da la bienvenida a la intenci\u00f3n de celebrar en 2014 [\u2026]<\/p>\n<p class=\"postmeta\"><span class=\"meta_date\">septiembre 26, 2013<\/span><\/p>\n<\/div>\n<div id=\"post-335\" class=\"post-335 post type-post status-publish format-standard has-post-thumbnail hentry category-canal-2-en-vivo category-entradas category-mexico-y-el-mundo entry loop-default border_bottom_30\">\n<h2 class=\"entry_title\"><a title=\"Enlace Permanente a En Vivo: Centro de Naciones Unidas para M\u00e9xico, Cuba y Rep. Dominicana\" href=\"http:\/\/www.eloriente.net\/home\/2012\/07\/02\/en-vivo-centro-de-naciones-unidas-para-mexico-cuba-y-rep-dominicana\/\" rel=\"bookmark\">En Vivo: Centro de Naciones Unidas para M\u00e9xico, Cuba y Rep. Dominicana<\/a><\/h2>\n<p><a href=\"http:\/\/www.eloriente.net\/home\/2012\/07\/02\/en-vivo-centro-de-naciones-unidas-para-mexico-cuba-y-rep-dominicana\/\" rel=\"bookmark\"><img decoding=\"async\" class=\"alignleft\" title=\"En Vivo: Centro de Naciones Unidas para M\u00e9xico, Cuba y Rep. Dominicana\" src=\"http:\/\/www.eloriente.net\/home\/wp-content\/themes\/city-desk\/timthumb.php?src=http%3A%2F%2Fwww.eloriente.net%2Fhome%2Fwp-content%2Fuploads%2F2012%2F07%2Fcanal-naciones-unidas.png&amp;q=90&amp;w=160&amp;h=106&amp;zc=1\" alt=\"En Vivo: Centro de Naciones Unidas para M\u00e9xico, Cuba y Rep. Dominicana\" \/><\/a>eloriente.net \/ CINU M\u00e9xico Permanente El Centro de Informaci\u00f3n de las Naciones Unidas para M\u00e9xico, Cuba y Rep\u00fablica Dominicana mantiene un canal de contenidos streaming que eloriente.net desea compartir con sus usuarios. Watch live streaming video from cinumexico at livestream.com Si deseas una transmisi\u00f3n en streaming desde Oaxaca, escr\u00edbenos a elorienteaudiovisual@gmail.com<\/p>\n<p class=\"postmeta\"><span class=\"meta_date\">julio 2, 2012<\/span><\/p>\n<\/div>\n\n\t\t\t  <div \n\t\t\t  \tclass = \"fb-comments\" \n\t\t\t  \tdata-href = \"http:\/\/www.eloriente.net\/home\/2015\/02\/12\/13feb15-830-en-vivo-observaciones-a-mexico-sobre-desaparicion-forzada-desde-onu-ginebra\/\"\n\t\t\t  \tdata-numposts = \"10\"\n\t\t\t\tdata-colorscheme = \"dark\"\n\t\t\t\tdata-order-by = \"social\"\n\t\t\t\tdata-mobile=true>\n\t\t\t  <\/div>\n\t\t  <style>\n\t\t\t.fb_iframe_widget_fluid_desktop iframe {\n\t\t\t    width: 100% !important;\n\t\t\t}\n\t\t  <\/style>\n\t\t  ","protected":false},"excerpt":{"rendered":"<p>ACTUALIZACI\u00d3N: CANCELADO 12 de febrero de 2015, 17:20 hr.: &nbsp; &nbsp; (www.eloriente.net, M\u00e9xico, 12 de febrero de 2015).- Luego de las sesiones del Comit\u00e9 ONU contra la Desaparici\u00f3n Forzada efectuadas a principios de este mes (2 y 3 de febrero), este viernes 13 se presentar\u00e1n las observaciones finales a M\u00e9xico sobre este importante tema. La [&hellip;]<\/p>\n","protected":false},"author":1,"featured_media":35472,"comment_status":"open","ping_status":"open","sticky":false,"template":"","format":"standard","meta":{"_jetpack_memberships_contains_paid_content":false,"footnotes":""},"categories":[4,22,32,24],"tags":[217,3020,1078],"class_list":["post-35465","post","type-post","status-publish","format-standard","has-post-thumbnail","hentry","category-canal-2-en-vivo","category-derechos-humanos","category-entradas","category-mexico-y-el-mundo","tag-derechos-humanos-2","tag-desaparicion-forzada","tag-onu"],"jetpack_featured_media_url":"http:\/\/www.eloriente.net\/home\/wp-content\/uploads\/2015\/02\/Ca\u0301mara-Consejo-del-Palacio-de-Naciones-ONU-Ginebra-CC-Luiyo.jpg","jetpack_sharing_enabled":true,"_links":{"self":[{"href":"http:\/\/www.eloriente.net\/home\/wp-json\/wp\/v2\/posts\/35465"}],"collection":[{"href":"http:\/\/www.eloriente.net\/home\/wp-json\/wp\/v2\/posts"}],"about":[{"href":"http:\/\/www.eloriente.net\/home\/wp-json\/wp\/v2\/types\/post"}],"author":[{"embeddable":true,"href":"http:\/\/www.eloriente.net\/home\/wp-json\/wp\/v2\/users\/1"}],"replies":[{"embeddable":true,"href":"http:\/\/www.eloriente.net\/home\/wp-json\/wp\/v2\/comments?post=35465"}],"version-history":[{"count":3,"href":"http:\/\/www.eloriente.net\/home\/wp-json\/wp\/v2\/posts\/35465\/revisions"}],"predecessor-version":[{"id":35484,"href":"http:\/\/www.eloriente.net\/home\/wp-json\/wp\/v2\/posts\/35465\/revisions\/35484"}],"wp:featuredmedia":[{"embeddable":true,"href":"http:\/\/www.eloriente.net\/home\/wp-json\/wp\/v2\/media\/35472"}],"wp:attachment":[{"href":"http:\/\/www.eloriente.net\/home\/wp-json\/wp\/v2\/media?parent=35465"}],"wp:term":[{"taxonomy":"category","embeddable":true,"href":"http:\/\/www.eloriente.net\/home\/wp-json\/wp\/v2\/categories?post=35465"},{"taxonomy":"post_tag","embeddable":true,"href":"http:\/\/www.eloriente.net\/home\/wp-json\/wp\/v2\/tags?post=35465"}],"curies":[{"name":"wp","href":"https:\/\/api.w.org\/{rel}","templated":true}]}}