{"id":35501,"date":"2015-02-14T00:36:37","date_gmt":"2015-02-14T06:36:37","guid":{"rendered":"http:\/\/www.eloriente.net\/home\/?p=35501"},"modified":"2015-02-14T00:36:37","modified_gmt":"2015-02-14T06:36:37","slug":"generando-ideas-programa-de-jovenes-para-jovenes","status":"publish","type":"post","link":"http:\/\/www.eloriente.net\/home\/2015\/02\/14\/generando-ideas-programa-de-jovenes-para-jovenes\/","title":{"rendered":"\u00abGenerando Ideas\u00bb: programa de j\u00f3venes para j\u00f3venes"},"content":{"rendered":"<p>(<a href=\"http:\/\/www.eloriente.net\/\" target=\"_blank\">www.eloriente.net<\/a>, M\u00e9xico, 14 de Febrero del 2015, Por Liliana Z\u00e1rate).- Abrir espacios de oportunidad para los j\u00f3venes donde sus ideas sean escuchadas es fundamental en la actualidad, pues ellas y ellos tienen un papel cada vez m\u00e1s importante y trascendental en los procesos de cambio de nuestro pa\u00eds y el mundo.<\/p>\n<p>Es por eso que cerca de 200 estudiantes de las universidades An\u00e1huac, Mesoamericana, Jos\u00e9 Vasconcelos (UNIVAS) y el Instituto de Estudios Superiores (IESO) de las licenciaturas de Comunicaci\u00f3n, Derecho, Ciencias Pol\u00edticas y Pedagog\u00eda crearon la primera temporada del programa de televisi\u00f3n \u201c<a href=\"https:\/\/www.facebook.com\/pages\/GNY-Generando-Ideas\/272048682980364?ref=ts&amp;fref=ts\" target=\"_blank\">Generando Ideas<\/a>\u201d un espacio en el que los mismos j\u00f3venes invitaron a otros a reflexionar en temas de actualidad.<\/p>\n<p>La legalizaci\u00f3n de las drogas, el matrimonio entre parejas del mismo sexo, la trata de personas y la prevenci\u00f3n del delito, fueron los diferentes temas abordados donde cada una de las universidades habl\u00f3 de uno en particular, y tuvo una duraci\u00f3n de aproximadamente 6 meses, cada universidad particip\u00f3 4 horas en diferentes sesiones.<\/p>\n<p><a href=\"http:\/\/www.eloriente.net\/home\/wp-content\/uploads\/2015\/02\/Generando-Ideas.jpg\"><img loading=\"lazy\" decoding=\"async\" class=\"alignnone size-medium wp-image-35502\" src=\"http:\/\/www.eloriente.net\/home\/wp-content\/uploads\/2015\/02\/Generando-Ideas-300x225.jpg\" alt=\"Generando Ideas\" width=\"300\" height=\"225\" srcset=\"http:\/\/www.eloriente.net\/home\/wp-content\/uploads\/2015\/02\/Generando-Ideas-300x225.jpg 300w, http:\/\/www.eloriente.net\/home\/wp-content\/uploads\/2015\/02\/Generando-Ideas.jpg 500w\" sizes=\"(max-width: 300px) 100vw, 300px\" \/><\/a><\/p>\n<p>Foto: Cortes\u00eda Poder Judicial<\/p>\n<p>En cada programa, hubo un panel conformado por universitarios, quienes debatieron y aportaron sus puntos de vista, apuntalados por los comentarios de un especialista del Poder Judicial del Estado. Durante el programa se transmiten sondeos de opini\u00f3n y c\u00e1psulas informativas.<\/p>\n<p>En entrevista con ELORIENTE la joven Constanza Carrasco de la Universidad Anahuac, dijo que su experiencia en el Programa \u201cGenerando Ideas\u201d fue muy enriquecedora para todo el alumnado de su universidad ya que pusieron en pr\u00e1ctica las habilidades que conlleva su carrera y adem\u00e1s pudieron reflexionar a cerca del tema de la legalizaci\u00f3n de las drogas, que fue el que toc\u00f3 abordar a esta universidad.<\/p>\n<p>Adem\u00e1s mencion\u00f3 que estos temas competen a toda la ciudadan\u00eda no solo al Sistema de Justicia Penal, pues son los j\u00f3venes quienes deben dar el primer paso hacia una reflexi\u00f3n positiva y que deben saber que si se involucran en estos temas, pueden hacer la diferencia para un mundo mejor.<\/p>\n<p>De esa forma, los futuros profesionistas de diferentes universidades, expresaron su sentir y pensar sobre problem\u00e1ticas actuales y que motivan a otros j\u00f3venes a ser proactivos.<\/p>\n<p>Cabe destacar que en una ceremonia realizada en el auditorio de los Juzgados Civiles y Familiares, el Poder Judicial del Estado hizo entrega de reconocimientos a rectores y estudiantes de las universidades que colaboraron en primera temporada de esta realizaci\u00f3n audiovisual.<\/p>\n<p><a href=\"http:\/\/www.eloriente.net\/home\/wp-content\/uploads\/2015\/02\/IMG_6499.jpg\"><img loading=\"lazy\" decoding=\"async\" class=\"alignnone size-medium wp-image-35503\" src=\"http:\/\/www.eloriente.net\/home\/wp-content\/uploads\/2015\/02\/IMG_6499-300x200.jpg\" alt=\"IMG_6499\" width=\"300\" height=\"200\" srcset=\"http:\/\/www.eloriente.net\/home\/wp-content\/uploads\/2015\/02\/IMG_6499-300x200.jpg 300w, http:\/\/www.eloriente.net\/home\/wp-content\/uploads\/2015\/02\/IMG_6499-1024x682.jpg 1024w\" sizes=\"(max-width: 300px) 100vw, 300px\" \/><\/a><\/p>\n<p>El programa fue realizado mediante una convocatoria del Poder Judicial de Oaxaca, grabado en las instalaciones de cada una de las universidades participantes y ser\u00e1 trasmitido los martes 18 y 25 de noviembre as\u00ed como 2 y 9 de diciembre, a las 18:00 horas, a trav\u00e9s de la Corporaci\u00f3n Oaxaque\u00f1a de Radio y Televisi\u00f3n.<\/p>\n<p><strong>OTRAS ENTRADAS:<\/strong><\/p>\n<div id=\"post-9351\" class=\"post-9351 post type-post status-publish format-standard has-post-thumbnail hentry category-capital category-editorial category-entradas category-lo-mas-reciente entry loop-default border_bottom_30\">\n<h2 class=\"entry_title\"><a title=\"Enlace Permanente a Universidades pueden intervenir ante postura de \u2018l\u00edderes sociales\u2019\" href=\"http:\/\/www.eloriente.net\/home\/2013\/03\/07\/universidades-pueden-intervenir-ante-postura-de-lideres-sociales\/\" rel=\"bookmark\">Universidades pueden intervenir ante postura de \u2018l\u00edderes sociales\u2019<\/a><\/h2>\n<p><a href=\"http:\/\/www.eloriente.net\/home\/2013\/03\/07\/universidades-pueden-intervenir-ante-postura-de-lideres-sociales\/\" rel=\"bookmark\"><img decoding=\"async\" class=\"alignleft\" title=\"Universidades pueden intervenir ante postura de \u2018l\u00edderes sociales\u2019\" src=\"http:\/\/www.eloriente.net\/home\/wp-content\/themes\/city-desk\/timthumb.php?src=http%3A%2F%2Fwww.eloriente.net%2Fhome%2Fwp-content%2Fuploads%2F2012%2F11%2FAlgunos-derechos-reservados-por-jgoge-estudiantes.jpg&amp;q=90&amp;w=160&amp;h=106&amp;zc=1\" alt=\"Universidades pueden intervenir ante postura de \u2018l\u00edderes sociales\u2019\" \/><\/a>eloriente.net 7 de \u00a0marzo de 2013 A la propuesta que ya efectuamos la semana anterior: \u201cHa llegado el momento de exhibir qui\u00e9nes son esos l\u00edderes (sociales), cu\u00e1les sus intereses\u201d que han inflamado las principales calles de la capital de Oaxaca con manifestaciones y bloqueos, ahora tambi\u00e9n debe hacerse un llamado a la responsabilidad de un [\u2026]<\/p>\n<p class=\"postmeta\"><span class=\"meta_date\">marzo 7, 2013<\/span><\/p>\n<p class=\"postmeta\">\n<\/div>\n<div id=\"post-2202\" class=\"post-2202 post type-post status-publish format-standard has-post-thumbnail hentry category-editorial category-entradas entry loop-default border_bottom_30\">\n<h2 class=\"entry_title\"><a title=\"Enlace Permanente a Universidades y educaci\u00f3n b\u00e1sica. Responsabilidad postergada.\" href=\"http:\/\/www.eloriente.net\/home\/2012\/08\/22\/universidades-y-educacion-basica-responsabilidad-postergada\/\" rel=\"bookmark\">Universidades y educaci\u00f3n b\u00e1sica. Responsabilidad postergada.<\/a><\/h2>\n<p><a href=\"http:\/\/www.eloriente.net\/home\/2012\/08\/22\/universidades-y-educacion-basica-responsabilidad-postergada\/\" rel=\"bookmark\"><img decoding=\"async\" class=\"alignleft\" title=\"Universidades y educaci\u00f3n b\u00e1sica. Responsabilidad postergada.\" src=\"http:\/\/www.eloriente.net\/home\/wp-content\/themes\/city-desk\/timthumb.php?src=http%3A%2F%2Fwww.eloriente.net%2Fhome%2Fwp-content%2Fuploads%2F2012%2F08%2Fteatro-alcal%C3%A1.jpg&amp;q=90&amp;w=160&amp;h=106&amp;zc=1\" alt=\"Universidades y educaci\u00f3n b\u00e1sica. Responsabilidad postergada.\" \/><\/a>eloriente.net 22 de agosto de 2012 En El Oriente vemos las universidades como centros del pensamiento, evoluci\u00f3n y tranformaci\u00f3n social. Para nosotros, no s\u00f3lo forman profesionistas sino tambi\u00e9n ciudadanos. Adem\u00e1s, pensamos que su responsabilidad no se agota en sus alumnos. Se extiende al resto de las personas que habitan en poblado, ciudad, pa\u00eds en que [\u2026]<\/p>\n<p class=\"postmeta\"><span class=\"meta_date\">agosto 22, 2012<\/span><\/p>\n<\/div>\n\n\t\t\t  <div \n\t\t\t  \tclass = \"fb-comments\" \n\t\t\t  \tdata-href = \"http:\/\/www.eloriente.net\/home\/2015\/02\/14\/generando-ideas-programa-de-jovenes-para-jovenes\/\"\n\t\t\t  \tdata-numposts = \"10\"\n\t\t\t\tdata-colorscheme = \"dark\"\n\t\t\t\tdata-order-by = \"social\"\n\t\t\t\tdata-mobile=true>\n\t\t\t  <\/div>\n\t\t  <style>\n\t\t\t.fb_iframe_widget_fluid_desktop iframe {\n\t\t\t    width: 100% !important;\n\t\t\t}\n\t\t  <\/style>\n\t\t  ","protected":false},"excerpt":{"rendered":"<p>(www.eloriente.net, M\u00e9xico, 14 de Febrero del 2015, Por Liliana Z\u00e1rate).- Abrir espacios de oportunidad para los j\u00f3venes donde sus ideas sean escuchadas es fundamental en la actualidad, pues ellas y ellos tienen un papel cada vez m\u00e1s importante y trascendental en los procesos de cambio de nuestro pa\u00eds y el mundo. Es por eso que [&hellip;]<\/p>\n","protected":false},"author":1,"featured_media":35502,"comment_status":"open","ping_status":"open","sticky":false,"template":"","format":"standard","meta":{"_jetpack_memberships_contains_paid_content":false,"footnotes":""},"categories":[3195,22,32,13,63,464,84],"tags":[3370,1510,1614,3371,854,3173,1454,224],"class_list":["post-35501","post","type-post","status-publish","format-standard","has-post-thumbnail","hentry","category-comunicacion-educacion-y-cultura","category-derechos-humanos","category-entradas","category-especiales","category-estados","category-oaxaca-estados","category-universidades","tag-anahuac","tag-ideas","tag-ieso","tag-mesoamericana","tag-programas","tag-tsjeo","tag-univas","tag-universidades-2"],"jetpack_featured_media_url":"http:\/\/www.eloriente.net\/home\/wp-content\/uploads\/2015\/02\/Generando-Ideas.jpg","jetpack_sharing_enabled":true,"_links":{"self":[{"href":"http:\/\/www.eloriente.net\/home\/wp-json\/wp\/v2\/posts\/35501"}],"collection":[{"href":"http:\/\/www.eloriente.net\/home\/wp-json\/wp\/v2\/posts"}],"about":[{"href":"http:\/\/www.eloriente.net\/home\/wp-json\/wp\/v2\/types\/post"}],"author":[{"embeddable":true,"href":"http:\/\/www.eloriente.net\/home\/wp-json\/wp\/v2\/users\/1"}],"replies":[{"embeddable":true,"href":"http:\/\/www.eloriente.net\/home\/wp-json\/wp\/v2\/comments?post=35501"}],"version-history":[{"count":3,"href":"http:\/\/www.eloriente.net\/home\/wp-json\/wp\/v2\/posts\/35501\/revisions"}],"predecessor-version":[{"id":35534,"href":"http:\/\/www.eloriente.net\/home\/wp-json\/wp\/v2\/posts\/35501\/revisions\/35534"}],"wp:featuredmedia":[{"embeddable":true,"href":"http:\/\/www.eloriente.net\/home\/wp-json\/wp\/v2\/media\/35502"}],"wp:attachment":[{"href":"http:\/\/www.eloriente.net\/home\/wp-json\/wp\/v2\/media?parent=35501"}],"wp:term":[{"taxonomy":"category","embeddable":true,"href":"http:\/\/www.eloriente.net\/home\/wp-json\/wp\/v2\/categories?post=35501"},{"taxonomy":"post_tag","embeddable":true,"href":"http:\/\/www.eloriente.net\/home\/wp-json\/wp\/v2\/tags?post=35501"}],"curies":[{"name":"wp","href":"https:\/\/api.w.org\/{rel}","templated":true}]}}