{"id":35542,"date":"2015-02-14T14:23:25","date_gmt":"2015-02-14T20:23:25","guid":{"rendered":"http:\/\/www.eloriente.net\/home\/?p=35542"},"modified":"2015-02-14T14:23:25","modified_gmt":"2015-02-14T20:23:25","slug":"observa-onu-a-mexico-sobre-desaparicion-forzada-aqui-integro-dossier-suprema-corte","status":"publish","type":"post","link":"http:\/\/www.eloriente.net\/home\/2015\/02\/14\/observa-onu-a-mexico-sobre-desaparicion-forzada-aqui-integro-dossier-suprema-corte\/","title":{"rendered":"Observa ONU a M\u00e9xico sobre Desaparici\u00f3n Forzada; aqu\u00ed \u00edntegro dossier Suprema Corte"},"content":{"rendered":"<p>(www.eloriente.net, M\u00e9xico, a 14 de febrero de 2015).- Ayer, el Comit\u00e9 de Naciones Unidas contra las Desapariciones Forzadas hizo llegar al Estado Mexicano <a href=\"http:\/\/tbinternet.ohchr.org\/_layouts\/treatybodyexternal\/SessionDetails1.aspx?SessionID=972&amp;Lang=en\" target=\"_blank\">una serie de medidas para cumplir con sus obligaciones<\/a> como signatario de la Convenci\u00f3n Internacional sobre el tema.<\/p>\n<p>De manera central, el documento reconoce ciertos aspectos positivos y avances en M\u00e9xico para abatir este tipo de delitos, pero sobre considera que en el pa\u00eds hay \u00abun contexto de desapariciones generalizadas en gran parte del territorio del Estado, muchas de las cules pueden calificarse como desapariciones forzadas\u00bb.<\/p>\n<p>En total son 50 los apartados de comentarios y observaciones contenidas en el reporte.<\/p>\n<p>En respuesta (<a href=\"http:\/\/www.segob.gob.mx\/es\/SEGOB\/Sintesis_Informativa?uri=http%3A%2F%2Fwww.SEGOB.swb%23swbpress_Content%3A5605&amp;cat=http%3A%2F%2Fwww.SEGOB.swb%23swbpress_Category%3A1\" target=\"_blank\">consultar AQU\u00cd<\/a>), la Secretar\u00eda de Gobernaci\u00f3n se\u00f1al\u00f3 que \u00abrecibe las observaciones, anotando queno reflejan adecuadamente la informaci\u00f3n presentada por M\u00e9xico ni aportan elementos adicionales que refuercen las acciones y compromisos que se llevan a cabo para solventar los retos mencionados.\u00bb<\/p>\n<p>Para efectos de que los lectores e investigadores hallen en ELORIENTE.NET el material que permita realizar adecuados estudios e interpretaciones del tema, a continuaci\u00f3n el documento completo sin censura:<br \/>\n<iframe loading=\"lazy\" src=\"\/\/e.issuu.com\/embed.html#5422719\/11427521\" width=\"525\" height=\"742\" frameborder=\"0\" allowfullscreen=\"allowfullscreen\"><\/iframe><br \/>\nAsimismo, para mejor comprensi\u00f3n y estudio del tema, te acercamos este documento que public\u00f3 la Suprema Corte de Justicia de la Naci\u00f3n en su momento, con motivo de la realizaci\u00f3n de Jornadas de reflexi\u00f3n, que adicionalmente analiza el marco jur\u00eddico y antecedentes judiciales en relaci\u00f3n a las desapariciones forzadas en M\u00e9xico:<br \/>\n<iframe loading=\"lazy\" src=\"\/\/e.issuu.com\/embed.html#5422719\/11427565\" width=\"525\" height=\"679\" frameborder=\"0\" allowfullscreen=\"allowfullscreen\"><\/iframe><br \/>\n<a href=\"http:\/\/www.eloriente.net\/home\/wp-content\/uploads\/2015\/02\/Ca\u0301mara-Consejo-del-Palacio-de-Naciones-ONU-Ginebra-CC-Luiyo.jpg\"><img loading=\"lazy\" decoding=\"async\" class=\"alignnone size-medium wp-image-35472\" src=\"http:\/\/www.eloriente.net\/home\/wp-content\/uploads\/2015\/02\/Ca\u0301mara-Consejo-del-Palacio-de-Naciones-ONU-Ginebra-CC-Luiyo-300x168.jpg\" alt=\"Ca\u0301mara Consejo del Palacio de Naciones, ONU Ginebra CC Luiyo\" width=\"300\" height=\"168\" srcset=\"http:\/\/www.eloriente.net\/home\/wp-content\/uploads\/2015\/02\/Ca\u0301mara-Consejo-del-Palacio-de-Naciones-ONU-Ginebra-CC-Luiyo-300x168.jpg 300w, http:\/\/www.eloriente.net\/home\/wp-content\/uploads\/2015\/02\/Ca\u0301mara-Consejo-del-Palacio-de-Naciones-ONU-Ginebra-CC-Luiyo-1024x576.jpg 1024w, http:\/\/www.eloriente.net\/home\/wp-content\/uploads\/2015\/02\/Ca\u0301mara-Consejo-del-Palacio-de-Naciones-ONU-Ginebra-CC-Luiyo.jpg 2048w\" sizes=\"(max-width: 300px) 100vw, 300px\" \/><\/a><\/p>\n<p>Imagen: Dar click sobre la imagen<\/p>\n<p>&nbsp;<\/p>\n<p>OTRAS ENTRADAS:<\/p>\n<div id=\"post-35175\" class=\"post-35175 post type-post status-publish format-standard has-post-thumbnail hentry category-articulistas category-congreso-y-justicia category-derechos-humanos category-entradas category-mexico-y-el-mundo category-politica-y-gobierno tag-derechos-humanos-2 tag-epn tag-igualdad tag-neoliberalismo tag-politica entry loop-default border_bottom_30\">\n<h2 class=\"entry_title\"><a title=\"Enlace Permanente a Una controversia entre Derechos Humanos y Neoliberalismo: el nuevo proyecto de EPN\" href=\"http:\/\/www.eloriente.net\/home\/2015\/02\/04\/una-controversia-entre-derechos-humanos-y-neoliberalismo-el-nuevo-proyecto-de-epn\/\" rel=\"bookmark\">Una controversia entre Derechos Humanos y Neoliberalismo: el nuevo proyecto de EPN<\/a><\/h2>\n<p><a href=\"http:\/\/www.eloriente.net\/home\/2015\/02\/04\/una-controversia-entre-derechos-humanos-y-neoliberalismo-el-nuevo-proyecto-de-epn\/\" rel=\"bookmark\"><img decoding=\"async\" class=\"alignleft\" title=\"Una controversia entre Derechos Humanos y Neoliberalismo: el nuevo proyecto de EPN\" src=\"http:\/\/www.eloriente.net\/home\/wp-content\/themes\/city-desk\/timthumb.php?src=http%3A%2F%2Fwww.eloriente.net%2Fhome%2Fwp-content%2Fuploads%2F2015%2F02%2FEscuela-Rebelde-Autonoma-Zapatista-cc-mr-theklan.jpg&amp;q=90&amp;w=160&amp;h=106&amp;zc=1\" alt=\"Una controversia entre Derechos Humanos y Neoliberalismo: el nuevo proyecto de EPN\" \/><\/a>eloriente.net 4 de febrero de 2015 Por: Yessica Vega Terraza* \u201cNada hay m\u00e1s peligroso que considerar iguales ante la ley a quienes no lo son por su situaci\u00f3n social y econ\u00f3mica [\u2026] de aqu\u00ed el fundamental error del liberalismo al dictar leyes limitativas y no leyes protectoras\u201d \u00a0\u00a0\u00a0\u00a0\u00a0\u00a0\u00a0\u00a0\u00a0\u00a0\u00a0\u00a0\u00a0\u00a0\u00a0\u00a0\u00a0\u00a0\u00a0\u00a0\u00a0\u00a0\u00a0\u00a0\u00a0\u00a0\u00a0\u00a0\u00a0\u00a0\u00a0\u00a0\u00a0\u00a0\u00a0\u00a0\u00a0\u00a0\u00a0\u00a0\u00a0\u00a0\u00a0\u00a0\u00a0\u00a0\u00a0\u00a0\u00a0\u00a0\u00a0\u00a0\u00a0\u00a0\u00a0\u00a0\u00a0\u00a0\u00a0\u00a0 Alfonso Caso En el contexto de unas [\u2026]<\/p>\n<p class=\"postmeta\"><span class=\"meta_date\">febrero 4, 2015<\/span><\/p>\n<\/div>\n<div id=\"post-35102\" class=\"post-35102 post type-post status-publish format-standard has-post-thumbnail hentry category-derechos-humanos category-destacadas category-entradas category-estados category-municipios category-oaxaca-estados category-politica-y-gobierno tag-arturo-peimbert tag-ciudadanos tag-ddhpo tag-derechos-humanos-2 tag-recomendaciones entry loop-default border_bottom_30\">\n<h2 class=\"entry_title\"><a title=\"Enlace Permanente a 6 de 15 recomendaciones de Defensor\u00eda Derechos Humanos no tienen respuesta; aqu\u00ed recuento\" href=\"http:\/\/www.eloriente.net\/home\/2015\/01\/27\/6-de-15-recomendaciones-de-defensoria-derechos-humanos-no-tienen-respuesta-aqui-recuento\/\" rel=\"bookmark\">6 de 15 recomendaciones de Defensor\u00eda Derechos Humanos no tienen respuesta; aqu\u00ed recuento<\/a><\/h2>\n<p><a href=\"http:\/\/www.eloriente.net\/home\/2015\/01\/27\/6-de-15-recomendaciones-de-defensoria-derechos-humanos-no-tienen-respuesta-aqui-recuento\/\" rel=\"bookmark\"><img decoding=\"async\" class=\"alignleft\" title=\"6 de 15 recomendaciones de Defensor\u00eda Derechos Humanos no tienen respuesta; aqu\u00ed recuento\" src=\"http:\/\/www.eloriente.net\/home\/wp-content\/themes\/city-desk\/timthumb.php?src=http%3A%2F%2Fwww.eloriente.net%2Fhome%2Fwp-content%2Fuploads%2F2015%2F01%2F%40DDHPO.jpg&amp;q=90&amp;w=160&amp;h=106&amp;zc=1\" alt=\"6 de 15 recomendaciones de Defensor\u00eda Derechos Humanos no tienen respuesta; aqu\u00ed recuento\" \/><\/a>\u00a0 eloriente.net\/DDHPO 27 de enero de 2015 El titular de la Defensor\u00eda de los Derechos Humanos del Pueblo de Oaxaca, Arturo Peimbert Calvo, dio a conocer durante la sesi\u00f3n p\u00fablica del Consejo Ciudadano de ese organismo, celebrada este martes, la lista de recomendaciones emitidas durante 2014 y la respuesta que las autoridades involucradas han dado [\u2026]<\/p>\n<p class=\"postmeta\"><span class=\"meta_date\">enero 27, 2015<\/span><\/p>\n<\/div>\n<p>&nbsp;<\/p>\n<p>&nbsp;<\/p>\n<p>&nbsp;<\/p>\n<p>&nbsp;<\/p>\n<p>&nbsp;<\/p>\n<p>&nbsp;<\/p>\n\n\t\t\t  <div \n\t\t\t  \tclass = \"fb-comments\" \n\t\t\t  \tdata-href = \"http:\/\/www.eloriente.net\/home\/2015\/02\/14\/observa-onu-a-mexico-sobre-desaparicion-forzada-aqui-integro-dossier-suprema-corte\/\"\n\t\t\t  \tdata-numposts = \"10\"\n\t\t\t\tdata-colorscheme = \"dark\"\n\t\t\t\tdata-order-by = \"social\"\n\t\t\t\tdata-mobile=true>\n\t\t\t  <\/div>\n\t\t  <style>\n\t\t\t.fb_iframe_widget_fluid_desktop iframe {\n\t\t\t    width: 100% !important;\n\t\t\t}\n\t\t  <\/style>\n\t\t  ","protected":false},"excerpt":{"rendered":"<p>(www.eloriente.net, M\u00e9xico, a 14 de febrero de 2015).- Ayer, el Comit\u00e9 de Naciones Unidas contra las Desapariciones Forzadas hizo llegar al Estado Mexicano una serie de medidas para cumplir con sus obligaciones como signatario de la Convenci\u00f3n Internacional sobre el tema. De manera central, el documento reconoce ciertos aspectos positivos y avances en M\u00e9xico para [&hellip;]<\/p>\n","protected":false},"author":1,"featured_media":35472,"comment_status":"open","ping_status":"open","sticky":false,"template":"","format":"standard","meta":{"_jetpack_memberships_contains_paid_content":false,"footnotes":""},"categories":[22,32,13,24],"tags":[217,3020,1078,1434,2488],"class_list":["post-35542","post","type-post","status-publish","format-standard","has-post-thumbnail","hentry","category-derechos-humanos","category-entradas","category-especiales","category-mexico-y-el-mundo","tag-derechos-humanos-2","tag-desaparicion-forzada","tag-onu","tag-scjn","tag-segob"],"jetpack_featured_media_url":"http:\/\/www.eloriente.net\/home\/wp-content\/uploads\/2015\/02\/Ca\u0301mara-Consejo-del-Palacio-de-Naciones-ONU-Ginebra-CC-Luiyo.jpg","jetpack_sharing_enabled":true,"_links":{"self":[{"href":"http:\/\/www.eloriente.net\/home\/wp-json\/wp\/v2\/posts\/35542"}],"collection":[{"href":"http:\/\/www.eloriente.net\/home\/wp-json\/wp\/v2\/posts"}],"about":[{"href":"http:\/\/www.eloriente.net\/home\/wp-json\/wp\/v2\/types\/post"}],"author":[{"embeddable":true,"href":"http:\/\/www.eloriente.net\/home\/wp-json\/wp\/v2\/users\/1"}],"replies":[{"embeddable":true,"href":"http:\/\/www.eloriente.net\/home\/wp-json\/wp\/v2\/comments?post=35542"}],"version-history":[{"count":1,"href":"http:\/\/www.eloriente.net\/home\/wp-json\/wp\/v2\/posts\/35542\/revisions"}],"predecessor-version":[{"id":35543,"href":"http:\/\/www.eloriente.net\/home\/wp-json\/wp\/v2\/posts\/35542\/revisions\/35543"}],"wp:featuredmedia":[{"embeddable":true,"href":"http:\/\/www.eloriente.net\/home\/wp-json\/wp\/v2\/media\/35472"}],"wp:attachment":[{"href":"http:\/\/www.eloriente.net\/home\/wp-json\/wp\/v2\/media?parent=35542"}],"wp:term":[{"taxonomy":"category","embeddable":true,"href":"http:\/\/www.eloriente.net\/home\/wp-json\/wp\/v2\/categories?post=35542"},{"taxonomy":"post_tag","embeddable":true,"href":"http:\/\/www.eloriente.net\/home\/wp-json\/wp\/v2\/tags?post=35542"}],"curies":[{"name":"wp","href":"https:\/\/api.w.org\/{rel}","templated":true}]}}