{"id":35584,"date":"2015-02-16T18:53:04","date_gmt":"2015-02-17T00:53:04","guid":{"rendered":"http:\/\/www.eloriente.net\/home\/?p=35584"},"modified":"2015-02-16T18:53:04","modified_gmt":"2015-02-17T00:53:04","slug":"solo-contrataremos-radiodifusoras-reglamentadas-serrano-toledo","status":"publish","type":"post","link":"http:\/\/www.eloriente.net\/home\/2015\/02\/16\/solo-contrataremos-radiodifusoras-reglamentadas-serrano-toledo\/","title":{"rendered":"Solo contrataremos radiodifusoras reglamentadas: Serrano Toledo"},"content":{"rendered":"<p>eloriente.net\/C\u00e1mara de Diputados<\/p>\n<p>16 de febrero de 2015<\/p>\n<p><strong>San Raymundo Jalpan, Oaxaca, 16 de Febrero del 2015.-<\/strong> La C\u00e1mara Nacional de la Industria de la Radio y Televisi\u00f3n (CIRT), delegaci\u00f3n \u00a0Oaxaca entreg\u00f3 al coordinador de la Fracci\u00f3n Parlamentaria del Partido de la Revoluci\u00f3n Democr\u00e1tica (PRD), F\u00e9lix Antonio Serrano Toledo, en representaci\u00f3n de la Junta de Coordinaci\u00f3n Pol\u00edtica, que tambi\u00e9n es integrada por la coordinadora de la Fracci\u00f3n parlamentaria del Partido Acci\u00f3n Nacional (PAN), Antonia Natividad D\u00edaz Jim\u00e9nez y el coordinador de la Fracci\u00f3n Parlamentaria del Partido Revolucionario Institucional(PRI), Alejandro Avil\u00e9s \u00c1lvarez, el padr\u00f3n de concesionarios comerciales de radio que est\u00e1n debidamente acreditados ante la Secretar\u00eda de Comunicaciones y Transportes (SCT).<\/p>\n<p>Dicho acto tiene el objetivo de evitar desde la contrataci\u00f3n de espacios hasta la difusi\u00f3n de mensajes en radiodifusoras que no cuenten con la acreditaci\u00f3n correspondiente y que por tanto operan al margen de la legalidad, inform\u00f3 el \u00a0delegado en Oaxaca de la CIRT Manuel Siordia Torres.<\/p>\n<p>Por esa raz\u00f3n, el presidente Junta de Coordinaci\u00f3n Pol\u00edtica, expres\u00f3 que s\u00f3lo ser\u00e1n contratados espacios en las radiodifusoras que est\u00e9n debidamente reglamentadas, por lo que se guiar\u00e1n con la lista oficial emitida por la CIRT.<\/p>\n<p>En representaci\u00f3n de la C\u00e1mara Nacional de la Industria de la Radio y Televisi\u00f3n, el delegado en Oaxaca Manuel Siordia Torres, acompa\u00f1ado del vicepresidente\u00a0 del organismo, Alberto \u00a0M\u00e1rquez Rodr\u00edguez\u00a0 y Rubel Lagunas Rodr\u00edguez, tesorero, expres\u00f3 la necesidad de que los legisladores\u00a0 tengan conocimiento de esta lista.<\/p>\n<p>\u201cDe esta manera no se ver\u00e1n involucrados en actos \u00a0ilegales, sobre todo cuando los legisladores\u00a0 se comprometieron desde su toma de protesta a cumplir y hacer cumplir la Constituci\u00f3n y las Leyes\u201d afirm\u00f3.<\/p>\n<p><a href=\"http:\/\/www.eloriente.net\/home\/wp-content\/uploads\/2015\/02\/CIRT-Congreso.jpg\"><img loading=\"lazy\" decoding=\"async\" class=\"size-medium wp-image-35585 aligncenter\" src=\"http:\/\/www.eloriente.net\/home\/wp-content\/uploads\/2015\/02\/CIRT-Congreso-300x172.jpg\" alt=\"CIRT Congreso\" width=\"300\" height=\"172\" srcset=\"http:\/\/www.eloriente.net\/home\/wp-content\/uploads\/2015\/02\/CIRT-Congreso-300x172.jpg 300w, http:\/\/www.eloriente.net\/home\/wp-content\/uploads\/2015\/02\/CIRT-Congreso-1024x587.jpg 1024w, http:\/\/www.eloriente.net\/home\/wp-content\/uploads\/2015\/02\/CIRT-Congreso.jpg 2045w\" sizes=\"(max-width: 300px) 100vw, 300px\" \/><\/a><\/p>\n<p>A\u00f1adi\u00f3 que \u00a0la CIRT har\u00e1 entrega\u00a0 de este padr\u00f3n\u00a0 al Instituto Nacional Electoral (INE), as\u00ed como a otras instituciones y organismos\u00a0 gubernamentales federales y locales a fin de que\u00a0 vigilen su cumplimiento y den seguimiento para sancionar a quienes hagan uso de se\u00f1ales de radiodifusi\u00f3n fuera de la Ley.<\/p>\n<p>Cabe mencionar que de acuerdo a este padr\u00f3n en la entidad oaxaque\u00f1a existen 28 concesionarios comerciales FM, 21 comerciales AM, 12 gubernamentales AM, 40 gubernamentales FM, 32 concesionarios combinadas gubernamentales y comerciales en AM y 68 en FM.<\/p>\n<p>Conforme al listado entregado dichas concesiones est\u00e1n distribuidas en las ocho regiones del Estado, las cuales ofrecen sus servicios a la poblaci\u00f3n adem\u00e1s de ofertar espacios publicitarios a las personas u organizaciones que as\u00ed lo requieran.<\/p>\n<p><strong>OTRAS ENTRADAS:<\/strong><\/p>\n<div id=\"post-34191\" class=\"post-34191 post type-post status-publish format-standard has-post-thumbnail hentry category-alejandro-cruz-pimentel category-colaboradores category-congreso-y-justicia category-entradas category-lo-mas-reciente category-politica-y-gobierno tag-congreso tag-pef-2015 entry loop-default border_bottom_30\">\n<h2 class=\"entry_title\"><a title=\"Enlace Permanente a Congreso, contrapeso rentista\" href=\"http:\/\/www.eloriente.net\/home\/2014\/11\/25\/congreso-contrapeso-rentista\/\" rel=\"bookmark\">Congreso, contrapeso rentista<\/a><\/h2>\n<p><a href=\"http:\/\/www.eloriente.net\/home\/2014\/11\/25\/congreso-contrapeso-rentista\/\" rel=\"bookmark\"><img decoding=\"async\" class=\"alignleft\" title=\"Congreso, contrapeso rentista\" src=\"http:\/\/www.eloriente.net\/home\/wp-content\/themes\/city-desk\/timthumb.php?src=http%3A%2F%2Fwww.eloriente.net%2Fhome%2Fwp-content%2Fuploads%2F2014%2F08%2FDiputados.jpg&amp;q=90&amp;w=160&amp;h=106&amp;zc=1\" alt=\"Congreso, contrapeso rentista\" \/><\/a>(www.eloriente.net\u00a0por\u00a0Alejandro Salvador Cruz Pimentel*;\u00a0Oaxaca, M\u00e9xico, 25 de noviembre\/2014).- \u201cEl Ejecutivo propone, el Congreso dispone\u201d, el parteaguas. En nuestra Constituci\u00f3n queda perfectamente estipulado que el Congreso de la Uni\u00f3n cuenta con facultades para legislar en materia de planeaci\u00f3n, por su parte al Poder Ejecutivo le corresponde planear a mediano plazo. Conforme a la Ley Federal de [\u2026]<\/p>\n<p class=\"postmeta\"><span class=\"meta_date\">noviembre 25, 2014<\/span><\/p>\n<\/div>\n<div id=\"post-33927\" class=\"post-33927 post type-post status-publish format-standard has-post-thumbnail hentry category-capital category-congreso-y-justicia category-entradas category-estados category-lo-mas-reciente category-oaxaca-estados entry loop-default border_bottom_30\">\n<h2 class=\"entry_title\"><a title=\"Enlace Permanente a Leslie Jim\u00e9nez presidir\u00e1 Mesa Directiva en Congreso de Oaxaca\" href=\"http:\/\/www.eloriente.net\/home\/2014\/11\/13\/leslie-jimenez-presidira-mesa-directiva-en-congreso-de-oaxaca\/\" rel=\"bookmark\">Leslie Jim\u00e9nez presidir\u00e1 Mesa Directiva en Congreso de Oaxaca<\/a><\/h2>\n<p><a href=\"http:\/\/www.eloriente.net\/home\/2014\/11\/13\/leslie-jimenez-presidira-mesa-directiva-en-congreso-de-oaxaca\/\" rel=\"bookmark\"><img decoding=\"async\" class=\"alignleft\" title=\"Leslie Jim\u00e9nez presidir\u00e1 Mesa Directiva en Congreso de Oaxaca\" src=\"http:\/\/www.eloriente.net\/home\/wp-content\/themes\/city-desk\/timthumb.php?src=http%3A%2F%2Fwww.eloriente.net%2Fhome%2Fwp-content%2Fuploads%2F2014%2F06%2FLeslie-Jim%C3%A9nez-Por-Congreso.jpg&amp;q=90&amp;w=160&amp;h=106&amp;zc=1\" alt=\"Leslie Jim\u00e9nez presidir\u00e1 Mesa Directiva en Congreso de Oaxaca\" \/><\/a>eloriente.net\/Congreso del Estado de Oaxaca* 13 de noviembre de 2014 Trabajar\u00e9 con institucionalidad al frente de la Mesa Directiva, velando por el pleno cumplimiento de los acuerdos tomados. @62LegisOficial \u2014 Dip. Leslie Jimenez (@lesliejimenezv) noviembre 13, 2014 San Raymundo Jalpan, 13 de noviembre de 2014.- En el desarrollo de la sesi\u00f3n correspondiente al Segundo Periodo [\u2026]<\/p>\n<p class=\"postmeta\"><span class=\"meta_date\">noviembre 13, 2014<\/span><\/p>\n<\/div>\n\n\t\t\t  <div \n\t\t\t  \tclass = \"fb-comments\" \n\t\t\t  \tdata-href = \"http:\/\/www.eloriente.net\/home\/2015\/02\/16\/solo-contrataremos-radiodifusoras-reglamentadas-serrano-toledo\/\"\n\t\t\t  \tdata-numposts = \"10\"\n\t\t\t\tdata-colorscheme = \"dark\"\n\t\t\t\tdata-order-by = \"social\"\n\t\t\t\tdata-mobile=true>\n\t\t\t  <\/div>\n\t\t  <style>\n\t\t\t.fb_iframe_widget_fluid_desktop iframe {\n\t\t\t    width: 100% !important;\n\t\t\t}\n\t\t  <\/style>\n\t\t  ","protected":false},"excerpt":{"rendered":"<p>eloriente.net\/C\u00e1mara de Diputados 16 de febrero de 2015 San Raymundo Jalpan, Oaxaca, 16 de Febrero del 2015.- La C\u00e1mara Nacional de la Industria de la Radio y Televisi\u00f3n (CIRT), delegaci\u00f3n \u00a0Oaxaca entreg\u00f3 al coordinador de la Fracci\u00f3n Parlamentaria del Partido de la Revoluci\u00f3n Democr\u00e1tica (PRD), F\u00e9lix Antonio Serrano Toledo, en representaci\u00f3n de la Junta de [&hellip;]<\/p>\n","protected":false},"author":1,"featured_media":35585,"comment_status":"open","ping_status":"open","sticky":false,"template":"","format":"standard","meta":{"_jetpack_memberships_contains_paid_content":false,"footnotes":""},"categories":[1588,91,32,63,464,21],"tags":[246,1518,73,3384],"class_list":["post-35584","post","type-post","status-publish","format-standard","has-post-thumbnail","hentry","category-comunicados-y-boletines","category-congreso-y-justicia","category-entradas","category-estados","category-oaxaca-estados","category-politica-y-gobierno","tag-congreso","tag-felix-serrano","tag-oaxaca","tag-radio-oaxaca"],"jetpack_featured_media_url":"http:\/\/www.eloriente.net\/home\/wp-content\/uploads\/2015\/02\/CIRT-Congreso.jpg","jetpack_sharing_enabled":true,"_links":{"self":[{"href":"http:\/\/www.eloriente.net\/home\/wp-json\/wp\/v2\/posts\/35584"}],"collection":[{"href":"http:\/\/www.eloriente.net\/home\/wp-json\/wp\/v2\/posts"}],"about":[{"href":"http:\/\/www.eloriente.net\/home\/wp-json\/wp\/v2\/types\/post"}],"author":[{"embeddable":true,"href":"http:\/\/www.eloriente.net\/home\/wp-json\/wp\/v2\/users\/1"}],"replies":[{"embeddable":true,"href":"http:\/\/www.eloriente.net\/home\/wp-json\/wp\/v2\/comments?post=35584"}],"version-history":[{"count":1,"href":"http:\/\/www.eloriente.net\/home\/wp-json\/wp\/v2\/posts\/35584\/revisions"}],"predecessor-version":[{"id":35586,"href":"http:\/\/www.eloriente.net\/home\/wp-json\/wp\/v2\/posts\/35584\/revisions\/35586"}],"wp:featuredmedia":[{"embeddable":true,"href":"http:\/\/www.eloriente.net\/home\/wp-json\/wp\/v2\/media\/35585"}],"wp:attachment":[{"href":"http:\/\/www.eloriente.net\/home\/wp-json\/wp\/v2\/media?parent=35584"}],"wp:term":[{"taxonomy":"category","embeddable":true,"href":"http:\/\/www.eloriente.net\/home\/wp-json\/wp\/v2\/categories?post=35584"},{"taxonomy":"post_tag","embeddable":true,"href":"http:\/\/www.eloriente.net\/home\/wp-json\/wp\/v2\/tags?post=35584"}],"curies":[{"name":"wp","href":"https:\/\/api.w.org\/{rel}","templated":true}]}}