{"id":35602,"date":"2015-02-17T12:51:45","date_gmt":"2015-02-17T18:51:45","guid":{"rendered":"http:\/\/www.eloriente.net\/home\/?p=35602"},"modified":"2015-02-17T12:51:45","modified_gmt":"2015-02-17T18:51:45","slug":"cinco-vacantes-en-oaxaca-martesdevacantes","status":"publish","type":"post","link":"http:\/\/www.eloriente.net\/home\/2015\/02\/17\/cinco-vacantes-en-oaxaca-martesdevacantes\/","title":{"rendered":"Cinco Vacantes en Oaxaca #MartesdeVacantes"},"content":{"rendered":"<p><script src=\"\/\/pagead2.googlesyndication.com\/pagead\/js\/adsbygoogle.js\" async=\"\"><\/script><!-- BANNER ELORIENTE INCRUSTADO NOTAS --> <ins class=\"adsbygoogle\" style=\"display: inline-block; width: 300px; height: 250px;\" data-ad-client=\"ca-pub-1136171134853753\" data-ad-slot=\"7974633627\"><\/ins><script>\/\/ <![CDATA[\n(adsbygoogle = window.adsbygoogle || []).push({});\n\/\/ ]]><\/script><br \/>\n(www.eloriente.net, M\u00e9xico, 17 de febrero de 2015).- Conscientes de la importancia para la ciudadan\u00eda en general de la b\u00fasqueda de nuevas oportunidades de crecimiento profesional, en El Oriente ponemos a tu disposici\u00f3n semanalmente ofertas de empleo disponibles en la ciudad de Oaxaca de Ju\u00e1rez, municipios conurbados y en regiones al interior del estado.<\/p>\n<p><strong><a href=\"http:\/\/app.abriendoespacios.gob.mx\/STPSAbriendoEspaciosWeb\/content\/oferta\/DetalleOferta.jsf?idOfertaSel=1501867&amp;page=2\" target=\"_blank\">1. Auxiliar en Sistemas (con discapacidad motriz permitida)<\/a><\/strong><\/p>\n<p>Con pasant\u00eda o licenciatura en sistemas computacionales, esta vacante publicada por Zapater\u00edas Candy tiene la particularidad de que permite la postulaci\u00f3n de candidatos con alguna discapacidad, en este caso, motriz.<\/p>\n<p>Por lo tanto, las habilidades y actitudes que se solicitan son m\u00e1s bien calidad en el trabajo, compromiso, orientaci\u00f3n a resultados, entre otros. En d\u00edas laborables es de lunes a viernes, y s\u00e1bados de 10 a 15 horas, con un salario de $5,000.00 mensuales con prestaciones de ley.<\/p>\n<p>El rango de edad es de 22 a 30 a\u00f1os. Para m\u00e1s informaci\u00f3n, dar click en el t\u00edtulo de la vacante.<\/p>\n<p><a href=\"http:\/\/app.abriendoespacios.gob.mx\/STPSAbriendoEspaciosWeb\/content\/oferta\/DetalleOferta.jsf?idOfertaSel=1460378&amp;page=1\" target=\"_blank\"><strong>2. Chef (con discapacidad motriz permitida)<\/strong><\/a><\/p>\n<p>Con un horario laboral de 8 a 16 horas, y con trabajo diario, la Cafeter\u00eda Titos abri\u00f3 una vacante para Chef, con una remuneraci\u00f3n de $6,000 mensuales y con contrataci\u00f3n por tiempo indeterminado.<\/p>\n<p>El empleado o chef solicitado deber\u00e1 tener entre 25 y 40 a\u00f1os con conocimiento profesional en gastronom\u00eda. Los horarios de descanso var\u00edan.<\/p>\n<p>La Tolerancia a la presi\u00f3n es una habilidad que se considera fundamental para este trabajo, as\u00ed como la calidad en el trabajo y la orientaci\u00f3n a resultados. Para m\u00e1s informaci\u00f3n, dar click en el t\u00edtulo de la vacante.<\/p>\n<p><strong><a href=\"http:\/\/www.trabajaen.gob.mx\/servlet\/CheckSecurity\/JSP\/jobsite_g\/js_proces_mex_dof.jsp?PAR_ORG=16&amp;PAR_JOB=63879\" target=\"_blank\">3. Jefe de la Oficina Regional Mixteca de Secretar\u00eda de Medio Ambiente<\/a><\/strong><\/p>\n<p>Entre los d\u00edas 11 y 24 de febrero de 2015, aspirantes a esta vacante como Jefe de la Oficina Regional Mixteca de la Secretar\u00eda de Medio Ambiente y Recursos Naturales de M\u00e9xico, deber\u00e1n acudir a su registro en Trabajaen.<\/p>\n<p>Con adscripci\u00f3n a la Delegaci\u00f3n Oaxaca de la Secretar\u00eda, el Jefe de la Oficina Regional, entre otras cosas, atiende la ejecuci\u00f3n de los programas en el \u00e1mbito territorial designado; participa en la integraci\u00f3n de inventarios de recursos naturales y fuentes contaminantes, entre otras.<\/p>\n<p>Se requiere t\u00edtulo y experiencia en lo campos de ciencia pol\u00edtica, administraci\u00f3n p\u00fablica, medio ambiente y\/o ecolog\u00eda.<\/p>\n<p>La Remuneraci\u00f3n Mensual Bruta es de $19,432.72. Para atender dudas sobre esta vacante: (55) 55-54902100 Extensiones 14515 y 22120, de 9 a 18 horas de lunes a viernes y\/o dar click en el t\u00edtulo de la vacante,<\/p>\n<p>&nbsp;<\/p>\n<p>&nbsp;<br \/>\n<script src=\"\/\/pagead2.googlesyndication.com\/pagead\/js\/adsbygoogle.js\" async=\"\"><\/script><!-- BANNER ELORIENTE INCRUSTADO NOTAS --> <ins class=\"adsbygoogle\" style=\"display: inline-block; width: 300px; height: 250px;\" data-ad-client=\"ca-pub-1136171134853753\" data-ad-slot=\"7974633627\"><\/ins><script>\/\/ <![CDATA[\n(adsbygoogle = window.adsbygoogle || []).push({});\n\/\/ ]]><\/script><br \/>\n<strong><a href=\"http:\/\/www.empleospetroleros.com\/display-job\/186037\/especialista-en-procesos-(Salina-Cruz).html?searchId=1424197918.65&amp;page=1\" target=\"_blank\">\u00a04. Especialista en procesos en Dirac Ingenieros Consultores<\/a><\/strong><\/p>\n<p>Entre diversos empleos en el ramo energ\u00e9tico, el pasado mes de enero esta empresa public\u00f3 esta vacante (verificar disponibilidad) dirigida a ingenieros, ingenieros petroleros, ingenieros en producci\u00f3n, evaluaci\u00f3n o en yacimientos, para trabajar como especialista en procesos en dicha empresa.<\/p>\n<p>La remuneraci\u00f3n es de $20,000 brutos al mes y la residencia es en Salina Cruz, Oaxaca.<\/p>\n<p>Entre otras cosas se requieren 5 a\u00f1os de experiencia en supervisi\u00f3n y control de obras de ingenieria, conocimiento de normas internas de PEMEX refinaci\u00f3n, codigos y estandares nacionales e internacionales.<\/p>\n<p>Para conocer m\u00e1s detalles, da click en el t\u00edtulo de la vacante.<\/p>\n<p><strong>5. Gerencia Comercial<\/strong><\/p>\n<p>Con actividades de relaciones p\u00fablicas, ventas y dise\u00f1o de estrategias comerciales, Staffcom, Despacho de Comunicaci\u00f3n est\u00e1 solicitando un gerente comercial.<\/p>\n<p>El perfil es excelente presentaci\u00f3n, disponibilidad de tiempo, seriedad y profesionalismo. Se ofrece un sueldo base e ingresos por comisi\u00f3n (altos).<\/p>\n<p>Los proyectos a comercializar son relacionados con espacios en medios de comunicaci\u00f3n. Para aplicar a esta vacante, enviar CV a staffcom.oaxaca@gmail.com<\/p>\n<p><a href=\"http:\/\/www.eloriente.net\/home\/wp-content\/uploads\/2014\/05\/principal-martes-vacantes.jpg\"><img loading=\"lazy\" decoding=\"async\" class=\"alignnone size-medium wp-image-25868\" src=\"http:\/\/www.eloriente.net\/home\/wp-content\/uploads\/2014\/05\/principal-martes-vacantes-300x121.jpg\" alt=\"principal martes vacantes\" width=\"300\" height=\"121\" srcset=\"http:\/\/www.eloriente.net\/home\/wp-content\/uploads\/2014\/05\/principal-martes-vacantes-300x121.jpg 300w, http:\/\/www.eloriente.net\/home\/wp-content\/uploads\/2014\/05\/principal-martes-vacantes.jpg 940w\" sizes=\"(max-width: 300px) 100vw, 300px\" \/><\/a><\/p>\n<p><strong>OTRAS ENTRADAS:<\/strong><\/p>\n<div id=\"post-35162\" class=\"post-35162 post type-post status-publish format-standard has-post-thumbnail hentry category-martesdevacantes category-entradas category-estados category-lo-mas-reciente category-oaxaca-estados category-turismo-y-negocios tag-empleo tag-martes-de-vacantes tag-trabajos-oaxaca entry loop-default border_bottom_30\">\n<h2 class=\"entry_title\"><a title=\"Enlace Permanente a Cinco Vacantes en Asociaciones y proyectos civiles #MartesdeVacantes\" href=\"http:\/\/www.eloriente.net\/home\/2015\/02\/03\/cinco-vacantes-en-asociaciones-y-proyectos-civiles-martesdevacantes\/\" rel=\"bookmark\">Cinco Vacantes en Asociaciones y proyectos civiles #MartesdeVacantes<\/a><\/h2>\n<p><a href=\"http:\/\/www.eloriente.net\/home\/2015\/02\/03\/cinco-vacantes-en-asociaciones-y-proyectos-civiles-martesdevacantes\/\" rel=\"bookmark\"><img decoding=\"async\" class=\"alignleft\" title=\"Cinco Vacantes en Asociaciones y proyectos civiles #MartesdeVacantes\" src=\"http:\/\/www.eloriente.net\/home\/wp-content\/themes\/city-desk\/timthumb.php?src=http%3A%2F%2Fwww.eloriente.net%2Fhome%2Fwp-content%2Fuploads%2F2015%2F02%2Fmartes-de-vacantes-tw.png&amp;q=90&amp;w=160&amp;h=106&amp;zc=1\" alt=\"Cinco Vacantes en Asociaciones y proyectos civiles #MartesdeVacantes\" \/><\/a>(www.eloriente.net, Oaxaca, M\u00e9xico, 3 de febrero de 2015).- Conscientes de la importancia para la ciudadan\u00eda en general de la b\u00fasqueda de nuevas oportunidades de crecimiento profesional, en El Oriente ponemos a tu disposici\u00f3n semanalmente ofertas de empleo disponibles en la ciudad de Oaxaca de Ju\u00e1rez, municipios conurbados y en regiones al interior del estado. En [\u2026]<\/p>\n<p class=\"postmeta\"><span class=\"meta_date\">febrero 3, 2015<\/span><span class=\"meta_comment\">Comentarios desactivados<\/span><span class=\"meta_permalink\"><a title=\"Enlace Permanente a Cinco Vacantes en Asociaciones y proyectos civiles #MartesdeVacantes\" href=\"http:\/\/www.eloriente.net\/home\/2015\/02\/03\/cinco-vacantes-en-asociaciones-y-proyectos-civiles-martesdevacantes\/\" rel=\"bookmark\">Leer Mas<\/a><\/span><span class=\"meta_edit\"><a class=\"post-edit-link\" href=\"http:\/\/www.eloriente.net\/home\/wp-admin\/post.php?post=35162&amp;action=edit\">#<\/a><\/span><\/p>\n<\/div>\n<div id=\"post-35095\" class=\"post-35095 post type-post status-publish format-standard has-post-thumbnail hentry category-martesdevacantes category-entradas category-especiales category-estados category-mexico-y-el-mundo category-oaxaca-estados category-principal tag-directivos tag-empleos tag-empleos-en-oaxaca tag-naciones-unidas tag-trabajos entry loop-default border_bottom_30\">\n<h2 class=\"entry_title\"><a title=\"Enlace Permanente a Cinco Vacantes en Oaxaca para Nivel Directivo #MartesdeVacantes\" href=\"http:\/\/www.eloriente.net\/home\/2015\/01\/27\/cinco-vacantes-en-oaxaca-para-nivel-directivo-martesdevacantes\/\" rel=\"bookmark\">Cinco Vacantes en Oaxaca para Nivel Directivo #MartesdeVacantes<\/a><\/h2>\n<p><a href=\"http:\/\/www.eloriente.net\/home\/2015\/01\/27\/cinco-vacantes-en-oaxaca-para-nivel-directivo-martesdevacantes\/\" rel=\"bookmark\"><img decoding=\"async\" class=\"alignleft\" title=\"Cinco Vacantes en Oaxaca para Nivel Directivo #MartesdeVacantes\" src=\"http:\/\/www.eloriente.net\/home\/wp-content\/themes\/city-desk\/timthumb.php?src=http%3A%2F%2Fwww.eloriente.net%2Fhome%2Fwp-content%2Fuploads%2F2014%2F05%2Fprincipal-martes-vacantes.jpg&amp;q=90&amp;w=160&amp;h=106&amp;zc=1\" alt=\"Cinco Vacantes en Oaxaca para Nivel Directivo #MartesdeVacantes\" \/><\/a>(www.eloriente.net, Oaxaca, M\u00e9xico, 26 de enero de 2015).- Conscientes de la importancia para la ciudadan\u00eda en general de la b\u00fasqueda de nuevas oportunidades de crecimiento profesional, en El Oriente ponemos a tu disposici\u00f3n semanalmente ofertas de empleo disponibles en la ciudad de Oaxaca de Ju\u00e1rez, municipios conurbados y en regiones al interior del estado. 1. [\u2026]<\/p>\n<p class=\"postmeta\"><span class=\"meta_date\">enero 27, 2015<\/span><\/p>\n<\/div>\n<p>&nbsp;<\/p>\n\n\t\t\t  <div \n\t\t\t  \tclass = \"fb-comments\" \n\t\t\t  \tdata-href = \"http:\/\/www.eloriente.net\/home\/2015\/02\/17\/cinco-vacantes-en-oaxaca-martesdevacantes\/\"\n\t\t\t  \tdata-numposts = \"10\"\n\t\t\t\tdata-colorscheme = \"dark\"\n\t\t\t\tdata-order-by = \"social\"\n\t\t\t\tdata-mobile=true>\n\t\t\t  <\/div>\n\t\t  <style>\n\t\t\t.fb_iframe_widget_fluid_desktop iframe {\n\t\t\t    width: 100% !important;\n\t\t\t}\n\t\t  <\/style>\n\t\t  ","protected":false},"excerpt":{"rendered":"<p>(www.eloriente.net, M\u00e9xico, 17 de febrero de 2015).- Conscientes de la importancia para la ciudadan\u00eda en general de la b\u00fasqueda de nuevas oportunidades de crecimiento profesional, en El Oriente ponemos a tu disposici\u00f3n semanalmente ofertas de empleo disponibles en la ciudad de Oaxaca de Ju\u00e1rez, municipios conurbados y en regiones al interior del estado. 1. Auxiliar [&hellip;]<\/p>\n","protected":false},"author":1,"featured_media":25868,"comment_status":"open","ping_status":"open","sticky":false,"template":"","format":"standard","meta":{"_jetpack_memberships_contains_paid_content":false,"footnotes":""},"categories":[942,29,49,32,13,19],"tags":[3127,1184,3385,889],"class_list":["post-35602","post","type-post","status-publish","format-standard","has-post-thumbnail","hentry","category-martesdevacantes","category-capital","category-destacadas","category-entradas","category-especiales","category-turismo-y-negocios","tag-empleos-oaxaca","tag-salina-cruz","tag-trabajos-en-oaxaca","tag-vacantes"],"jetpack_featured_media_url":"http:\/\/www.eloriente.net\/home\/wp-content\/uploads\/2014\/05\/principal-martes-vacantes.jpg","jetpack_sharing_enabled":true,"_links":{"self":[{"href":"http:\/\/www.eloriente.net\/home\/wp-json\/wp\/v2\/posts\/35602"}],"collection":[{"href":"http:\/\/www.eloriente.net\/home\/wp-json\/wp\/v2\/posts"}],"about":[{"href":"http:\/\/www.eloriente.net\/home\/wp-json\/wp\/v2\/types\/post"}],"author":[{"embeddable":true,"href":"http:\/\/www.eloriente.net\/home\/wp-json\/wp\/v2\/users\/1"}],"replies":[{"embeddable":true,"href":"http:\/\/www.eloriente.net\/home\/wp-json\/wp\/v2\/comments?post=35602"}],"version-history":[{"count":1,"href":"http:\/\/www.eloriente.net\/home\/wp-json\/wp\/v2\/posts\/35602\/revisions"}],"predecessor-version":[{"id":35603,"href":"http:\/\/www.eloriente.net\/home\/wp-json\/wp\/v2\/posts\/35602\/revisions\/35603"}],"wp:featuredmedia":[{"embeddable":true,"href":"http:\/\/www.eloriente.net\/home\/wp-json\/wp\/v2\/media\/25868"}],"wp:attachment":[{"href":"http:\/\/www.eloriente.net\/home\/wp-json\/wp\/v2\/media?parent=35602"}],"wp:term":[{"taxonomy":"category","embeddable":true,"href":"http:\/\/www.eloriente.net\/home\/wp-json\/wp\/v2\/categories?post=35602"},{"taxonomy":"post_tag","embeddable":true,"href":"http:\/\/www.eloriente.net\/home\/wp-json\/wp\/v2\/tags?post=35602"}],"curies":[{"name":"wp","href":"https:\/\/api.w.org\/{rel}","templated":true}]}}