{"id":35604,"date":"2015-02-17T13:55:23","date_gmt":"2015-02-17T19:55:23","guid":{"rendered":"http:\/\/www.eloriente.net\/home\/?p=35604"},"modified":"2015-02-17T13:55:23","modified_gmt":"2015-02-17T19:55:23","slug":"20feb15-espacios-de-paz-construir-espacios-de-tregua-en-ciudades","status":"publish","type":"post","link":"http:\/\/www.eloriente.net\/home\/2015\/02\/17\/20feb15-espacios-de-paz-construir-espacios-de-tregua-en-ciudades\/","title":{"rendered":"20\/Feb\/15 Espacios de Paz, construir espacios de tregua en ciudades"},"content":{"rendered":"<p>eloriente.net\/Casa de la Ciudad<\/p>\n<p>17 de febrero de 2015<\/p>\n<p>Oaxaca, Oax.- Promover una cultura de paz que propicie la convivencia ciudadana en armon\u00eda pasa por resemantizar los territorios. Garantizar que aquellos lugares de exclusi\u00f3n y violencia en las ciudades se transformen en una zona de tregua para el encuentro y disfrute colectivo es el objetivo del proyecto Espacios de Paz, liderado por la oficina de arquitectura venezolana Pico Estudio.<\/p>\n<p><a href=\"http:\/\/www.eloriente.net\/home\/wp-content\/uploads\/2015\/02\/Conferencia-Espacios-de-paz.jpg\"><img loading=\"lazy\" decoding=\"async\" class=\"alignnone size-full wp-image-35605\" src=\"http:\/\/www.eloriente.net\/home\/wp-content\/uploads\/2015\/02\/Conferencia-Espacios-de-paz.jpg\" alt=\"Conferencia Espacios de paz\" width=\"600\" height=\"600\" srcset=\"http:\/\/www.eloriente.net\/home\/wp-content\/uploads\/2015\/02\/Conferencia-Espacios-de-paz.jpg 600w, http:\/\/www.eloriente.net\/home\/wp-content\/uploads\/2015\/02\/Conferencia-Espacios-de-paz-150x150.jpg 150w, http:\/\/www.eloriente.net\/home\/wp-content\/uploads\/2015\/02\/Conferencia-Espacios-de-paz-300x300.jpg 300w, http:\/\/www.eloriente.net\/home\/wp-content\/uploads\/2015\/02\/Conferencia-Espacios-de-paz-50x50.jpg 50w\" sizes=\"(max-width: 600px) 100vw, 600px\" \/><\/a><\/p>\n<p>A trav\u00e9s de un ejercicio de dise\u00f1o participativo, el proyecto \u2014llevado a cabo por primera vez en el 2014 en cinco comunidades de Venezuela\u2014 busca activar procesos de trasformaci\u00f3n f\u00edsica y social a partir de la autoconstrucci\u00f3n de espacios p\u00fablicos en contextos urbanos conflictivos.<\/p>\n<p>Mediante la transformaci\u00f3n de los espacios residuales y en desuso, este modelo busca crear\u00a0din\u00e1micas sociales que inviten a nuevas formas de convivencia y relaciones en las comunidades, transformando las categor\u00edas fundamentales que rigen la vida cotidiana: el uso del tiempo y el espacio.<\/p>\n<p>La metodolog\u00eda de esta iniciativa consiste en un\u00a0taller participativo de seis semanas de duraci\u00f3n, que involucra a cinco grupos de arquitectos a nivel internacional, en donde cada uno se centra en el desarrollo de un proyecto en una comunidad\u00a0espec\u00edfica. Este proyecto, que ha tenido gran \u00e9xito, se replicar\u00e1 en la ciudad de Quer\u00e9taro, construy\u00e9ndose el primer Espacio de Paz en nuestro pa\u00eds.<\/p>\n<p>La conferencia Espacios de Paz, de entrada libre, se llevar\u00e1 a cabo el d\u00eda viernes 20 de febrero, a las 19:00 horas en Casa de la Ciudad, una iniciativa de la Fundaci\u00f3n Alfredo Harp Hel\u00fa Oaxaca (FAHHO), que se encuentra ubicada en la calle de Porfirio D\u00edaz n\u00ba 115,\u00a0esquina Morelos,\u00a0Centro Hist\u00f3rico, de la ciudad de Oaxaca.<\/p>\n<p><strong>OTRAS ENTRADAS:<\/strong><\/p>\n<div id=\"post-34088\" class=\"post-34088 post type-post status-publish format-standard has-post-thumbnail hentry category-entradas category-lo-mas-reciente category-principal category-turismo-y-negocios tag-turismo-academicos entry loop-default border_bottom_30\">\n<h2 class=\"entry_title\"><a title=\"Enlace Permanente a Desarrollo de Turismo Cultural en M\u00e9xico\" href=\"http:\/\/www.eloriente.net\/home\/2014\/11\/20\/desarrollo-de-turismo-cultural-en-mexico\/\" rel=\"bookmark\">Desarrollo de Turismo Cultural en M\u00e9xico<\/a><\/h2>\n<p><a href=\"http:\/\/www.eloriente.net\/home\/2014\/11\/20\/desarrollo-de-turismo-cultural-en-mexico\/\" rel=\"bookmark\"><img decoding=\"async\" class=\"alignleft\" title=\"Desarrollo de Turismo Cultural en M\u00e9xico\" src=\"http:\/\/www.eloriente.net\/home\/wp-content\/themes\/city-desk\/timthumb.php?src=http%3A%2F%2Fwww.eloriente.net%2Fhome%2Fwp-content%2Fuploads%2F2014%2F11%2FTurismo-Cultural.jpg&amp;q=90&amp;w=160&amp;h=106&amp;zc=1\" alt=\"Desarrollo de Turismo Cultural en M\u00e9xico\" \/><\/a>eloriente.net 20\/noviembre\/2014 M\u00e9xico cuenta con un Programa de Turismo Cultural, elaborado por la Secretar\u00eda de Turismo (SECTUR) que incluye el desarrollo de nuevos productos tur\u00edsticos en los sitios culturales, actividades que destaquen sus encantos y permitan la diferenciaci\u00f3n entre las ciudades culturales. El Turismo Cultural se define como \u201cAquel viaje tur\u00edstico motivado por conocer, comprender [\u2026]<\/p>\n<p class=\"postmeta\"><span class=\"meta_date\">noviembre 20, 2014<\/span><\/p>\n<\/div>\n<div id=\"post-34068\" class=\"post-34068 post type-post status-publish format-standard has-post-thumbnail hentry category-comunicados-y-boletines category-educacion-y-cultura category-entradas category-lo-mas-reciente category-municipios category-oaxaca-estados category-universidades tag-plan-de-desarrollo-municipal tag-san-juan-del-estado tag-uabjo entry loop-default border_bottom_30\">\n<h2 class=\"entry_title\"><a title=\"Enlace Permanente a San Juan del Estado, desarrollo con sustento acad\u00e9mico\" href=\"http:\/\/www.eloriente.net\/home\/2014\/11\/19\/san-juan-del-estado-desarrollo-con-sustento-academico\/\" rel=\"bookmark\">San Juan del Estado, desarrollo con sustento acad\u00e9mico<\/a><\/h2>\n<p><a href=\"http:\/\/www.eloriente.net\/home\/2014\/11\/19\/san-juan-del-estado-desarrollo-con-sustento-academico\/\" rel=\"bookmark\"><img decoding=\"async\" class=\"alignleft\" title=\"San Juan del Estado, desarrollo con sustento acad\u00e9mico\" src=\"http:\/\/www.eloriente.net\/home\/wp-content\/themes\/city-desk\/timthumb.php?src=http%3A%2F%2Fwww.eloriente.net%2Fhome%2Fwp-content%2Fuploads%2F2014%2F11%2F19.jpg&amp;q=90&amp;w=160&amp;h=106&amp;zc=1\" alt=\"San Juan del Estado, desarrollo con sustento acad\u00e9mico\" \/><\/a>eloriente.net \/ UABJO 19\/noviembre\/2014 El rector de la Universidad Aut\u00f3noma \u201cBenito Ju\u00e1rez\u201d de Oaxaca (UABJO), Eduardo Mart\u00ednez Helmes, acompa\u00f1ado de la directora de la Agencia de Desarrollo UABJO, Ana Luz Ramos Soto, entreg\u00f3 el Plan de Desarrollo Municipal elaborado por acad\u00e9micos de la instituci\u00f3n, al presidente de la comunidad de San Juan del Estado, Pedro [\u2026]<\/p>\n<p class=\"postmeta\"><span class=\"meta_date\">noviembre 19, 2014<\/span><\/p>\n<\/div>\n<p>&nbsp;<\/p>\n\n\t\t\t  <div \n\t\t\t  \tclass = \"fb-comments\" \n\t\t\t  \tdata-href = \"http:\/\/www.eloriente.net\/home\/2015\/02\/17\/20feb15-espacios-de-paz-construir-espacios-de-tregua-en-ciudades\/\"\n\t\t\t  \tdata-numposts = \"10\"\n\t\t\t\tdata-colorscheme = \"dark\"\n\t\t\t\tdata-order-by = \"social\"\n\t\t\t\tdata-mobile=true>\n\t\t\t  <\/div>\n\t\t  <style>\n\t\t\t.fb_iframe_widget_fluid_desktop iframe {\n\t\t\t    width: 100% !important;\n\t\t\t}\n\t\t  <\/style>\n\t\t  ","protected":false},"excerpt":{"rendered":"<p>eloriente.net\/Casa de la Ciudad 17 de febrero de 2015 Oaxaca, Oax.- Promover una cultura de paz que propicie la convivencia ciudadana en armon\u00eda pasa por resemantizar los territorios. Garantizar que aquellos lugares de exclusi\u00f3n y violencia en las ciudades se transformen en una zona de tregua para el encuentro y disfrute colectivo es el objetivo [&hellip;]<\/p>\n","protected":false},"author":1,"featured_media":35605,"comment_status":"open","ping_status":"open","sticky":false,"template":"","format":"standard","meta":{"_jetpack_memberships_contains_paid_content":false,"footnotes":""},"categories":[8,29,32,63,464],"tags":[2374,73,3386,479],"class_list":["post-35604","post","type-post","status-publish","format-standard","has-post-thumbnail","hentry","category-agenda","category-capital","category-entradas","category-estados","category-oaxaca-estados","tag-desarrollo-urbano","tag-oaxaca","tag-periferias","tag-venezuela"],"jetpack_featured_media_url":"http:\/\/www.eloriente.net\/home\/wp-content\/uploads\/2015\/02\/Conferencia-Espacios-de-paz.jpg","jetpack_sharing_enabled":true,"_links":{"self":[{"href":"http:\/\/www.eloriente.net\/home\/wp-json\/wp\/v2\/posts\/35604"}],"collection":[{"href":"http:\/\/www.eloriente.net\/home\/wp-json\/wp\/v2\/posts"}],"about":[{"href":"http:\/\/www.eloriente.net\/home\/wp-json\/wp\/v2\/types\/post"}],"author":[{"embeddable":true,"href":"http:\/\/www.eloriente.net\/home\/wp-json\/wp\/v2\/users\/1"}],"replies":[{"embeddable":true,"href":"http:\/\/www.eloriente.net\/home\/wp-json\/wp\/v2\/comments?post=35604"}],"version-history":[{"count":1,"href":"http:\/\/www.eloriente.net\/home\/wp-json\/wp\/v2\/posts\/35604\/revisions"}],"predecessor-version":[{"id":35606,"href":"http:\/\/www.eloriente.net\/home\/wp-json\/wp\/v2\/posts\/35604\/revisions\/35606"}],"wp:featuredmedia":[{"embeddable":true,"href":"http:\/\/www.eloriente.net\/home\/wp-json\/wp\/v2\/media\/35605"}],"wp:attachment":[{"href":"http:\/\/www.eloriente.net\/home\/wp-json\/wp\/v2\/media?parent=35604"}],"wp:term":[{"taxonomy":"category","embeddable":true,"href":"http:\/\/www.eloriente.net\/home\/wp-json\/wp\/v2\/categories?post=35604"},{"taxonomy":"post_tag","embeddable":true,"href":"http:\/\/www.eloriente.net\/home\/wp-json\/wp\/v2\/tags?post=35604"}],"curies":[{"name":"wp","href":"https:\/\/api.w.org\/{rel}","templated":true}]}}