{"id":35619,"date":"2015-02-19T18:18:31","date_gmt":"2015-02-20T00:18:31","guid":{"rendered":"http:\/\/www.eloriente.net\/home\/?p=35619"},"modified":"2015-02-19T18:18:31","modified_gmt":"2015-02-20T00:18:31","slug":"ningun-puesto-mas-en-oaxaca-de-juarez-firman-lideres-de-ambulantes","status":"publish","type":"post","link":"http:\/\/www.eloriente.net\/home\/2015\/02\/19\/ningun-puesto-mas-en-oaxaca-de-juarez-firman-lideres-de-ambulantes\/","title":{"rendered":"Ning\u00fan puesto m\u00e1s en Oaxaca de Ju\u00e1rez: firman l\u00edderes de ambulantes"},"content":{"rendered":"<p>eloriente.net\/Gobierno de Oaxaca de Ju\u00e1rez<\/p>\n<p>19 de febrero de 2015<\/p>\n<p>Dirigentes de organizaciones sociales y comerciantes en v\u00eda p\u00fablica que representan un 90 por ciento del comercio ambulante se comprometieron ante el Presidente Municipal de Oaxaca de Ju\u00e1rez, Javier Villaca\u00f1a Jim\u00e9nez a no colocar ning\u00fan puesto m\u00e1s dentro de la municipalidad, bajo el entendido que las autoridades no autorizar\u00e1n ni tolerar\u00e1n su instalaci\u00f3n y permanencia.<\/p>\n<p>Los l\u00edderes Israel Ram\u00edrez Bracamontes de grupo LAZCAR; Jos\u00e9 Luis Aquino Santiago, secretario general de grupo LAZCAR; Leovigildo Aquino Santiago de Nueva Sociedad Siglo XXI; Eugenia Carmela Luj\u00e1n de la Uni\u00f3n Renacimiento; Yolanda Ortega Garc\u00eda de la Uni\u00f3n de Comerciantes Margarita Maza de Ju\u00e1rez; Juan Hern\u00e1ndez de la Uni\u00f3n Macedonio Alcal\u00e1; y, por el Frente Popular 14 de Junio, Francisco Mart\u00ednez S\u00e1nchez, Javier Francisco Mart\u00ednez Rodr\u00edguez \u00a0y Javier Ram\u00edrez Ju\u00e1rez, firmaron el acuerdo.<\/p>\n<p>El documento suscrito por los dirigentes de organizaciones dedicadas al comercio en v\u00eda p\u00fablica establece su compromiso con la autoridad municipal para no seguir da\u00f1ando y deteriorando la imagen del Centro Hist\u00f3rico de la ciudad de Oaxaca de Ju\u00e1rez, y evitar que se ponga en riesgo la denominaci\u00f3n de Patrimonio Cultural de la Humanidad.<\/p>\n<p>En un hecho de voluntad y gobierno, tambi\u00e9n acordaron ante el edil de la ciudad conducirse con cabalidad, respetar a la ciudadan\u00eda en general, as\u00ed como a las personas que se dedican al comercio establecido, e incluir a todos y cada uno de sus agremiados con alguna actividad comercial en v\u00eda p\u00fablica al censo o padr\u00f3n que la autoridad tenga debidamente autorizado y validado.<\/p>\n<p>Con la firma del acuerdo, autoridades municipales encabezadas por el Presidente, Javier Villaca\u00f1a y l\u00edderes de organizaciones pactaron resolver de manera definitiva y contundente el crecimiento desmedido, irregular y desproporcionado de la actividad econ\u00f3mica comercial en v\u00eda p\u00fablica; proporcionar una mejor calidad en el desarrollo de su actividad econ\u00f3mica; y evitar que se pierda la categor\u00eda de Ciudad Patrimonio Cultural de la Humanidad.<\/p>\n<p>Y que las personas que se dedican al comercio en v\u00eda p\u00fablica se sujeten \u00fanicamente a las leyes y reglamentos existentes.<\/p>\n<p><a href=\"http:\/\/www.eloriente.net\/home\/wp-content\/uploads\/2015\/02\/reunio\u0301n-con-lideres-de-ambulantes-8.jpg\"><img loading=\"lazy\" decoding=\"async\" class=\"alignnone size-medium wp-image-35620\" src=\"http:\/\/www.eloriente.net\/home\/wp-content\/uploads\/2015\/02\/reunio\u0301n-con-lideres-de-ambulantes-8-300x200.jpg\" alt=\"reunio\u0301n con lideres de ambulantes-8\" width=\"300\" height=\"200\" srcset=\"http:\/\/www.eloriente.net\/home\/wp-content\/uploads\/2015\/02\/reunio\u0301n-con-lideres-de-ambulantes-8-300x200.jpg 300w, http:\/\/www.eloriente.net\/home\/wp-content\/uploads\/2015\/02\/reunio\u0301n-con-lideres-de-ambulantes-8-1024x682.jpg 1024w, http:\/\/www.eloriente.net\/home\/wp-content\/uploads\/2015\/02\/reunio\u0301n-con-lideres-de-ambulantes-8.jpg 1200w\" sizes=\"(max-width: 300px) 100vw, 300px\" \/><\/a><\/p>\n<p>IMAGEN: Gobierno Municipal<\/p>\n<p><strong>OTRAS ENTRADAS:<\/strong><\/p>\n<div id=\"post-33671\" class=\"post-33671 post type-post status-publish format-standard has-post-thumbnail hentry category-capital category-editorial category-entradas category-estados category-oaxaca-estados category-politica-y-gobierno category-principal tag-ambulantaje tag-comercio tag-javier-villacana tag-municipio tag-oaxaca-de-juarez entry loop-default border_bottom_30\">\n<h2 class=\"entry_title\"><a title=\"Enlace Permanente a \u00bfCu\u00e1ntos ambulantes m\u00e1s ser\u00e1n suficientes?\" href=\"http:\/\/www.eloriente.net\/home\/2014\/11\/03\/cuantos-ambulantes-mas-seran-suficientes\/\" rel=\"bookmark\">\u00bfCu\u00e1ntos ambulantes m\u00e1s ser\u00e1n suficientes?<\/a><\/h2>\n<p><a href=\"http:\/\/www.eloriente.net\/home\/2014\/11\/03\/cuantos-ambulantes-mas-seran-suficientes\/\" rel=\"bookmark\"><img decoding=\"async\" class=\"alignleft\" title=\"\u00bfCu\u00e1ntos ambulantes m\u00e1s ser\u00e1n suficientes?\" src=\"http:\/\/www.eloriente.net\/home\/wp-content\/themes\/city-desk\/timthumb.php?src=http%3A%2F%2Fwww.eloriente.net%2Fhome%2Fwp-content%2Fuploads%2F2014%2F11%2FMacedonio-Alcala%CC%81-eloriente.net_.jpg&amp;q=90&amp;w=160&amp;h=106&amp;zc=1\" alt=\"\u00bfCu\u00e1ntos ambulantes m\u00e1s ser\u00e1n suficientes?\" \/><\/a>eloriente.net 3 de noviembre de 2014 La primera puerta a la izquierda (seg\u00fan la imagen de arriba) es la entrada principal al Museo de Arte Contempor\u00e1neo de Oaxaca (MACO), uno de los recintos art\u00edsticos m\u00e1s reconocidos del pa\u00eds. Al fondo a la izquierda, se encuentra la Biblioteca P\u00fablica Central de Oaxaca y, en el mismo [\u2026]<\/p>\n<p class=\"postmeta\"><span class=\"meta_date\">noviembre 3, 2014<\/span><\/p>\n<\/div>\n<div id=\"post-21520\" class=\"post-21520 post type-post status-publish format-standard has-post-thumbnail hentry category-entradas category-lo-mas-reciente category-municipios entry loop-default border_bottom_30\">\n<h2 class=\"entry_title\"><a title=\"Enlace Permanente a Ambulantes que no est\u00e9n en censo 2008 ser\u00e1n levantados: Cabildo de Oaxaca\" href=\"http:\/\/www.eloriente.net\/home\/2014\/02\/25\/ambulantes-censo-2008-levantados-cabildo\/\" rel=\"bookmark\">Ambulantes que no est\u00e9n en censo 2008 ser\u00e1n levantados: Cabildo de Oaxaca<\/a><\/h2>\n<p><a href=\"http:\/\/www.eloriente.net\/home\/2014\/02\/25\/ambulantes-censo-2008-levantados-cabildo\/\" rel=\"bookmark\"><img decoding=\"async\" class=\"alignleft\" title=\"Ambulantes que no est\u00e9n en censo 2008 ser\u00e1n levantados: Cabildo de Oaxaca\" src=\"http:\/\/www.eloriente.net\/home\/wp-content\/themes\/city-desk\/timthumb.php?src=http%3A%2F%2Fwww.eloriente.net%2Fhome%2Fwp-content%2Fuploads%2F2014%2F02%2Fcabildo1.jpg&amp;q=90&amp;w=160&amp;h=106&amp;zc=1\" alt=\"Ambulantes que no est\u00e9n en censo 2008 ser\u00e1n levantados: Cabildo de Oaxaca\" \/><\/a>eloriente.net\/Ayuntamiento de Oaxaca de Ju\u00e1rez 25 de febrero de 2014 Por mayor\u00eda, los integrantes del Honorable Cabildo de Oaxaca de Ju\u00e1rez refrendaron la vigencia y validez del acuerdo municipal del 22 de octubre del 2008, reconociendo respeto absoluto al censo levantado por la autoridad en ese a\u00f1o, prohibiendo la instalaci\u00f3n de alg\u00fan puesto m\u00e1s a [\u2026]<\/p>\n<p class=\"postmeta\"><span class=\"meta_date\">febrero 25, 2014<\/span><\/p>\n<\/div>\n<div id=\"post-34880\" class=\"post-34880 post type-post status-publish format-standard has-post-thumbnail hentry category-lunesdepolitica category-agenda category-capital category-destacadas category-editorial category-entradas category-estados category-municipios category-oaxaca-estados category-politica-y-gobierno category-principal tag-centro-de-convenciones tag-chimalapas tag-congreso-de-oaxaca tag-cotv tag-desempleo tag-elecciones-oaxaca tag-policia tag-reforma-educativa tag-television-estatal tag-trabajo-infantil tag-transparencia tag-zona-economica-del-sur entry loop-default border_bottom_30\">\n<h2 class=\"entry_title\"><a title=\"Enlace Permanente a Una Agenda para Oaxaca 2015: 10 temas\" href=\"http:\/\/www.eloriente.net\/home\/2015\/01\/08\/una-agenda-para-oaxaca-2015-10-temas\/\" rel=\"bookmark\">Una Agenda para Oaxaca 2015: 10 temas<\/a><\/h2>\n<p><a href=\"http:\/\/www.eloriente.net\/home\/2015\/01\/08\/una-agenda-para-oaxaca-2015-10-temas\/\" rel=\"bookmark\"><img decoding=\"async\" class=\"alignleft\" title=\"Una Agenda para Oaxaca 2015: 10 temas\" src=\"http:\/\/www.eloriente.net\/home\/wp-content\/themes\/city-desk\/timthumb.php?src=http%3A%2F%2Fwww.eloriente.net%2Fhome%2Fwp-content%2Fuploads%2F2015%2F01%2FHierve-el-Agua-cc-Karen-Cant%C3%BA-CC-e1420682803912.jpg&amp;q=90&amp;w=160&amp;h=106&amp;zc=1\" alt=\"Una Agenda para Oaxaca 2015: 10 temas\" \/><\/a>8 de enero de 2015 Editorial @El_Oriente Quienes tienen la generosidad de leernos, recordar\u00e1n que en ELORIENTE.NET hemos reiterado nuestra vocaci\u00f3n como un medio (no-noticioso) interesado en colaborar a que las personas encontremos m\u00e1s y mejores condiciones y motivos para experimentar la vida. Para nosotros importa la felicidad, el bienestar, la dicha, la experiencia est\u00e9tica, [\u2026]<\/p>\n<p class=\"postmeta\"><span class=\"meta_date\">enero 8, 2015<\/span><\/p>\n<\/div>\n\n\t\t\t  <div \n\t\t\t  \tclass = \"fb-comments\" \n\t\t\t  \tdata-href = \"http:\/\/www.eloriente.net\/home\/2015\/02\/19\/ningun-puesto-mas-en-oaxaca-de-juarez-firman-lideres-de-ambulantes\/\"\n\t\t\t  \tdata-numposts = \"10\"\n\t\t\t\tdata-colorscheme = \"dark\"\n\t\t\t\tdata-order-by = \"social\"\n\t\t\t\tdata-mobile=true>\n\t\t\t  <\/div>\n\t\t  <style>\n\t\t\t.fb_iframe_widget_fluid_desktop iframe {\n\t\t\t    width: 100% !important;\n\t\t\t}\n\t\t  <\/style>\n\t\t  ","protected":false},"excerpt":{"rendered":"<p>eloriente.net\/Gobierno de Oaxaca de Ju\u00e1rez 19 de febrero de 2015 Dirigentes de organizaciones sociales y comerciantes en v\u00eda p\u00fablica que representan un 90 por ciento del comercio ambulante se comprometieron ante el Presidente Municipal de Oaxaca de Ju\u00e1rez, Javier Villaca\u00f1a Jim\u00e9nez a no colocar ning\u00fan puesto m\u00e1s dentro de la municipalidad, bajo el entendido que [&hellip;]<\/p>\n","protected":false},"author":1,"featured_media":35620,"comment_status":"open","ping_status":"open","sticky":false,"template":"","format":"standard","meta":{"_jetpack_memberships_contains_paid_content":false,"footnotes":""},"categories":[29,1588,22,32,63,10,23,464,21],"tags":[2873,3389,2377],"class_list":["post-35619","post","type-post","status-publish","format-standard","has-post-thumbnail","hentry","category-capital","category-comunicados-y-boletines","category-derechos-humanos","category-entradas","category-estados","category-lo-mas-reciente","category-municipios","category-oaxaca-estados","category-politica-y-gobierno","tag-ambulantaje","tag-gobierno-de-la-ciudad","tag-javier-villacana"],"jetpack_featured_media_url":"http:\/\/www.eloriente.net\/home\/wp-content\/uploads\/2015\/02\/reunio\u0301n-con-lideres-de-ambulantes-8.jpg","jetpack_sharing_enabled":true,"_links":{"self":[{"href":"http:\/\/www.eloriente.net\/home\/wp-json\/wp\/v2\/posts\/35619"}],"collection":[{"href":"http:\/\/www.eloriente.net\/home\/wp-json\/wp\/v2\/posts"}],"about":[{"href":"http:\/\/www.eloriente.net\/home\/wp-json\/wp\/v2\/types\/post"}],"author":[{"embeddable":true,"href":"http:\/\/www.eloriente.net\/home\/wp-json\/wp\/v2\/users\/1"}],"replies":[{"embeddable":true,"href":"http:\/\/www.eloriente.net\/home\/wp-json\/wp\/v2\/comments?post=35619"}],"version-history":[{"count":1,"href":"http:\/\/www.eloriente.net\/home\/wp-json\/wp\/v2\/posts\/35619\/revisions"}],"predecessor-version":[{"id":35621,"href":"http:\/\/www.eloriente.net\/home\/wp-json\/wp\/v2\/posts\/35619\/revisions\/35621"}],"wp:featuredmedia":[{"embeddable":true,"href":"http:\/\/www.eloriente.net\/home\/wp-json\/wp\/v2\/media\/35620"}],"wp:attachment":[{"href":"http:\/\/www.eloriente.net\/home\/wp-json\/wp\/v2\/media?parent=35619"}],"wp:term":[{"taxonomy":"category","embeddable":true,"href":"http:\/\/www.eloriente.net\/home\/wp-json\/wp\/v2\/categories?post=35619"},{"taxonomy":"post_tag","embeddable":true,"href":"http:\/\/www.eloriente.net\/home\/wp-json\/wp\/v2\/tags?post=35619"}],"curies":[{"name":"wp","href":"https:\/\/api.w.org\/{rel}","templated":true}]}}