{"id":35651,"date":"2015-02-25T09:49:31","date_gmt":"2015-02-25T15:49:31","guid":{"rendered":"http:\/\/www.eloriente.net\/home\/?p=35651"},"modified":"2015-02-25T09:49:31","modified_gmt":"2015-02-25T15:49:31","slug":"25feb15-1800-filosofia-estetica-de-jose-vasconcelos-carlos-spindola","status":"publish","type":"post","link":"http:\/\/www.eloriente.net\/home\/2015\/02\/25\/25feb15-1800-filosofia-estetica-de-jose-vasconcelos-carlos-spindola\/","title":{"rendered":"25\/Feb\/15 18:00 Filosof\u00eda Est\u00e9tica de Jos\u00e9 Vasconcelos: Carlos Sp\u00edndola"},"content":{"rendered":"<p><script src=\"\/\/pagead2.googlesyndication.com\/pagead\/js\/adsbygoogle.js\" async=\"\"><\/script><!-- BANNER ELORIENTE INCRUSTADO NOTAS --> <ins class=\"adsbygoogle\" style=\"display: inline-block; width: 300px; height: 250px;\" data-ad-client=\"ca-pub-1136171134853753\" data-ad-slot=\"7974633627\"><\/ins><script>\/\/ <![CDATA[\n(adsbygoogle = window.adsbygoogle || []).push({});\n\/\/ ]]><\/script><br \/>\n&nbsp;<\/p>\n<p>(www.eloriente.net, M\u00e9xico, 25 de febrero de 2015).- Este d\u00eda en la Casa de la Cultura Oaxaque\u00f1a, el &#8216;Maestro de Am\u00e9rica&#8217; ser\u00e1 recordado en su estado, Oaxaca, a trav\u00e9s de la exposici\u00f3n y la interpretaci\u00f3n de su filosof\u00eda est\u00e9tica, que realizar\u00e1 el tambi\u00e9n maestro Carlos Sp\u00edndola P\u00e9rez Guerrero.<\/p>\n<p>Cabe recordar que en Oaxaca, Sp\u00edndola ha sido uno de los principales promotores del pensamiento vasconcelista desde diversas instituciones, incluyendo la rector\u00eda de la universidad que lleva el nombre de Jos\u00e9, hasta el a\u00f1o pasado 2014.<\/p>\n<p>La conferencia adem\u00e1s se presenta en ocasi\u00f3n de que el pr\u00f3ximo d\u00eda 28 de febrero se celebra un aniversario m\u00e1s del nacimiento del pensador, nacido en 1882.<\/p>\n<p>La Casa de la Cultura Oaxaque\u00f1a, dirigida por el exrector de la UABJO, Guillermo Garc\u00eda Manzano, est\u00e1 ubicada en Gonz\u00e1lez Ortega No. 403, Centro. La cita para la conferencia es a las 18:00.<\/p>\n<p>Aqu\u00ed en ELORIENTE.NET como entrem\u00e9s te recomendamos mirar este video de Charlas Mexicanas, conducidas por el propio homenajeado, material rescatado por TVUNAM y la filmoteca de la universidad alma mater de M\u00e9xico.<\/p>\n<p><iframe loading=\"lazy\" src=\"https:\/\/www.youtube.com\/embed\/t6Le_qoo5tI\" width=\"420\" height=\"315\" frameborder=\"0\" allowfullscreen=\"allowfullscreen\"><\/iframe><\/p>\n<p><a href=\"http:\/\/www.eloriente.net\/home\/wp-content\/uploads\/2015\/02\/Agenda-Jose\u0301-Vasconcelos-Carlos-Spindola.jpg\"><img loading=\"lazy\" decoding=\"async\" class=\"alignnone size-medium wp-image-35652\" src=\"http:\/\/www.eloriente.net\/home\/wp-content\/uploads\/2015\/02\/Agenda-Jose\u0301-Vasconcelos-Carlos-Spindola-300x166.jpg\" alt=\"Agenda Jose\u0301 Vasconcelos Carlos Spindola\" width=\"300\" height=\"166\" srcset=\"http:\/\/www.eloriente.net\/home\/wp-content\/uploads\/2015\/02\/Agenda-Jose\u0301-Vasconcelos-Carlos-Spindola-300x166.jpg 300w, http:\/\/www.eloriente.net\/home\/wp-content\/uploads\/2015\/02\/Agenda-Jose\u0301-Vasconcelos-Carlos-Spindola.jpg 1024w\" sizes=\"(max-width: 300px) 100vw, 300px\" \/><\/a><\/p>\n<p><strong>OTRAS ENTRADAS:<\/strong><\/p>\n<div id=\"post-8913\" class=\"post-8913 post type-post status-publish format-standard has-post-thumbnail hentry category-educacion-y-cultura category-entradas category-lo-mas-reciente category-mexico-y-el-mundo entry loop-default border_bottom_30\">\n<h2 class=\"entry_title\"><a title=\"Enlace Permanente a 131 Aniversario del nacimiento de Jos\u00e9 Vasconcelos, impulsor de la educaci\u00f3n en M\u00e9xico\" href=\"http:\/\/www.eloriente.net\/home\/2013\/02\/27\/131-aniversario-del-nacimiento-de-jose-vasconcelos-impulsor-de-la-educacion-en-mexico\/\" rel=\"bookmark\">131 Aniversario del nacimiento de Jos\u00e9 Vasconcelos, impulsor de la educaci\u00f3n en M\u00e9xico<\/a><\/h2>\n<p><a href=\"http:\/\/www.eloriente.net\/home\/2013\/02\/27\/131-aniversario-del-nacimiento-de-jose-vasconcelos-impulsor-de-la-educacion-en-mexico\/\" rel=\"bookmark\"><img decoding=\"async\" class=\"alignleft\" title=\"131 Aniversario del nacimiento de Jos\u00e9 Vasconcelos, impulsor de la educaci\u00f3n en M\u00e9xico\" src=\"http:\/\/www.eloriente.net\/home\/wp-content\/themes\/city-desk\/timthumb.php?src=http%3A%2F%2Fwww.eloriente.net%2Fhome%2Fwp-content%2Fuploads%2F2013%2F02%2Fjose%CC%81-vasconcelos.jpg&amp;q=90&amp;w=160&amp;h=106&amp;zc=1\" alt=\"131 Aniversario del nacimiento de Jos\u00e9 Vasconcelos, impulsor de la educaci\u00f3n en M\u00e9xico\" \/><\/a>eloriente.net\/ Conaculta\/ SEP 27 de febrero de 2013 eloriente.net (Oaxaca, Oax.) 27 de febrero de 2013.- Este 27 de febrero de 2013 se celebra el 130 Aniversario del nacimiento del escritor, fil\u00f3sofo y pol\u00edtico Jos\u00e9 Vasconcelos, impulsor de la educaci\u00f3n en M\u00e9xico y uno de los intelectuales m\u00e1s destacados del M\u00e9xico posrevolucionario. Originario de la [\u2026]<\/p>\n<p class=\"postmeta\"><span class=\"meta_date\">febrero 27, 2013<\/span><\/p>\n<\/div>\n<div id=\"post-34788\" class=\"post-34788 post type-post status-publish format-standard has-post-thumbnail hentry category-articulistas category-entradas category-especiales category-lo-mas-reciente entry loop-default border_bottom_30\">\n<h2 class=\"entry_title\"><a title=\"Enlace Permanente a Joven y Bella, la pel\u00edcula de Francois Ozon. Un art\u00edculo de Juan Pablo Vasconcelos\" href=\"http:\/\/www.eloriente.net\/home\/2014\/12\/21\/joven-y-bella-la-pelicula-de-francois-ozon-un-texto-de-juan-pablo-vasconcelos\/\" rel=\"bookmark\">Joven y Bella, la pel\u00edcula de Francois Ozon. Un art\u00edculo de Juan Pablo Vasconcelos<\/a><\/h2>\n<p><a href=\"http:\/\/www.eloriente.net\/home\/2014\/12\/21\/joven-y-bella-la-pelicula-de-francois-ozon-un-texto-de-juan-pablo-vasconcelos\/\" rel=\"bookmark\"><img decoding=\"async\" class=\"alignleft\" title=\"Joven y Bella, la pel\u00edcula de Francois Ozon. Un art\u00edculo de Juan Pablo Vasconcelos\" src=\"http:\/\/www.eloriente.net\/home\/wp-content\/themes\/city-desk\/timthumb.php?src=http%3A%2F%2Fwww.eloriente.net%2Fhome%2Fwp-content%2Fuploads%2F2014%2F08%2F%40Joven-y-Bella-francois-ozon.jpg&amp;q=90&amp;w=160&amp;h=106&amp;zc=1\" alt=\"Joven y Bella, la pel\u00edcula de Francois Ozon. Un art\u00edculo de Juan Pablo Vasconcelos\" \/><\/a>eloriente.net 18 de agosto de 2014 Por: Juan Pablo Vasconcelos* La pel\u00edcula de Ozon es Joven y Bella, y tambi\u00e9n as\u00ed se llama. El director ha logrado que cada escena simbolice una primera vez, en la que se conjugan los ojos melanc\u00f3licos de Isabelle \u2014y su belleza manifiesta\u2014 con m\u00faltiples tomas subjetivas merodeando en su [\u2026]<\/p>\n<p class=\"postmeta\"><span class=\"meta_date\">diciembre 21, 2014<\/span><\/p>\n<\/div>\n\n\t\t\t  <div \n\t\t\t  \tclass = \"fb-comments\" \n\t\t\t  \tdata-href = \"http:\/\/www.eloriente.net\/home\/2015\/02\/25\/25feb15-1800-filosofia-estetica-de-jose-vasconcelos-carlos-spindola\/\"\n\t\t\t  \tdata-numposts = \"10\"\n\t\t\t\tdata-colorscheme = \"dark\"\n\t\t\t\tdata-order-by = \"social\"\n\t\t\t\tdata-mobile=true>\n\t\t\t  <\/div>\n\t\t  <style>\n\t\t\t.fb_iframe_widget_fluid_desktop iframe {\n\t\t\t    width: 100% !important;\n\t\t\t}\n\t\t  <\/style>\n\t\t  ","protected":false},"excerpt":{"rendered":"<p>&nbsp; (www.eloriente.net, M\u00e9xico, 25 de febrero de 2015).- Este d\u00eda en la Casa de la Cultura Oaxaque\u00f1a, el &#8216;Maestro de Am\u00e9rica&#8217; ser\u00e1 recordado en su estado, Oaxaca, a trav\u00e9s de la exposici\u00f3n y la interpretaci\u00f3n de su filosof\u00eda est\u00e9tica, que realizar\u00e1 el tambi\u00e9n maestro Carlos Sp\u00edndola P\u00e9rez Guerrero. Cabe recordar que en Oaxaca, Sp\u00edndola ha [&hellip;]<\/p>\n","protected":false},"author":1,"featured_media":35652,"comment_status":"open","ping_status":"open","sticky":false,"template":"","format":"standard","meta":{"_jetpack_memberships_contains_paid_content":false,"footnotes":""},"categories":[8,63,464],"tags":[3396,3395,73,522],"class_list":["post-35651","post","type-post","status-publish","format-standard","has-post-thumbnail","hentry","category-agenda","category-estados","category-oaxaca-estados","tag-carlos-spindola","tag-jose-vasconcelos","tag-oaxaca","tag-universidad"],"jetpack_featured_media_url":"http:\/\/www.eloriente.net\/home\/wp-content\/uploads\/2015\/02\/Agenda-Jose\u0301-Vasconcelos-Carlos-Spindola.jpg","jetpack_sharing_enabled":true,"_links":{"self":[{"href":"http:\/\/www.eloriente.net\/home\/wp-json\/wp\/v2\/posts\/35651"}],"collection":[{"href":"http:\/\/www.eloriente.net\/home\/wp-json\/wp\/v2\/posts"}],"about":[{"href":"http:\/\/www.eloriente.net\/home\/wp-json\/wp\/v2\/types\/post"}],"author":[{"embeddable":true,"href":"http:\/\/www.eloriente.net\/home\/wp-json\/wp\/v2\/users\/1"}],"replies":[{"embeddable":true,"href":"http:\/\/www.eloriente.net\/home\/wp-json\/wp\/v2\/comments?post=35651"}],"version-history":[{"count":1,"href":"http:\/\/www.eloriente.net\/home\/wp-json\/wp\/v2\/posts\/35651\/revisions"}],"predecessor-version":[{"id":35653,"href":"http:\/\/www.eloriente.net\/home\/wp-json\/wp\/v2\/posts\/35651\/revisions\/35653"}],"wp:featuredmedia":[{"embeddable":true,"href":"http:\/\/www.eloriente.net\/home\/wp-json\/wp\/v2\/media\/35652"}],"wp:attachment":[{"href":"http:\/\/www.eloriente.net\/home\/wp-json\/wp\/v2\/media?parent=35651"}],"wp:term":[{"taxonomy":"category","embeddable":true,"href":"http:\/\/www.eloriente.net\/home\/wp-json\/wp\/v2\/categories?post=35651"},{"taxonomy":"post_tag","embeddable":true,"href":"http:\/\/www.eloriente.net\/home\/wp-json\/wp\/v2\/tags?post=35651"}],"curies":[{"name":"wp","href":"https:\/\/api.w.org\/{rel}","templated":true}]}}