{"id":35655,"date":"2015-02-25T11:25:19","date_gmt":"2015-02-25T17:25:19","guid":{"rendered":"http:\/\/www.eloriente.net\/home\/?p=35655"},"modified":"2015-02-25T13:06:10","modified_gmt":"2015-02-25T19:06:10","slug":"otro-antecedente-de-intervencion-civil-en-huatulco-comite-remueve-bloqueo","status":"publish","type":"post","link":"http:\/\/www.eloriente.net\/home\/2015\/02\/25\/otro-antecedente-de-intervencion-civil-en-huatulco-comite-remueve-bloqueo\/","title":{"rendered":"Otro antecedente de Intervenci\u00f3n Civil en Huatulco; Comit\u00e9 remueve bloqueo"},"content":{"rendered":"<p><script src=\"\/\/pagead2.googlesyndication.com\/pagead\/js\/adsbygoogle.js\" async=\"\"><\/script><!-- BANNER ELORIENTE INCRUSTADO NOTAS --> <ins class=\"adsbygoogle\" style=\"display: inline-block; width: 300px; height: 250px;\" data-ad-client=\"ca-pub-1136171134853753\" data-ad-slot=\"7974633627\"><\/ins><script>\/\/ <![CDATA[\n(adsbygoogle = window.adsbygoogle || []).push({});\n\/\/ ]]><\/script><\/p>\n<p>(www.eloriente.net, M\u00e9xico, 25 de febrero de 2015).- El pasado 10 de enero, prestadores de servicios tur\u00edsticos y comerciantes de Santa Mar\u00eda Huatulco tomaron la desici\u00f3n y desalojaron un bloqueo efectuado por integrantes de la Coordinadora Nacional de Trabajadores de la Educaci\u00f3n (Secci\u00f3n 22), instalado a las afueras del Aeropuerto Internacional de Bah\u00edas de Huatulco.<\/p>\n<p>Este bloqueo hab\u00eda ocasionado la cancelaci\u00f3n de dos vuelos internacionales y algunos privados.<\/p>\n<p>Para el 13 de enero siguiente <a href=\"http:\/\/www.excelsior.com.mx\/nacional\/2015\/01\/13\/1002362\" target=\"_blank\">determinaron integrarse<\/a> en el Comit\u00e9 de Defensa de Huatulco (Codehu).<\/p>\n<p>Lo relevante en la fecha actual, es que este mismo grupo decidi\u00f3 tomar acciones de nueva cuenta, pero en esta ocasi\u00f3n retirando un bloqueo de la carretera federal 200, que realizaban ayer habitantes de la agencia San Felipe Lachill\u00f3. quienes reclamaban que el gobierno municipal de Santiago Xanica les otorgara los recursos de los ramos 28 y 33.<\/p>\n<p>Seg\u00fan <a href=\"http:\/\/imparcialoaxaca.mx\/la-capital\/2P9\/intensifican-protesta-en-san-felipe-lachill%C3%B3\" target=\"_blank\">versiones<\/a>, el desacuerdo entre agencia y municipio estriba en el monto de los apotos mensuales a entregar por concepto de ramo 28. Xanica pretende entregar 50 mil pesos mensuales, y Lachill\u00f3 solicita 75 mil.<\/p>\n<p>Luego de la intervenci\u00f3n del presidente municipal de Huatulco y no logrando establecer un di\u00e1logo entre las partes, los manifestantes decidieron el bloqueo carretero, hasta el cual acudieron miembros del Codehu (alrededor de 200) para que el acceso de abriera y dejaran paso libre a turistas que arribar\u00edan a Huatulco.<\/p>\n<p>A partir de su formaci\u00f3n, dicho Comit\u00e9 ha realizado diversas acciones con el mismo objetivo de no permitir protestas que impidan y afecten directamente la actividad tur\u00edstica y comercial del lugar.<br \/>\n<iframe loading=\"lazy\" src=\"https:\/\/poll-en.herokuapp.com\/encuesta\/embed\/tgpbgp\" width=\"100%\" height=\"150\" frameborder=\"0\" scrolling=\"no\"><\/iframe><script src=\"https:\/\/code-rubik-cdn.s3.amazonaws.com\/iframeresizer\/2.7.1\/host.js\"><\/script><script type=\"text\/javascript\">\/\/ <![CDATA[\niFrameResize({ heightCalculationMethod: 'grow', enablePublicMethods: true });\n\/\/ ]]><\/script><\/p>\n<p>&nbsp;<\/p>\n<blockquote class=\"twitter-tweet\" lang=\"es\"><p>El CODEHU se integr\u00f3 en <a href=\"https:\/\/twitter.com\/hashtag\/Huatulco?src=hash\">#Huatulco<\/a> ante vac\u00edo de autoridad de los tres niveles de gobierno ante bloqueos <a href=\"http:\/\/t.co\/FrWM1UNSCJ\">pic.twitter.com\/FrWM1UNSCJ<\/a><\/p>\n<p>\u2014 Omar Gasga (@camaradamarko) <a href=\"https:\/\/twitter.com\/camaradamarko\/status\/570317223237197825\">febrero 24, 2015<\/a><\/p><\/blockquote>\n<p><script src=\"\/\/platform.twitter.com\/widgets.js\" async=\"\" charset=\"utf-8\"><\/script>\u00a0 <\/p>\n<blockquote class=\"twitter-tweet\" lang=\"es\"><p>El Comit\u00e9 de Defensa de <a href=\"https:\/\/twitter.com\/hashtag\/Huatulco?src=hash\">#Huatulco<\/a> se organiza para retirar bloqueo en Piedra de Moros. Hay di\u00e1logo. <a href=\"http:\/\/t.co\/aY8iI05ziG\">pic.twitter.com\/aY8iI05ziG<\/a>\u00bb \u2014 Humberto Cruz (@Betillocruz) <a href=\"https:\/\/twitter.com\/Betillocruz\/status\/567352531135635456\">febrero 16, 2015<\/a><\/p><\/blockquote>\n<p><script src=\"\/\/platform.twitter.com\/widgets.js\" async=\"\" charset=\"utf-8\"><\/script><\/p>\n<blockquote class=\"twitter-tweet\" lang=\"es\"><p>En entrevista Ricardo Pacheco representante de <a href=\"https:\/\/twitter.com\/hashtag\/Canirac?src=hash\">#Canirac<\/a> en Huatulco habla sobre el \u00abComit\u00e9 para la Defensa de Huatulco\u00bb \u2014 Luis C\u00e1rdenas L\u00f3pez (@LuisCardenasMx) <a href=\"https:\/\/twitter.com\/LuisCardenasMx\/status\/562337100767322112\">febrero 2, 2015<\/a><\/p><\/blockquote>\n<p><script src=\"\/\/platform.twitter.com\/widgets.js\" async=\"\" charset=\"utf-8\"><\/script><\/p>\n<p>Antes:<br \/>\n<iframe loading=\"lazy\" src=\"https:\/\/www.youtube.com\/embed\/62ywQ1Ds49Y\" width=\"560\" height=\"315\" frameborder=\"0\" allowfullscreen=\"allowfullscreen\"><\/iframe><\/p>\n<p>&nbsp;<\/p>\n<p><a href=\"http:\/\/www.eloriente.net\/home\/wp-content\/uploads\/2015\/02\/@Chiva_henry-huatulco-24feb15-.png\"><img loading=\"lazy\" decoding=\"async\" class=\"alignnone size-medium wp-image-35656\" src=\"http:\/\/www.eloriente.net\/home\/wp-content\/uploads\/2015\/02\/@Chiva_henry-huatulco-24feb15--300x152.png\" alt=\"@Chiva_henry huatulco 24feb15\" width=\"300\" height=\"152\" srcset=\"http:\/\/www.eloriente.net\/home\/wp-content\/uploads\/2015\/02\/@Chiva_henry-huatulco-24feb15--300x152.png 300w, http:\/\/www.eloriente.net\/home\/wp-content\/uploads\/2015\/02\/@Chiva_henry-huatulco-24feb15-.png 963w\" sizes=\"(max-width: 300px) 100vw, 300px\" \/><\/a><\/p>\n<p>Imagen de video compartido por: @Chiva_henry con la anotaci\u00f3n de que se intentaba agredir a <a class=\"twitter-atreply pretty-link\" dir=\"ltr\" href=\"https:\/\/twitter.com\/ReyesHectorSuar\"><s>@<\/s><b>ReyesHectorSuar<\/b><\/a> reportero <a class=\"twitter-atreply pretty-link\" dir=\"ltr\" href=\"https:\/\/twitter.com\/Televisa\"><s>@<\/s><b>Televisa<\/b><\/a><\/p>\n<p>&nbsp;<\/p>\n<p><strong>OTRAS ENTRADAS:<\/strong><\/p>\n<div id=\"post-33622\" class=\"post-33622 post type-post status-publish format-standard has-post-thumbnail hentry category-entradas category-lo-mas-reciente category-oaxaca-estados category-turismo-y-negocios tag-huatulco entry loop-default border_bottom_30\">\n<h2 class=\"entry_title\"><a title=\"Enlace Permanente a La Leyenda de la Santa Cruz de Huatulco\" href=\"http:\/\/www.eloriente.net\/home\/2014\/11\/01\/la-leyenda-de-la-santa-cruz-de-huatulco\/\" rel=\"bookmark\">La Leyenda de la Santa Cruz de Huatulco<\/a><\/h2>\n<p><a href=\"http:\/\/www.eloriente.net\/home\/2014\/11\/01\/la-leyenda-de-la-santa-cruz-de-huatulco\/\" rel=\"bookmark\"><img decoding=\"async\" class=\"alignleft\" title=\"La Leyenda de la Santa Cruz de Huatulco\" src=\"http:\/\/www.eloriente.net\/home\/wp-content\/themes\/city-desk\/timthumb.php?src=http%3A%2F%2Fwww.eloriente.net%2Fhome%2Fwp-content%2Fuploads%2F2014%2F10%2FCruzSanta.jpg&amp;q=90&amp;w=160&amp;h=106&amp;zc=1\" alt=\"La Leyenda de la Santa Cruz de Huatulco\" \/><\/a>eloriente.net 01\/noviembre\/2014 La leyenda\u00a0en Huatulco\u00a0cuenta\u00a0que hace 1500 a\u00f1os aproximadamente, un hombre viejo, blanco, barbado y de cabellos largos, lleg\u00f3 del mar cargando una enorme cruz de madera. \u00c9l la enterr\u00f3 profundamente en la blanca arena de la hoy conocida como playa de Santa Cruz, y proclam\u00f3: \u201cDejo aqu\u00ed el s\u00edmbolo para todos sus remedios. Ustedes [\u2026]<\/p>\n<p class=\"postmeta\"><span class=\"meta_date\">noviembre 1, 2014<\/span><\/p>\n<\/div>\n<div id=\"post-33583\" class=\"post-33583 post type-post status-publish format-standard has-post-thumbnail hentry category-entradas category-lo-mas-reciente category-oaxaca-estados category-turismo-y-negocios tag-articulos-academicos entry loop-default border_bottom_30\">\n<h2 class=\"entry_title\"><a title=\"Enlace Permanente a Propuesta multimedia para la imagen institucional de Huatulco\" href=\"http:\/\/www.eloriente.net\/home\/2014\/10\/30\/propuesta-multimedia-para-la-imagen-institucional-de-huatulco\/\" rel=\"bookmark\">Propuesta multimedia para la imagen institucional de Huatulco<\/a><\/h2>\n<p><a href=\"http:\/\/www.eloriente.net\/home\/2014\/10\/30\/propuesta-multimedia-para-la-imagen-institucional-de-huatulco\/\" rel=\"bookmark\"><img decoding=\"async\" class=\"alignleft\" title=\"Propuesta multimedia para la imagen institucional de Huatulco\" src=\"http:\/\/www.eloriente.net\/home\/wp-content\/themes\/city-desk\/timthumb.php?src=http%3A%2F%2Fwww.eloriente.net%2Fhome%2Fwp-content%2Fuploads%2F2012%2F08%2FBah%C3%ADas-de-Huatulco.jpg&amp;q=90&amp;w=160&amp;h=106&amp;zc=1\" alt=\"Propuesta multimedia para la imagen institucional de Huatulco\" \/><\/a>eloriente.net 30\/octubre\/2014 La informaci\u00f3n presentada en la imagen institicional de las Bah\u00edas de Huatulco\u00a0es insuficiente, est\u00e1 dispersa, mal estructurada y no brinda una clara o eficiente descripci\u00f3n de la diversidad\u00a0de servicios, atractivos y actividades ofrecidas es el punto de partida que\u00a0el ahora Licenciado en Administraci\u00f3n Tur\u00edstica por la UMAR, Gilbert Francisco G\u00f3mez Herrera, utiliz\u00f3 para [\u2026]<\/p>\n<p class=\"postmeta\"><span class=\"meta_date\">octubre 30, 2014<\/span><\/p>\n<\/div>\n<div id=\"post-33282\" class=\"post-33282 post type-post status-publish format-standard has-post-thumbnail hentry category-deportes category-entradas category-lo-mas-reciente category-oaxaca-estados category-turismo-y-negocios tag-golf tag-huatulco tag-tangolunda entry loop-default border_bottom_30\">\n<h2 class=\"entry_title\"><a title=\"Enlace Permanente a 23 a\u00f1os de golf en Huatulco #TurismoenS\u00e1bado\" href=\"http:\/\/www.eloriente.net\/home\/2014\/10\/18\/23-anos-de-golf-en-huatulco-turismoensabado\/\" rel=\"bookmark\">23 a\u00f1os de golf en Huatulco #TurismoenS\u00e1bado<\/a><\/h2>\n<p><a href=\"http:\/\/www.eloriente.net\/home\/2014\/10\/18\/23-anos-de-golf-en-huatulco-turismoensabado\/\" rel=\"bookmark\"><img decoding=\"async\" class=\"alignleft\" title=\"23 a\u00f1os de golf en Huatulco #TurismoenS\u00e1bado\" src=\"http:\/\/www.eloriente.net\/home\/wp-content\/themes\/city-desk\/timthumb.php?src=http%3A%2F%2Fwww.eloriente.net%2Fhome%2Fwp-content%2Fuploads%2F2014%2F10%2FGolf-Wojciech-Kulicki.jpg&amp;q=90&amp;w=160&amp;h=106&amp;zc=1\" alt=\"23 a\u00f1os de golf en Huatulco #TurismoenS\u00e1bado\" \/><\/a>eloriente.net 18\/octubre\/2014 En el a\u00f1o de 1991 se inaugur\u00f3 el Campo de Golf Tangolunda en Huatulco, campo de primer nivel \u00fanico en la regi\u00f3n, dise\u00f1ado por Mario Schjetnan Dantan y Pedro Guereca, enclavado en una excelente zona completada por tres hermosos lagos, sobre una superficie de 72.5 hect\u00e1reas, con 18 hoyos en par 72 categor\u00eda [\u2026]<\/p>\n<p class=\"postmeta\"><span class=\"meta_date\">octubre 18, 2014<\/span><\/p>\n<\/div>\n\n\t\t\t  <div \n\t\t\t  \tclass = \"fb-comments\" \n\t\t\t  \tdata-href = \"http:\/\/www.eloriente.net\/home\/2015\/02\/25\/otro-antecedente-de-intervencion-civil-en-huatulco-comite-remueve-bloqueo\/\"\n\t\t\t  \tdata-numposts = \"10\"\n\t\t\t\tdata-colorscheme = \"dark\"\n\t\t\t\tdata-order-by = \"social\"\n\t\t\t\tdata-mobile=true>\n\t\t\t  <\/div>\n\t\t  <style>\n\t\t\t.fb_iframe_widget_fluid_desktop iframe {\n\t\t\t    width: 100% !important;\n\t\t\t}\n\t\t  <\/style>\n\t\t  ","protected":false},"excerpt":{"rendered":"<p>(www.eloriente.net, M\u00e9xico, 25 de febrero de 2015).- El pasado 10 de enero, prestadores de servicios tur\u00edsticos y comerciantes de Santa Mar\u00eda Huatulco tomaron la desici\u00f3n y desalojaron un bloqueo efectuado por integrantes de la Coordinadora Nacional de Trabajadores de la Educaci\u00f3n (Secci\u00f3n 22), instalado a las afueras del Aeropuerto Internacional de Bah\u00edas de Huatulco. Este [&hellip;]<\/p>\n","protected":false},"author":1,"featured_media":35656,"comment_status":"open","ping_status":"open","sticky":false,"template":"","format":"standard","meta":{"_jetpack_memberships_contains_paid_content":false,"footnotes":""},"categories":[2434,22,49,32,63,10,23,464,21],"tags":[3397,785,374,3398],"class_list":["post-35655","post","type-post","status-publish","format-standard","has-post-thumbnail","hentry","category-lunesdepolitica","category-derechos-humanos","category-destacadas","category-entradas","category-estados","category-lo-mas-reciente","category-municipios","category-oaxaca-estados","category-politica-y-gobierno","tag-bloqueo","tag-huatulco","tag-seccion-22","tag-xanica"],"jetpack_featured_media_url":"http:\/\/www.eloriente.net\/home\/wp-content\/uploads\/2015\/02\/@Chiva_henry-huatulco-24feb15-.png","jetpack_sharing_enabled":true,"_links":{"self":[{"href":"http:\/\/www.eloriente.net\/home\/wp-json\/wp\/v2\/posts\/35655"}],"collection":[{"href":"http:\/\/www.eloriente.net\/home\/wp-json\/wp\/v2\/posts"}],"about":[{"href":"http:\/\/www.eloriente.net\/home\/wp-json\/wp\/v2\/types\/post"}],"author":[{"embeddable":true,"href":"http:\/\/www.eloriente.net\/home\/wp-json\/wp\/v2\/users\/1"}],"replies":[{"embeddable":true,"href":"http:\/\/www.eloriente.net\/home\/wp-json\/wp\/v2\/comments?post=35655"}],"version-history":[{"count":3,"href":"http:\/\/www.eloriente.net\/home\/wp-json\/wp\/v2\/posts\/35655\/revisions"}],"predecessor-version":[{"id":35659,"href":"http:\/\/www.eloriente.net\/home\/wp-json\/wp\/v2\/posts\/35655\/revisions\/35659"}],"wp:featuredmedia":[{"embeddable":true,"href":"http:\/\/www.eloriente.net\/home\/wp-json\/wp\/v2\/media\/35656"}],"wp:attachment":[{"href":"http:\/\/www.eloriente.net\/home\/wp-json\/wp\/v2\/media?parent=35655"}],"wp:term":[{"taxonomy":"category","embeddable":true,"href":"http:\/\/www.eloriente.net\/home\/wp-json\/wp\/v2\/categories?post=35655"},{"taxonomy":"post_tag","embeddable":true,"href":"http:\/\/www.eloriente.net\/home\/wp-json\/wp\/v2\/tags?post=35655"}],"curies":[{"name":"wp","href":"https:\/\/api.w.org\/{rel}","templated":true}]}}