{"id":35660,"date":"2015-02-25T14:05:31","date_gmt":"2015-02-25T20:05:31","guid":{"rendered":"http:\/\/www.eloriente.net\/home\/?p=35660"},"modified":"2015-02-25T14:05:31","modified_gmt":"2015-02-25T20:05:31","slug":"sedesol-publico-convocatorias-2015-para-organizaciones-de-la-sociedad-civil","status":"publish","type":"post","link":"http:\/\/www.eloriente.net\/home\/2015\/02\/25\/sedesol-publico-convocatorias-2015-para-organizaciones-de-la-sociedad-civil\/","title":{"rendered":"Sedesol public\u00f3 Convocatorias 2015 para Organizaciones de la Sociedad Civil"},"content":{"rendered":"<p><script src=\"\/\/pagead2.googlesyndication.com\/pagead\/js\/adsbygoogle.js\" async=\"\"><\/script><!-- BANNER ELORIENTE INCRUSTADO NOTAS --> <ins class=\"adsbygoogle\" style=\"display: inline-block; width: 300px; height: 250px;\" data-ad-client=\"ca-pub-1136171134853753\" data-ad-slot=\"7974633627\"><\/ins><script>\/\/ <![CDATA[\n(adsbygoogle = window.adsbygoogle || []).push({});\n\/\/ ]]><\/script><br \/>\n&nbsp;<\/p>\n<p>(www.eloriente.net, M\u00e9xico, 25 de febrero de 2015).- Hoy, la Secretar\u00eda de Desarrollo Social public\u00f3 4 convocatorias para participar en el programa de Coinversi\u00f3n en su edici\u00f3n 2015.<\/p>\n<p>En efecto, el Diario Oficial de la Federaci\u00f3n en su edici\u00f3n de este d\u00eda, hace p\u00fablicas estos llamados dirigidos a Organizaciones de la Sociedad Civil (OSC) e Instituciones de Educaci\u00f3n Superior y Centros de Investigaci\u00f3n, para que participen en el Programa de Coinversi\u00f3n Social para este mismo a\u00f1o.<\/p>\n<p>Las 4 Convocatorias son: (los lectores de ELORIENTE.NET puede dar click en cada una para acceder a la convocatoria \u00edntegra)<\/p>\n<p><a class=\"enlaces\" href=\"http:\/\/www.dof.gob.mx\/nota_detalle.php?codigo=5383365&amp;fecha=25\/02\/2015\" target=\"_blank\">Proyectos para Mejora Alimentaria, Nutrici\u00f3n y Salud (AL)<\/a><\/p>\n<p><a class=\"enlaces\" href=\"http:\/\/www.dof.gob.mx\/nota_detalle.php?codigo=5383366&amp;fecha=25\/02\/2015\" target=\"_blank\">Proyectos dirigidos al impulso de acciones de Desarrollo Integral Sustentable con Participaci\u00f3n Comunitaria (DI)<\/a><\/p>\n<p><a class=\"enlaces\" href=\"http:\/\/www.dof.gob.mx\/nota_detalle.php?codigo=5383367&amp;fecha=25\/02\/2015\" target=\"_blank\">Proyectos de Capacitaci\u00f3n para el Fortalecimiento Institucional de OSC y otros Actores de la Sociedad (PF)<\/a><\/p>\n<p><a href=\"http:\/\/www.dof.gob.mx\/nota_detalle.php?codigo=5383368&amp;fecha=25\/02\/2015\" target=\"_blank\">Proyectos de Fortalecimiento de la Igualdad y Equidad de G\u00e9nero (IG)<\/a><\/p>\n<p>Estas convocatorias, en cada caso, pretenden cumplir por un lado con los mandatos constitucionales de garantizar los derechos relacionados, como el derecho de las personas a la alimentaci\u00f3n nutritiva suficiente y de calidad, seg\u00fan lo estipula el art\u00edculo 4 de la Constituci\u00f3n. Cabe recordar en este rubro, por ejemplo, que seg\u00fan datos del Consejo Nacional de Evaluaci\u00f3n de la Pol\u00edtica de Desarrollo Social (CONEVAL) correspondientes a 2012, el 45.5% de la poblaci\u00f3n se encontraba en condiciones de pobreza, y el 9.8% de la poblaci\u00f3n nacional se encuentra en pobreza extrema.<\/p>\n<p>En el segundo caso relacionado con el Desarrollo Integral Sustentable, es fundamental recordar para efectos de la participaci\u00f3n que \u00abla Comisi\u00f3n Mundial de las Naciones Unidas para el Medio Ambiente y el Desarrollo defini\u00f3 el desarrollo sustentable como aquel que satisface las necesidades esenciales de la generaci\u00f3n presente sin comprometer la capacidad de cubrir las necesidades esenciales de las generaciones futuras. Por su parte, la CEPAL lo define como aquel que distribuya m\u00e1s equitativamente los beneficios del progreso econ\u00f3mico, proteja el medio ambiente nacional y mundial para las futuras generaciones y mejore genuinamente la calidad de vida\u00bb, seg\u00fan lo consigna tambi\u00e9n el contenido de dicha convocatoria.<\/p>\n<p>Para el tercer caso, la convocatoria contempla asuntos relacionados con el fortalecimiento de las OSC, mismo que tiene el objetivo de cumplir con lo establecido por el Programa de Coinversi\u00f3n Social (PCS), cuya finalidad es contribuir a fortalecer la participaci\u00f3n social. Cabe mencionar que en todos los casos, los montos y aportaciones m\u00e1ximas para los cuales se concursar\u00e1 var\u00eda, para coordinaci\u00f3n docente por un monto de $360,000.00 y para coordinaci\u00f3n de sede por $240,000.00.<\/p>\n<p><a href=\"http:\/\/www.eloriente.net\/home\/wp-content\/uploads\/2014\/06\/Oaxaca-Por-GobOax.jpg\"><img loading=\"lazy\" decoding=\"async\" class=\"alignnone size-medium wp-image-27617\" src=\"http:\/\/www.eloriente.net\/home\/wp-content\/uploads\/2014\/06\/Oaxaca-Por-GobOax-300x199.jpg\" alt=\"Oaxaca-Por GobOax\" width=\"300\" height=\"199\" srcset=\"http:\/\/www.eloriente.net\/home\/wp-content\/uploads\/2014\/06\/Oaxaca-Por-GobOax-300x199.jpg 300w, http:\/\/www.eloriente.net\/home\/wp-content\/uploads\/2014\/06\/Oaxaca-Por-GobOax-1024x681.jpg 1024w, http:\/\/www.eloriente.net\/home\/wp-content\/uploads\/2014\/06\/Oaxaca-Por-GobOax.jpg 1600w\" sizes=\"(max-width: 300px) 100vw, 300px\" \/><\/a><\/p>\n<p>IMAGEN: @GobOax<\/p>\n<p>OTRAS ENTRADAS:<\/p>\n<div id=\"post-24522\" class=\"post-24522 post type-post status-publish format-standard has-post-thumbnail hentry category-entradas category-estados category-oaxaca-estados category-todo-oaxaca-radio entry loop-default border_bottom_30\">\n<h2 class=\"entry_title\"><a title=\"Enlace Permanente a Escucha a Yannik Gonz\u00e1lez, Oscar Morales y Enrique Guajiro en Todo Oaxaca Radio 15\/Abr\/14\" href=\"http:\/\/www.eloriente.net\/home\/2014\/04\/17\/escucha-a-yannik-gonzalez-oscar-morales-y-enrique-guajiro-en-todo-oaxaca-radio-15abr14\/\" rel=\"bookmark\">Escucha a Yannik Gonz\u00e1lez, Oscar Morales y Enrique Guajiro en Todo Oaxaca Radio 15\/Abr\/14<\/a><\/h2>\n<p><a href=\"http:\/\/www.eloriente.net\/home\/2014\/04\/17\/escucha-a-yannik-gonzalez-oscar-morales-y-enrique-guajiro-en-todo-oaxaca-radio-15abr14\/\" rel=\"bookmark\"><img decoding=\"async\" class=\"alignleft\" title=\"Escucha a Yannik Gonz\u00e1lez, Oscar Morales y Enrique Guajiro en Todo Oaxaca Radio 15\/Abr\/14\" src=\"http:\/\/www.eloriente.net\/home\/wp-content\/themes\/city-desk\/timthumb.php?src=http%3A%2F%2Fwww.eloriente.net%2Fhome%2Fwp-content%2Fuploads%2F2014%2F04%2FYannik-y-Oscar.jpg&amp;q=90&amp;w=160&amp;h=106&amp;zc=1\" alt=\"Escucha a Yannik Gonz\u00e1lez, Oscar Morales y Enrique Guajiro en Todo Oaxaca Radio 15\/Abr\/14\" \/><\/a>todooaxacaradio.com 17 de abril de 2014 Como cada martes, en punto de las 17:00 horas se transmiti\u00f3 el programa Todo Oaxaca Radio completamente en vivo desde la Ciudad de Oaxaca de Ju\u00e1rez, a trav\u00e9s de las frecuencias abiertas 570 AM, 94.9 FM y para todo el mundo a trav\u00e9s de www.todooaxacaradio.com. El programa es conducido [\u2026]<\/p>\n<p class=\"postmeta\"><span class=\"meta_date\">abril 17, 2014<\/span><span class=\"meta_comment\">Comentarios desactivados<\/span><span class=\"meta_permalink\"><a title=\"Enlace Permanente a Escucha a Yannik Gonz\u00e1lez, Oscar Morales y Enrique Guajiro en Todo Oaxaca Radio 15\/Abr\/14\" href=\"http:\/\/www.eloriente.net\/home\/2014\/04\/17\/escucha-a-yannik-gonzalez-oscar-morales-y-enrique-guajiro-en-todo-oaxaca-radio-15abr14\/\" rel=\"bookmark\">Leer Mas<\/a><\/span><span class=\"meta_edit\"><a class=\"post-edit-link\" href=\"http:\/\/www.eloriente.net\/home\/wp-admin\/post.php?post=24522&amp;action=edit\">#<\/a><\/span><\/p>\n<\/div>\n<div id=\"post-24106\" class=\"post-24106 post type-post status-publish format-standard has-post-thumbnail hentry category-cine category-colaboradores category-entradas category-juan-pablo-vasconcelos category-lo-mas-reciente category-principal tag-alexander-payne tag-bruce-dern tag-cine tag-columna tag-critica tag-nebraska tag-oscar entry loop-default border_bottom_30\">\n<h2 class=\"entry_title\"><a title=\"Enlace Permanente a Nebraska, el Oscar para la vida\" href=\"http:\/\/www.eloriente.net\/home\/2014\/04\/10\/nebraska-el-oscar-para-la-vida-2\/\" rel=\"bookmark\">Nebraska, el Oscar para la vida<\/a><\/h2>\n<p><a href=\"http:\/\/www.eloriente.net\/home\/2014\/04\/10\/nebraska-el-oscar-para-la-vida-2\/\" rel=\"bookmark\"><img decoding=\"async\" class=\"alignleft\" title=\"Nebraska, el Oscar para la vida\" src=\"http:\/\/www.eloriente.net\/home\/wp-content\/themes\/city-desk\/timthumb.php?src=http%3A%2F%2Fwww.eloriente.net%2Fhome%2Fwp-content%2Fuploads%2F2014%2F04%2FNebraska.jpg&amp;q=90&amp;w=160&amp;h=106&amp;zc=1\" alt=\"Nebraska, el Oscar para la vida\" \/><\/a>eloriente.net 10 de abril de 2014 Por: Juan Pablo Vasconcelos* Seg\u00fan trascurren los d\u00edas, Nebraska me va revelando su luminoso rostro de pel\u00edcula maestra. Y lo va haciendo como solamente las obras de su tipo pueden conseguirlo: aparecen de pronto en las conversaciones, se utilizan espont\u00e1neamente para explicar argumentos, se refieren para describir emociones, expectativas, [\u2026]<\/p>\n<p class=\"postmeta\"><span class=\"meta_date\">abril 10, 2014<\/span><\/p>\n<\/div>\n<p>&nbsp;<\/p>\n\n\t\t\t  <div \n\t\t\t  \tclass = \"fb-comments\" \n\t\t\t  \tdata-href = \"http:\/\/www.eloriente.net\/home\/2015\/02\/25\/sedesol-publico-convocatorias-2015-para-organizaciones-de-la-sociedad-civil\/\"\n\t\t\t  \tdata-numposts = \"10\"\n\t\t\t\tdata-colorscheme = \"dark\"\n\t\t\t\tdata-order-by = \"social\"\n\t\t\t\tdata-mobile=true>\n\t\t\t  <\/div>\n\t\t  <style>\n\t\t\t.fb_iframe_widget_fluid_desktop iframe {\n\t\t\t    width: 100% !important;\n\t\t\t}\n\t\t  <\/style>\n\t\t  ","protected":false},"excerpt":{"rendered":"<p>&nbsp; (www.eloriente.net, M\u00e9xico, 25 de febrero de 2015).- Hoy, la Secretar\u00eda de Desarrollo Social public\u00f3 4 convocatorias para participar en el programa de Coinversi\u00f3n en su edici\u00f3n 2015. En efecto, el Diario Oficial de la Federaci\u00f3n en su edici\u00f3n de este d\u00eda, hace p\u00fablicas estos llamados dirigidos a Organizaciones de la Sociedad Civil (OSC) e [&hellip;]<\/p>\n","protected":false},"author":1,"featured_media":27617,"comment_status":"open","ping_status":"open","sticky":false,"template":"","format":"standard","meta":{"_jetpack_memberships_contains_paid_content":false,"footnotes":""},"categories":[29,26,49,32,63,10,24,31],"tags":[2548,73,935,3159],"class_list":["post-35660","post","type-post","status-publish","format-standard","has-post-thumbnail","hentry","category-capital","category-convocatorias","category-destacadas","category-entradas","category-estados","category-lo-mas-reciente","category-mexico-y-el-mundo","category-principal","tag-convocatorias-2","tag-oaxaca","tag-sedesol","tag-sociedad-civil"],"jetpack_featured_media_url":"http:\/\/www.eloriente.net\/home\/wp-content\/uploads\/2014\/06\/Oaxaca-Por-GobOax.jpg","jetpack_sharing_enabled":true,"_links":{"self":[{"href":"http:\/\/www.eloriente.net\/home\/wp-json\/wp\/v2\/posts\/35660"}],"collection":[{"href":"http:\/\/www.eloriente.net\/home\/wp-json\/wp\/v2\/posts"}],"about":[{"href":"http:\/\/www.eloriente.net\/home\/wp-json\/wp\/v2\/types\/post"}],"author":[{"embeddable":true,"href":"http:\/\/www.eloriente.net\/home\/wp-json\/wp\/v2\/users\/1"}],"replies":[{"embeddable":true,"href":"http:\/\/www.eloriente.net\/home\/wp-json\/wp\/v2\/comments?post=35660"}],"version-history":[{"count":1,"href":"http:\/\/www.eloriente.net\/home\/wp-json\/wp\/v2\/posts\/35660\/revisions"}],"predecessor-version":[{"id":35662,"href":"http:\/\/www.eloriente.net\/home\/wp-json\/wp\/v2\/posts\/35660\/revisions\/35662"}],"wp:featuredmedia":[{"embeddable":true,"href":"http:\/\/www.eloriente.net\/home\/wp-json\/wp\/v2\/media\/27617"}],"wp:attachment":[{"href":"http:\/\/www.eloriente.net\/home\/wp-json\/wp\/v2\/media?parent=35660"}],"wp:term":[{"taxonomy":"category","embeddable":true,"href":"http:\/\/www.eloriente.net\/home\/wp-json\/wp\/v2\/categories?post=35660"},{"taxonomy":"post_tag","embeddable":true,"href":"http:\/\/www.eloriente.net\/home\/wp-json\/wp\/v2\/tags?post=35660"}],"curies":[{"name":"wp","href":"https:\/\/api.w.org\/{rel}","templated":true}]}}