{"id":35663,"date":"2015-02-25T16:44:47","date_gmt":"2015-02-25T22:44:47","guid":{"rendered":"http:\/\/www.eloriente.net\/home\/?p=35663"},"modified":"2015-02-25T16:44:47","modified_gmt":"2015-02-25T22:44:47","slug":"lista-de-candidatos-pan-a-diputaciones-federales-elecciones2015","status":"publish","type":"post","link":"http:\/\/www.eloriente.net\/home\/2015\/02\/25\/lista-de-candidatos-pan-a-diputaciones-federales-elecciones2015\/","title":{"rendered":"Lista de Candidatos PAN a Diputaciones Federales #Elecciones2015"},"content":{"rendered":"<p><script src=\"\/\/pagead2.googlesyndication.com\/pagead\/js\/adsbygoogle.js\" async=\"\"><\/script><!-- BANNER ELORIENTE INCRUSTADO NOTAS --> <ins class=\"adsbygoogle\" style=\"display: inline-block; width: 300px; height: 250px;\" data-ad-client=\"ca-pub-1136171134853753\" data-ad-slot=\"7974633627\"><\/ins><script>\/\/ <![CDATA[\n(adsbygoogle = window.adsbygoogle || []).push({});\n\/\/ ]]><\/script><br \/>\n&nbsp;<\/p>\n<p>(www.eloriente.net, M\u00e9xico, a 25 de febrero de 2015. Por: Roberto Morales).- El Partido Acci\u00f3n Nacional cerr\u00f3 finalmente su lista definitiva de candidatos a ocupar las diputaciones federales por el estado de Oaxaca, tanto en el principio de representaci\u00f3n proporcional como en el de mayor\u00eda relativa; lo anterior, luego de que el Comit\u00e9 Ejecutivo Nacional revisar\u00e1 estos aspirantes registrados y designara las f\u00f3rmulas en cada uno de los 11 distritos.<\/p>\n<p>Primeramente, por el principio de representaci\u00f3n proporcional, los 5 lugares iniciales fueron dados a conocer por Juan Mendoza Reyes, presidente de este instituto en el estado, con el siguiente orden:<\/p>\n<p>1. Diana Perla Pe\u00f1a Pe\u00f1a<\/p>\n<p>2. Dulce Alejandra Garc\u00eda Morlan<\/p>\n<p>3. Luis de Le\u00f3n Mart\u00ednez<\/p>\n<p>4. H\u00e9ctor Salinas Mendoza<\/p>\n<p>5. Gerardo Garc\u00eda Henestrosa<\/p>\n<p>El orden es fundamental para acceder a esta posici\u00f3n, pero tambi\u00e9n lo es el g\u00e9nero, pues depender\u00e1 de ello que ya sea un hombre o una mujer la que le corresponda la posici\u00f3n seg\u00fan la circunscripci\u00f3n, es decir, no es a\u00fan definitivo que el orden sea el \u00fanico criterio a la hora de la designaci\u00f3n<\/p>\n<p>En cuanto al principio de mayor\u00eda relativa:<\/p>\n<p>Distrito o1 Tuxtepec: Ivette Ram\u00f3n Barradas (propietaria) y Teresa Hern\u00e1ndez Mora (suplente)<\/p>\n<p>Distrito 02: Teotitl\u00e1n de Flores Mag\u00f3n: Joel Isidro Inocente (propietario) y Jes\u00fas Cerqueda Hern\u00e1ndez (suplente)<\/p>\n<p>Distrito 03: Huajuapan de Le\u00f3n: Dora Edith Su\u00e1rez Ib\u00e1\u00f1ez (propietaria) y Diana Garc\u00eda M\u00e9ndez (suplente)<\/p>\n<p>Distrito 04: Tlacolula: Remedios Zonia L\u00f3pez L\u00f3pez (propietaria) y Nancy V\u00e1squez Castellanos (suplente)<\/p>\n<p>Distrito 05: Santo Domingo Tehuantepec: Mariuma Munira Vadillo Bravo (propietaria) y Raquel Sosa Gallegos (suplente)<\/p>\n<p>Distrito 06: Tlaxiaco: Javier Fausto Cruz Chabelita (propietario) y Luis Enrique T\u00e9llez L\u00f3pez (suplente)<\/p>\n<p>Distrito 07: Juchit\u00e1n: Mar\u00eda Teresa Santiago Desales (propietaria) y Karen Santos Gonz\u00e1lez (suplente)<\/p>\n<p>Distrito 08: Oaxaca de Ju\u00e1rez: Sergio Andr\u00e9s Bello Guerra (propietario) y Francisco Javier L\u00f3pez Ch\u00e1vez (suplente)<\/p>\n<p>Distrito 09: Santa Luc\u00eda del Camino: Javier Barroso S\u00e1nchez (propietario) y Leonardo D\u00edaz Jim\u00e9nez (suplente)<\/p>\n<p>Distrito 10: Miahuatl\u00e1n: H\u00e9ctor Manuel Salinas Mendoza (propietario) y Pedro Mendoza Cort\u00e9s (suplente)<\/p>\n<p>Distrito 11: Pinotepa: Diana Perla Pe\u00f1a Pe\u00f1a (propietaria) y Mar\u00eda de Lourdes Rossete (suplente)<\/p>\n<p>Cabe destacar que estas designaciones se dan a conocer en medio de un optimismo partidista importante a nivel nacional, que inclusive ha emprendido un posicionamiento p\u00fablico de resultados de estudios recientes:<\/p>\n<p><a href=\"http:\/\/www.eloriente.net\/home\/wp-content\/uploads\/2015\/02\/Foto-PAN-encuestas-feb2015.png\"><img loading=\"lazy\" decoding=\"async\" class=\"alignnone size-medium wp-image-35664\" src=\"http:\/\/www.eloriente.net\/home\/wp-content\/uploads\/2015\/02\/Foto-PAN-encuestas-feb2015-231x300.png\" alt=\"Foto PAN encuestas feb2015\" width=\"231\" height=\"300\" srcset=\"http:\/\/www.eloriente.net\/home\/wp-content\/uploads\/2015\/02\/Foto-PAN-encuestas-feb2015-231x300.png 231w, http:\/\/www.eloriente.net\/home\/wp-content\/uploads\/2015\/02\/Foto-PAN-encuestas-feb2015.png 381w\" sizes=\"(max-width: 231px) 100vw, 231px\" \/><\/a><\/p>\n<p>Para ver el m\u00e1s reciente publicado en <a href=\"http:\/\/www.eloriente.net\/home\/2015\/02\/23\/60-por-no-dar-mayoria-al-presidente-en-congreso-suben-morena-y-pan-encuesta\/\" target=\"_blank\">ELORIENTE.NET DA CLICK AQU\u00cd<\/a><\/p>\n<p>&nbsp;<\/p>\n<p><strong>OTRAS ENTRADAS:<\/strong><\/p>\n<div id=\"post-35628\" class=\"post-35628 post type-post status-publish format-standard has-post-thumbnail hentry category-convocatorias category-entradas category-lo-mas-reciente category-medio-ambiente category-mexico-y-el-mundo category-principal tag-artistas tag-concursos tag-fotografia tag-medio-ambiente-2 tag-naturaleza tag-tortugas entry loop-default border_bottom_30\">\n<h2 class=\"entry_title\"><a title=\"Enlace Permanente a Sencillo participar en Primer Concurso Nacional de Fotograf\u00eda de Naturaleza\" href=\"http:\/\/www.eloriente.net\/home\/2015\/02\/21\/sencillo-participar-en-primer-concurso-nacional-de-fotografia-de-naturaleza\/\" rel=\"bookmark\">Sencillo participar en Primer Concurso Nacional de Fotograf\u00eda de Naturaleza<\/a><\/h2>\n<p><a href=\"http:\/\/www.eloriente.net\/home\/2015\/02\/21\/sencillo-participar-en-primer-concurso-nacional-de-fotografia-de-naturaleza\/\" rel=\"bookmark\"><img decoding=\"async\" class=\"alignleft\" title=\"Sencillo participar en Primer Concurso Nacional de Fotograf\u00eda de Naturaleza\" src=\"http:\/\/www.eloriente.net\/home\/wp-content\/themes\/city-desk\/timthumb.php?src=http%3A%2F%2Fwww.eloriente.net%2Fhome%2Fwp-content%2Fuploads%2F2012%2F06%2FarribadaIxtapilla-agosto2010-21-1024x660-centromexicanodelatortuga.jpg&amp;q=90&amp;w=160&amp;h=106&amp;zc=1\" alt=\"Sencillo participar en Primer Concurso Nacional de Fotograf\u00eda de Naturaleza\" \/><\/a>\u00a0 (www.eloriente.net, M\u00e9xico, a 21 de febrero de 2015, Por: Fernando Vital, editor de Fotograf\u00eda).- Especies de plantas, hongos, animales nativos, y todo aquello que tenga que ver con naturaleza y biodiversidad puede ser objeto de una extraordinaria imagen. La naturaleza es un bello espect\u00e1culo que merece compartirse. De all\u00ed, que diversas instancias est\u00e9n convocando [\u2026]<\/p>\n<p class=\"postmeta\"><span class=\"meta_date\">febrero 21, 2015<\/span><\/p>\n<\/div>\n<div id=\"post-35141\" class=\"post-35141 post type-post status-publish format-standard has-post-thumbnail hentry category-congreso-y-justicia category-derechos-humanos category-entradas category-estados category-oaxaca-estados tag-alfredo-lagunas tag-conatrib tag-juicios-orales tag-tribunal-oaxaca entry loop-default border_bottom_30\">\n<h2 class=\"entry_title\"><a title=\"Enlace Permanente a Presenta Oaxaca dos propuestas a Conferencia Nacional de Tribunales; nuevo sistema en puerta\" href=\"http:\/\/www.eloriente.net\/home\/2015\/02\/02\/presenta-oaxaca-dos-propuestas-a-conferencia-nacional-de-tribunales-nuevo-sistema-en-puerta\/\" rel=\"bookmark\">Presenta Oaxaca dos propuestas a Conferencia Nacional de Tribunales; nuevo sistema en puerta<\/a><\/h2>\n<p><a href=\"http:\/\/www.eloriente.net\/home\/2015\/02\/02\/presenta-oaxaca-dos-propuestas-a-conferencia-nacional-de-tribunales-nuevo-sistema-en-puerta\/\" rel=\"bookmark\"><img decoding=\"async\" class=\"alignleft\" title=\"Presenta Oaxaca dos propuestas a Conferencia Nacional de Tribunales; nuevo sistema en puerta\" src=\"http:\/\/www.eloriente.net\/home\/wp-content\/themes\/city-desk\/timthumb.php?src=http%3A%2F%2Fwww.eloriente.net%2Fhome%2Fwp-content%2Fuploads%2F2015%2F02%2FProponen-lineamientos-Tribunal-Conatrib.jpg&amp;q=90&amp;w=160&amp;h=106&amp;zc=1\" alt=\"Presenta Oaxaca dos propuestas a Conferencia Nacional de Tribunales; nuevo sistema en puerta\" \/><\/a>eloriente.net\/TSJEO 2 de febrero de 2015 nte las exigencias derivadas de la reci\u00e9n aprobada Ley Nacional de Mecanismos Alternativos de Soluci\u00f3n de Controversias en Materia penal y dem\u00e1s legislaci\u00f3n penal aplicable en el pa\u00eds, el titular del Poder Judicial de Oaxaca, magistrado Alfredo Rodrigo Lagunas Rivera, present\u00f3 a nivel nacional dos proyectos de \u201cLineamientos para [\u2026]<\/p>\n<p class=\"postmeta\"><span class=\"meta_date\">febrero 2, 2015<\/span><\/p>\n<\/div>\n\n\t\t\t  <div \n\t\t\t  \tclass = \"fb-comments\" \n\t\t\t  \tdata-href = \"http:\/\/www.eloriente.net\/home\/2015\/02\/25\/lista-de-candidatos-pan-a-diputaciones-federales-elecciones2015\/\"\n\t\t\t  \tdata-numposts = \"10\"\n\t\t\t\tdata-colorscheme = \"dark\"\n\t\t\t\tdata-order-by = \"social\"\n\t\t\t\tdata-mobile=true>\n\t\t\t  <\/div>\n\t\t  <style>\n\t\t\t.fb_iframe_widget_fluid_desktop iframe {\n\t\t\t    width: 100% !important;\n\t\t\t}\n\t\t  <\/style>\n\t\t  ","protected":false},"excerpt":{"rendered":"<p>&nbsp; (www.eloriente.net, M\u00e9xico, a 25 de febrero de 2015. Por: Roberto Morales).- El Partido Acci\u00f3n Nacional cerr\u00f3 finalmente su lista definitiva de candidatos a ocupar las diputaciones federales por el estado de Oaxaca, tanto en el principio de representaci\u00f3n proporcional como en el de mayor\u00eda relativa; lo anterior, luego de que el Comit\u00e9 Ejecutivo Nacional [&hellip;]<\/p>\n","protected":false},"author":1,"featured_media":35664,"comment_status":"open","ping_status":"open","sticky":false,"template":"","format":"standard","meta":{"_jetpack_memberships_contains_paid_content":false,"footnotes":""},"categories":[91,32,63,464,21],"tags":[3225,141,73,579,3399,192],"class_list":["post-35663","post","type-post","status-publish","format-standard","has-post-thumbnail","hentry","category-congreso-y-justicia","category-entradas","category-estados","category-oaxaca-estados","category-politica-y-gobierno","tag-elecciones-2015","tag-mexico","tag-oaxaca","tag-pan","tag-partido-accion-nacional","tag-pri"],"jetpack_featured_media_url":"http:\/\/www.eloriente.net\/home\/wp-content\/uploads\/2015\/02\/Foto-PAN-encuestas-feb2015.png","jetpack_sharing_enabled":true,"_links":{"self":[{"href":"http:\/\/www.eloriente.net\/home\/wp-json\/wp\/v2\/posts\/35663"}],"collection":[{"href":"http:\/\/www.eloriente.net\/home\/wp-json\/wp\/v2\/posts"}],"about":[{"href":"http:\/\/www.eloriente.net\/home\/wp-json\/wp\/v2\/types\/post"}],"author":[{"embeddable":true,"href":"http:\/\/www.eloriente.net\/home\/wp-json\/wp\/v2\/users\/1"}],"replies":[{"embeddable":true,"href":"http:\/\/www.eloriente.net\/home\/wp-json\/wp\/v2\/comments?post=35663"}],"version-history":[{"count":1,"href":"http:\/\/www.eloriente.net\/home\/wp-json\/wp\/v2\/posts\/35663\/revisions"}],"predecessor-version":[{"id":35665,"href":"http:\/\/www.eloriente.net\/home\/wp-json\/wp\/v2\/posts\/35663\/revisions\/35665"}],"wp:featuredmedia":[{"embeddable":true,"href":"http:\/\/www.eloriente.net\/home\/wp-json\/wp\/v2\/media\/35664"}],"wp:attachment":[{"href":"http:\/\/www.eloriente.net\/home\/wp-json\/wp\/v2\/media?parent=35663"}],"wp:term":[{"taxonomy":"category","embeddable":true,"href":"http:\/\/www.eloriente.net\/home\/wp-json\/wp\/v2\/categories?post=35663"},{"taxonomy":"post_tag","embeddable":true,"href":"http:\/\/www.eloriente.net\/home\/wp-json\/wp\/v2\/tags?post=35663"}],"curies":[{"name":"wp","href":"https:\/\/api.w.org\/{rel}","templated":true}]}}