{"id":35687,"date":"2015-03-02T11:37:22","date_gmt":"2015-03-02T17:37:22","guid":{"rendered":"http:\/\/www.eloriente.net\/home\/?p=35687"},"modified":"2015-03-02T11:40:59","modified_gmt":"2015-03-02T17:40:59","slug":"javier-barroso-municipios-estan-luchando-en-tribunales-por-abatir-administradores","status":"publish","type":"post","link":"http:\/\/www.eloriente.net\/home\/2015\/03\/02\/javier-barroso-municipios-estan-luchando-en-tribunales-por-abatir-administradores\/","title":{"rendered":"Javier Barroso: municipios est\u00e1n luchando en tribunales por abatir Administradores"},"content":{"rendered":"<p><script src=\"\/\/pagead2.googlesyndication.com\/pagead\/js\/adsbygoogle.js\" async=\"\"><\/script><!-- BANNER ELORIENTE INCRUSTADO NOTAS --> <ins class=\"adsbygoogle\" style=\"display: inline-block; width: 300px; height: 250px;\" data-ad-client=\"ca-pub-1136171134853753\" data-ad-slot=\"7974633627\"><\/ins><script>\/\/ <![CDATA[\n(adsbygoogle = window.adsbygoogle || []).push({});\n\/\/ ]]><\/script><br \/>\neloriente.net\/Congreso de Oaxaca<\/p>\n<p>2 de marzo de 2015<\/p>\n<p><strong>San Raymundo Jalpan, Oax., 1 de Marzo de 2015.-<\/strong> El diputado Javier C\u00e9sar Barroso S\u00e1nchez de la Fracci\u00f3n Parlamentaria del Partido Acci\u00f3n Nacional, integrante de la LXII Legislatura del Congreso Local present\u00f3 la iniciativa con proyecto de decreto por el que se reforma la fracci\u00f3n XIII del art\u00edculo 59 de la Constituci\u00f3n Pol\u00edtica del Estado Libre y Soberano de Oaxaca, para suprimir la figura de los administradores municipales, en virtud de que dicha situaci\u00f3n est\u00e1 en abierta contravenci\u00f3n con la Constituci\u00f3n Pol\u00edtica General.<\/p>\n<p>Barroso S\u00e1nchez manifest\u00f3 que el objetivo de esta reforma es designar, a propuesta del Gobernador, a los integrantes de los Consejos Municipales, cuando por cualquier circunstancia especial no se verificare la elecci\u00f3n de alg\u00fan ayuntamiento o se hubiere declarado nula o no v\u00e1lida, o se declarara desaparecido o suspendido el Ayuntamiento, lo anterior de conformidad en lo establecido en la Ley de la materia.<\/p>\n<p>Por otra parte el representante popular dijo que en lo relativo a la suspensi\u00f3n y desaparici\u00f3n de Ayuntamientos se establece el derecho de defensa en favor de los ayuntamientos, quedando de la siguiente manera: las legislaturas locales, por acuerdo de las dos terceras partes de sus integrantes, podr\u00e1n suspender ayuntamientos, declarar que \u00e9stos han desaparecido y suspender o revocar el mandato a alguno de sus miembros, por alguna de las causas graves que la ley local prevenga, siempre y cuando sus miembros hayan tenido oportunidad suficiente de rendir las pruebas y hacer los alegatos que a su juicio convengan.<\/p>\n<p>Asimismo el diputado explic\u00f3 \u00aben caso de declararse desaparecido un ayuntamiento o por renuncia o falta absoluta de la mayor\u00eda de sus miembros, si conforme a la ley no procediera que entraren en funciones los suplentes ni que se celebraren nuevas elecciones, las legislaturas designar\u00e1n entre los vecinos a los consejos municipales que concluir\u00e1n los periodos respectivos.\u00a0 Si alguno de los miembros dejara de desempe\u00f1ar su cargo, ser\u00e1 sustituido por su suplente, o se proceder\u00e1 seg\u00fan lo disponga la ley\u00bb.<\/p>\n<p>Durante los \u00faltimos a\u00f1os, -dijo el legislador- los Municipios que integran el Territorio de nuestro Estado han recurrido a los tribunales judiciales a fin de combatir las violaciones que se cometen a los habitantes de sus Municipios respecto al Derecho de contar con un verdadero Ayuntamiento que los represente, han decido emprender una lucha en un tema de la mayor relevancia que es el de los Administradores, quienes de acuerdo a la facultad que se atribuy\u00f3 el Congreso de nuestro Estado, violenta de manera directa lo establecido por nuestra m\u00e1xima carta, al introducir la figura del Administrador.<\/p>\n<p>&nbsp;<\/p>\n<p><a href=\"http:\/\/www.eloriente.net\/home\/wp-content\/uploads\/2015\/03\/Dip.-Barroso-62legisoax.jpg\"><img loading=\"lazy\" decoding=\"async\" class=\"alignnone size-medium wp-image-35688\" src=\"http:\/\/www.eloriente.net\/home\/wp-content\/uploads\/2015\/03\/Dip.-Barroso-62legisoax-253x300.jpg\" alt=\"Dip. Barroso 62legisoax\" width=\"253\" height=\"300\" srcset=\"http:\/\/www.eloriente.net\/home\/wp-content\/uploads\/2015\/03\/Dip.-Barroso-62legisoax-253x300.jpg 253w, http:\/\/www.eloriente.net\/home\/wp-content\/uploads\/2015\/03\/Dip.-Barroso-62legisoax-863x1024.jpg 863w, http:\/\/www.eloriente.net\/home\/wp-content\/uploads\/2015\/03\/Dip.-Barroso-62legisoax-1024x1213.jpg 1024w, http:\/\/www.eloriente.net\/home\/wp-content\/uploads\/2015\/03\/Dip.-Barroso-62legisoax.jpg 1725w\" sizes=\"(max-width: 253px) 100vw, 253px\" \/><\/a><\/p>\n<p>&nbsp;<\/p>\n<p>Agreg\u00f3 que en la entidad a partir del a\u00f1o 2010, ha pugnado por el establecimiento de gobiernos municipales leg\u00edtimos, en donde las elecciones de los representantes de los ayuntamientos por sistemas de partidos pol\u00edticos y sistemas normativos internos se llevan de manera limpia en la que las reglas y resultados se han admitidos por los actores de la competencia.<\/p>\n<p>El tambi\u00e9n presidente de la Comisi\u00f3n Permanente de Salud P\u00fablica, asever\u00f3 \u00abexisten intereses, que durante mucho tiempo se han dedicado a contrariar o delimitar la soberan\u00eda derivada de las personas en las urnas, que se han constituido en fuerzas paralelas a las que se articulan al quehacer pol\u00edtico institucional, que hoy en d\u00eda, viola la autonom\u00eda y libre determinaci\u00f3n de los pueblos y comunidades de Oaxaca, al no permitirse nombrara sus autoridades\u00bb.<\/p>\n<p>En este contexto reafirm\u00f3 que por todo lo anterior, y en estricto apego al principio de constitucionalidad que deben seguir los procesos legislativos y a efecto de devolver a los Municipios del Estado la facultad de contar siempre con \u00f3rganos colegiados de autoridad, como lo son los Ayuntamientos o los Consejos Municipales, \u00a0propone reformar la fracci\u00f3n XII del\u00a0 art\u00edculo 59\u00a0 de la constituci\u00f3n Pol\u00edtica del Estado Libre y Soberano de Oaxaca.<\/p>\n<p>La iniciativa fue turnada para su an\u00e1lisis y dictamen a la Comisi\u00f3n permanente de Estudios Constitucionales, presidida por el diputado Jaime Bola\u00f1os Cacho del PRD, e integrada por Manuel Andr\u00e9s Garc\u00eda D\u00edaz del PRI, Antonia Natividad D\u00edaz Jim\u00e9nez del PAN, Mar\u00eda del Carmen Ric\u00e1rdez \u00a0Vela del PRI, Edith Yolanda L\u00f3pez Velasco del PRI y Gerardo Garc\u00eda Henestroza del PAN.<\/p>\n<p>&nbsp;<\/p>\n<p><strong>OTRAS ENTRADAS:<\/strong><\/p>\n<p><a title=\"Enlace Permanente a 60% por no dar mayor\u00eda al Presidente en Congreso; suben Morena y PAN: Encuesta\" href=\"http:\/\/www.eloriente.net\/home\/2015\/02\/23\/60-por-no-dar-mayoria-al-presidente-en-congreso-suben-morena-y-pan-encuesta\/\" rel=\"bookmark\">60% por no dar mayor\u00eda al Presidente en Congreso; suben Morena y PAN: Encuesta<\/a><\/p>\n<p><a href=\"http:\/\/www.eloriente.net\/home\/2015\/02\/23\/60-por-no-dar-mayoria-al-presidente-en-congreso-suben-morena-y-pan-encuesta\/\" rel=\"bookmark\"><img decoding=\"async\" class=\"alignleft\" title=\"60% por no dar mayor\u00eda al Presidente en Congreso; suben Morena y PAN: Encuesta\" src=\"http:\/\/www.eloriente.net\/home\/wp-content\/themes\/city-desk\/timthumb.php?src=http%3A%2F%2Fwww.eloriente.net%2Fhome%2Fwp-content%2Fuploads%2F2015%2F02%2FENCUESTS-BUENDI%CC%81A-FEBRERO-DE-2015.png&amp;q=90&amp;w=160&amp;h=106&amp;zc=1\" alt=\"60% por no dar mayor\u00eda al Presidente en Congreso; suben Morena y PAN: Encuesta\" \/><\/a><\/p>\n<p>(www.eloriente.net, M\u00e9xico, a 23 de febrero de 2015. Por Roberto Morales, Especialista en Pol\u00edtica ELORIENTE.NET).- La Casa Buend\u00eda y Laredo en conjunto con EL UNIVERSAL, dio a conocer esta ma\u00f1ana los resultados de su Panorama Electoral de febrero para los comicios del pr\u00f3ximo junio a nivel federal en M\u00e9xico, mismos que reflejan una variaci\u00f3n [\u2026]<\/p>\n<p class=\"postmeta\"><span class=\"meta_date\">febrero 23, 2015<\/span><\/p>\n<h2 class=\"entry_title\"><a title=\"Enlace Permanente a Se ampara Ind\u00edgena zapoteca y Juez declara inconstitucional nombramiento de administrador municipal\" href=\"http:\/\/www.eloriente.net\/home\/2015\/01\/06\/se-ampara-indigena-zapoteca-y-juez-declara-inconstitucional-nombramiento-de-administrador-municipal\/\" rel=\"bookmark\">Se ampara Ind\u00edgena zapoteca y Juez declara inconstitucional nombramiento de administrador municipal<\/a><\/h2>\n<p class=\"postmeta\"><a href=\"http:\/\/www.eloriente.net\/home\/2015\/01\/06\/se-ampara-indigena-zapoteca-y-juez-declara-inconstitucional-nombramiento-de-administrador-municipal\/\" rel=\"bookmark\"><img decoding=\"async\" class=\"alignleft\" title=\"Se ampara Ind\u00edgena zapoteca y Juez declara inconstitucional nombramiento de administrador municipal\" src=\"http:\/\/www.eloriente.net\/home\/wp-content\/themes\/city-desk\/timthumb.php?src=http%3A%2F%2Fwww.eloriente.net%2Fhome%2Fwp-content%2Fuploads%2F2015%2F01%2F%40JalilOlmedo-Panteo%CC%81n-Santa-Mari%CC%81a-Atzompa.jpg&amp;q=90&amp;w=160&amp;h=106&amp;zc=1\" alt=\"Se ampara Ind\u00edgena zapoteca y Juez declara inconstitucional nombramiento de administrador municipal\" \/><\/a><\/p>\n<p>eloriente.net\/CEPIADET* 6 de enero de 2015 + Un juez de distrito declar\u00f3 inconstitucional el art\u00edculo que faculta al Congreso local nombrarlos. Oaxaca, M\u00e9xico, 05 de enero 2015.- EL juez quinto de distrito en el estado declar\u00f3 inconstitucional la fracci\u00f3n XIII del art\u00edculo 59 de la Constituci\u00f3n Pol\u00edtica del Estado Libre y Soberano de Oaxaca, que [\u2026]<\/p>\n<p class=\"postmeta\"><span class=\"meta_date\">enero 6, 2015<\/span><\/p>\n\n\t\t\t  <div \n\t\t\t  \tclass = \"fb-comments\" \n\t\t\t  \tdata-href = \"http:\/\/www.eloriente.net\/home\/2015\/03\/02\/javier-barroso-municipios-estan-luchando-en-tribunales-por-abatir-administradores\/\"\n\t\t\t  \tdata-numposts = \"10\"\n\t\t\t\tdata-colorscheme = \"dark\"\n\t\t\t\tdata-order-by = \"social\"\n\t\t\t\tdata-mobile=true>\n\t\t\t  <\/div>\n\t\t  <style>\n\t\t\t.fb_iframe_widget_fluid_desktop iframe {\n\t\t\t    width: 100% !important;\n\t\t\t}\n\t\t  <\/style>\n\t\t  ","protected":false},"excerpt":{"rendered":"<p>eloriente.net\/Congreso de Oaxaca 2 de marzo de 2015 San Raymundo Jalpan, Oax., 1 de Marzo de 2015.- El diputado Javier C\u00e9sar Barroso S\u00e1nchez de la Fracci\u00f3n Parlamentaria del Partido Acci\u00f3n Nacional, integrante de la LXII Legislatura del Congreso Local present\u00f3 la iniciativa con proyecto de decreto por el que se reforma la fracci\u00f3n XIII del [&hellip;]<\/p>\n","protected":false},"author":1,"featured_media":35688,"comment_status":"open","ping_status":"open","sticky":false,"template":"","format":"standard","meta":{"_jetpack_memberships_contains_paid_content":false,"footnotes":""},"categories":[1588,91,32,63,23,464,21],"tags":[246,263,73],"class_list":["post-35687","post","type-post","status-publish","format-standard","has-post-thumbnail","hentry","category-comunicados-y-boletines","category-congreso-y-justicia","category-entradas","category-estados","category-municipios","category-oaxaca-estados","category-politica-y-gobierno","tag-congreso","tag-leyes","tag-oaxaca"],"jetpack_featured_media_url":"http:\/\/www.eloriente.net\/home\/wp-content\/uploads\/2015\/03\/Dip.-Barroso-62legisoax.jpg","jetpack_sharing_enabled":true,"_links":{"self":[{"href":"http:\/\/www.eloriente.net\/home\/wp-json\/wp\/v2\/posts\/35687"}],"collection":[{"href":"http:\/\/www.eloriente.net\/home\/wp-json\/wp\/v2\/posts"}],"about":[{"href":"http:\/\/www.eloriente.net\/home\/wp-json\/wp\/v2\/types\/post"}],"author":[{"embeddable":true,"href":"http:\/\/www.eloriente.net\/home\/wp-json\/wp\/v2\/users\/1"}],"replies":[{"embeddable":true,"href":"http:\/\/www.eloriente.net\/home\/wp-json\/wp\/v2\/comments?post=35687"}],"version-history":[{"count":2,"href":"http:\/\/www.eloriente.net\/home\/wp-json\/wp\/v2\/posts\/35687\/revisions"}],"predecessor-version":[{"id":35690,"href":"http:\/\/www.eloriente.net\/home\/wp-json\/wp\/v2\/posts\/35687\/revisions\/35690"}],"wp:featuredmedia":[{"embeddable":true,"href":"http:\/\/www.eloriente.net\/home\/wp-json\/wp\/v2\/media\/35688"}],"wp:attachment":[{"href":"http:\/\/www.eloriente.net\/home\/wp-json\/wp\/v2\/media?parent=35687"}],"wp:term":[{"taxonomy":"category","embeddable":true,"href":"http:\/\/www.eloriente.net\/home\/wp-json\/wp\/v2\/categories?post=35687"},{"taxonomy":"post_tag","embeddable":true,"href":"http:\/\/www.eloriente.net\/home\/wp-json\/wp\/v2\/tags?post=35687"}],"curies":[{"name":"wp","href":"https:\/\/api.w.org\/{rel}","templated":true}]}}