{"id":35693,"date":"2015-03-02T12:46:51","date_gmt":"2015-03-02T18:46:51","guid":{"rendered":"http:\/\/www.eloriente.net\/home\/?p=35693"},"modified":"2015-03-02T12:46:51","modified_gmt":"2015-03-02T18:46:51","slug":"el-rock-indigena","status":"publish","type":"post","link":"http:\/\/www.eloriente.net\/home\/2015\/03\/02\/el-rock-indigena\/","title":{"rendered":"El Rock ind\u00edgena!"},"content":{"rendered":"<p>eloriente.net\/FAHHO<\/p>\n<p>2 de marzo de 2015<\/p>\n<ul>\n<li>El libro <em>Etnorock, los rostros de una m\u00fasica global en el sur de M\u00e9xico<\/em> se present\u00f3 en la Capilla del Centro Cultural San Pablo<\/li>\n<\/ul>\n<p>Oaxaca, Oax.- El levantamiento armando del Ejercito Zapatista de Liberaci\u00f3n Nacional (EZLN), en enero de 1994 en las monta\u00f1as de Chiapas, fue un hecho que cimbr\u00f3 al pa\u00eds entero y movi\u00f3 a las nuevas generaciones hacia una forma de valorar la esencia de las culturas ind\u00edgenas.<\/p>\n<p>El movimiento zapatista convirti\u00f3 a San Crist\u00f3bal de las Casas en un punto de encuentro internacional que permiti\u00f3 la llegada periodistas, investigadores y m\u00fasicos que compartieron su talento y sus conocimientos con los j\u00f3venes ind\u00edgenas del estado sure\u00f1o de M\u00e9xico. Fue as\u00ed como en 1996, dos a\u00f1os despu\u00e9s del levantamiento armado, comenz\u00f3 el surgimiento del movimiento de rock ind\u00edgena, un fen\u00f3meno musical que se convirti\u00f3 en el eje central del libro <em>Etnorock, los rostros de una m\u00fasica global en el sur de M\u00e9xico<\/em>, que fue presentado en la Capilla del Centro Cultural San Pablo.<\/p>\n<p style=\"text-align: center;\">\n<a href=\"http:\/\/www.eloriente.net\/home\/wp-content\/uploads\/2015\/03\/Etnorock-FAHHO.jpg\"><img loading=\"lazy\" decoding=\"async\" class=\"size-medium wp-image-35694 aligncenter\" src=\"http:\/\/www.eloriente.net\/home\/wp-content\/uploads\/2015\/03\/Etnorock-FAHHO-300x199.jpg\" alt=\"Etnorock FAHHO\" width=\"300\" height=\"199\" srcset=\"http:\/\/www.eloriente.net\/home\/wp-content\/uploads\/2015\/03\/Etnorock-FAHHO-300x199.jpg 300w, http:\/\/www.eloriente.net\/home\/wp-content\/uploads\/2015\/03\/Etnorock-FAHHO.jpg 950w\" sizes=\"(max-width: 300px) 100vw, 300px\" \/><\/a><br \/>\nImagen: FAHHO<\/p>\n<p>Juan Pablo Zebad\u00faa y Mart\u00edn de la Cruz L\u00f3pez Moya, dos de los autores del libro, explicaron que el ejemplar compila el fen\u00f3meno etnorokero de tres entidades del sur de M\u00e9xico: Chiapas, Veracruz y Guerrero.<\/p>\n<p>Zebad\u00faa, investigador de la Universidad Aut\u00f3noma de Chiapas, resalt\u00f3 que a trav\u00e9s de esta investigaci\u00f3n, que muchos autores comenzaron hace 10 a\u00f1os, expres\u00f3 que el movimiento etnorock en el Sureste mexicano fue tomado por los j\u00f3venes m\u00fasicos como una manera de reivindicar su propia etnicidad a trav\u00e9s de un g\u00e9nero musical que pareciera ajeno a las culturas ind\u00edgenas, pero que fue adoptado y mezclado con las manifestaciones culturales propias de los pueblos de M\u00e9xico.<\/p>\n<p>Por su parte, Mart\u00edn de la Cruz L\u00f3pez Moya, investigador del Centro de Estudios Superiores de M\u00e9xico y Centroam\u00e9rica, dijo que el movimiento etnorock ha tomado fuerza en el sureste del pa\u00eds, siendo Chiapas, y espec\u00edficamente San Crist\u00f3bal de las Casas, la catedral de este movimiento musical que impulsan los j\u00f3venes ind\u00edgenas.<\/p>\n<p>\u00abEn t\u00e9rminos musicales hay una fusi\u00f3n que se logra entre tradiciones musicales locales, como las ceremoniales e ind\u00edgenas, con los ritmos del rock, con esta m\u00fasica global. Estas fusiones musicales generan un di\u00e1logo entre muchos j\u00f3venes y los visibiliza como nuevos sujetos urbanos, porque a trav\u00e9s de esta m\u00fasica se est\u00e1n narrando a s\u00ed mismos de distintas maneras, como j\u00f3venes, con sus pertenencias \u00e9tnicas, pero tambi\u00e9n como seres humanos; con sus propias experiencias amorosas, por ejemplo\u00bb, expres\u00f3 de la Cruz L\u00f3pez.<\/p>\n<p>Esta investigaci\u00f3n permiti\u00f3 reconocer que en toda la geograf\u00eda veracruzana ha aparecido un gran n\u00famero de j\u00f3venes adeptos del rock que se suman al movimiento que existe en el norte de M\u00e9xico y que se ha visualizado con agrupaciones de los pueblos seris, en Sonora.<\/p>\n<p>A diferencia de lo que pasa con el rock tradicional que se produce desde el sur de M\u00e9xico, donde agrupaciones desparecen por la falta de apoyos y canales de difusi\u00f3n, el etnorock o rock ind\u00edgena tiene una importante presencia a nivel internacional, espec\u00edficamente en Latinoam\u00e9rica, donde pa\u00edses como Ecuador, Bolivia y Brasil son cunas de varias agrupaciones de j\u00f3venes ind\u00edgenas que han utilizado diversos g\u00e9neros musicales para preservar su esencia cultural.<\/p>\n<p>\u00abLos j\u00f3venes se acercan al rock por las nuevas sensibilidades de las juventudes contempor\u00e1neas, hay toda una din\u00e1mica de comunicaci\u00f3n que los acerca. Ver a los grandes rockeros que dieron conciertos solidarios en Chiapas sirvi\u00f3 como un\u00a0 recurso, pero tambi\u00e9n esa necesidad de resistencia juvenil que a trav\u00e9s de esta m\u00fasica trata de reivindicar ciertas pertenencias y demandas, esa es la estrategia, pero sobre todo visibilizarse como j\u00f3venes y estar en di\u00e1logos con j\u00f3venes de otras partes, independientemente de sus adscripciones ling\u00fc\u00edsticas\u00bb, recalc\u00f3 Mart\u00edn de la Cruz L\u00f3pez Moya.<\/p>\n<p><em>Etnorock, los rostros de una m\u00fasica global en el de M\u00e9xico<\/em> se present\u00f3 este jueves en la Capilla del Rosario del Centro Cultural San Pablo. La presentaci\u00f3n estuvo a cargo Mart\u00edn de la Cruz L\u00f3pez Moya y Juan Pablo Zebad\u00faa, dos de los autores; del m\u00fasico oaxaque\u00f1o David Morales y del investigador Sergio Navarrete.<\/p>\n<p><strong>OTRAS ENTRADAS:<\/strong><\/p>\n<h2 class=\"entry_title\"><a title=\"Enlace Permanente a La M\u00fasica Neot\u00edpica de Concierto, un art\u00edculo de Carlos Salom\u00f3n\" href=\"http:\/\/www.eloriente.net\/home\/2015\/01\/31\/la-musica-neotipica-de-concierto-un-articulo-de-carlos-salomon\/\" rel=\"bookmark\">La M\u00fasica Neot\u00edpica de Concierto, un art\u00edculo de Carlos Salom\u00f3n<\/a><\/h2>\n<p><a href=\"http:\/\/www.eloriente.net\/home\/2015\/01\/31\/la-musica-neotipica-de-concierto-un-articulo-de-carlos-salomon\/\" rel=\"bookmark\"><img decoding=\"async\" class=\"alignleft\" title=\"La M\u00fasica Neot\u00edpica de Concierto, un art\u00edculo de Carlos Salom\u00f3n\" src=\"http:\/\/www.eloriente.net\/home\/wp-content\/themes\/city-desk\/timthumb.php?src=http%3A%2F%2Fwww.eloriente.net%2Fhome%2Fwp-content%2Fuploads%2F2015%2F01%2FMARIMBA-cc-Juantiagues.jpg&amp;q=90&amp;w=160&amp;h=106&amp;zc=1\" alt=\"La M\u00fasica Neot\u00edpica de Concierto, un art\u00edculo de Carlos Salom\u00f3n\" \/><\/a><\/p>\n<p>eloriente.net 31 de enero de 2015 Por: Carlos Salom\u00f3n Soberanis La m\u00fasica tradicional mexicana a lo largo del tiempo se ha manifestado como un fen\u00f3meno art\u00edstico\u00a0 y\u00a0 social que acompa\u00f1a al ser humano es sus eventos p\u00fablicos y trascendentales de su vida como fiestas, convivencias, actos religiosos, ceremonias, danzas, etc.\u00a0 Su ra\u00edz est\u00e1 fundada en [\u2026]<\/p>\n<p class=\"postmeta\"><span class=\"meta_date\">enero 31, 2015<\/span><\/p>\n<h2 class=\"entry_title\"><a title=\"Enlace Permanente a La Historia Detr\u00e1s de la Canci\u00f3n \u201cOjos de Gata\u201d de Los Secretos\" href=\"http:\/\/www.eloriente.net\/home\/2014\/12\/05\/la-historia-detras-de-la-cancion-ojos-de-gata-de-los-secretos\/\" rel=\"bookmark\">La Historia Detr\u00e1s de la Canci\u00f3n \u201cOjos de Gata\u201d de Los Secretos<\/a><\/h2>\n<p class=\"postmeta\"><a href=\"http:\/\/www.eloriente.net\/home\/2014\/12\/05\/la-historia-detras-de-la-cancion-ojos-de-gata-de-los-secretos\/\" rel=\"bookmark\"><img decoding=\"async\" class=\"alignleft\" title=\"La Historia Detr\u00e1s de la Canci\u00f3n \u201cOjos de Gata\u201d de Los Secretos\" src=\"http:\/\/www.eloriente.net\/home\/wp-content\/themes\/city-desk\/timthumb.php?src=http%3A%2F%2Fwww.eloriente.net%2Fhome%2Fwp-content%2Fuploads%2F2014%2F12%2FOjos-de-Gata-Sara.jpg&amp;q=90&amp;w=160&amp;h=106&amp;zc=1\" alt=\"La Historia Detr\u00e1s de la Canci\u00f3n \u201cOjos de Gata\u201d de Los Secretos\" \/><\/a><\/p>\n<p>(www.eloriente.net, Oaxaca, 05 de diciembre 2014).- Hace poco referimos a Joan Manuel Serrat y su obra Mediterr\u00e1neo, considerada por algunos especialistas la mejor canci\u00f3n en espa\u00f1ol. El autor, no ha estado exento de homenajes y elogios, algunos en forma de \u00e1lbumes, uno de tantos es el producido en 2005 y que lleva por nombre Serrat\u2026 [\u2026]<\/p>\n<p class=\"postmeta\"><span class=\"meta_date\">diciembre 5, 2014<\/span><\/p>\n\n\t\t\t  <div \n\t\t\t  \tclass = \"fb-comments\" \n\t\t\t  \tdata-href = \"http:\/\/www.eloriente.net\/home\/2015\/03\/02\/el-rock-indigena\/\"\n\t\t\t  \tdata-numposts = \"10\"\n\t\t\t\tdata-colorscheme = \"dark\"\n\t\t\t\tdata-order-by = \"social\"\n\t\t\t\tdata-mobile=true>\n\t\t\t  <\/div>\n\t\t  <style>\n\t\t\t.fb_iframe_widget_fluid_desktop iframe {\n\t\t\t    width: 100% !important;\n\t\t\t}\n\t\t  <\/style>\n\t\t  ","protected":false},"excerpt":{"rendered":"<p>eloriente.net\/FAHHO 2 de marzo de 2015 El libro Etnorock, los rostros de una m\u00fasica global en el sur de M\u00e9xico se present\u00f3 en la Capilla del Centro Cultural San Pablo Oaxaca, Oax.- El levantamiento armando del Ejercito Zapatista de Liberaci\u00f3n Nacional (EZLN), en enero de 1994 en las monta\u00f1as de Chiapas, fue un hecho que [&hellip;]<\/p>\n","protected":false},"author":1,"featured_media":35694,"comment_status":"open","ping_status":"open","sticky":false,"template":"","format":"standard","meta":{"_jetpack_memberships_contains_paid_content":false,"footnotes":""},"categories":[29,1588,18,32,63,83,464],"tags":[239,149,1625,3410],"class_list":["post-35693","post","type-post","status-publish","format-standard","has-post-thumbnail","hentry","category-capital","category-comunicados-y-boletines","category-educacion-y-cultura","category-entradas","category-estados","category-musica-de-oaxaca","category-oaxaca-estados","tag-arte","tag-musica","tag-pueblos-indigenas","tag-rock"],"jetpack_featured_media_url":"http:\/\/www.eloriente.net\/home\/wp-content\/uploads\/2015\/03\/Etnorock-FAHHO.jpg","jetpack_sharing_enabled":true,"_links":{"self":[{"href":"http:\/\/www.eloriente.net\/home\/wp-json\/wp\/v2\/posts\/35693"}],"collection":[{"href":"http:\/\/www.eloriente.net\/home\/wp-json\/wp\/v2\/posts"}],"about":[{"href":"http:\/\/www.eloriente.net\/home\/wp-json\/wp\/v2\/types\/post"}],"author":[{"embeddable":true,"href":"http:\/\/www.eloriente.net\/home\/wp-json\/wp\/v2\/users\/1"}],"replies":[{"embeddable":true,"href":"http:\/\/www.eloriente.net\/home\/wp-json\/wp\/v2\/comments?post=35693"}],"version-history":[{"count":1,"href":"http:\/\/www.eloriente.net\/home\/wp-json\/wp\/v2\/posts\/35693\/revisions"}],"predecessor-version":[{"id":35695,"href":"http:\/\/www.eloriente.net\/home\/wp-json\/wp\/v2\/posts\/35693\/revisions\/35695"}],"wp:featuredmedia":[{"embeddable":true,"href":"http:\/\/www.eloriente.net\/home\/wp-json\/wp\/v2\/media\/35694"}],"wp:attachment":[{"href":"http:\/\/www.eloriente.net\/home\/wp-json\/wp\/v2\/media?parent=35693"}],"wp:term":[{"taxonomy":"category","embeddable":true,"href":"http:\/\/www.eloriente.net\/home\/wp-json\/wp\/v2\/categories?post=35693"},{"taxonomy":"post_tag","embeddable":true,"href":"http:\/\/www.eloriente.net\/home\/wp-json\/wp\/v2\/tags?post=35693"}],"curies":[{"name":"wp","href":"https:\/\/api.w.org\/{rel}","templated":true}]}}