{"id":35709,"date":"2015-03-04T13:39:49","date_gmt":"2015-03-04T19:39:49","guid":{"rendered":"http:\/\/www.eloriente.net\/home\/?p=35709"},"modified":"2015-03-04T13:40:31","modified_gmt":"2015-03-04T19:40:31","slug":"lo-mas-visto-en-eloriente-net-en-febrero-2015","status":"publish","type":"post","link":"http:\/\/www.eloriente.net\/home\/2015\/03\/04\/lo-mas-visto-en-eloriente-net-en-febrero-2015\/","title":{"rendered":"Lo M\u00e1s Visto en ELORIENTE.NET en febrero 2015"},"content":{"rendered":"<p>&nbsp;<\/p>\n<p>&nbsp;<\/p>\n<p>&nbsp;<\/p>\n<p>(www.eloriente.net, M\u00e9xico, 4 de febrero de 2015).- Cada mes, ELORIENTE.NET publica la lista de los contenidos m\u00e1s visitados por nuestros usuarios de manera mensual. Esto, para que aquellos que se han perdido una buena recomendaci\u00f3n o una buena nota, tengan la oportunidad de volver sobre ella, regocijarse y disfrutar.<\/p>\n<p>Hay que recordar que el objetivo de ELORIENTE.NET es no solamente informar, sino hacer llegar a tu mirada algunas de las cosas que valen la pena de la vida: im\u00e1genes extraordinarias, palabras que transforman y voces para aprender.<\/p>\n<p><strong><a href=\"http:\/\/www.eloriente.net\/home\/category\/colaboradores\/juan-jose-consejo\/\" target=\"_blank\">10. JUAN JOS\u00c9 CONSEJO EN ELORIENTE.NET<\/a><\/strong><\/p>\n<p>El experto en temas ambientales que cada domingo escribe con nosotros, se ha ubicado entre los predilectos de nuestros lectores. Su colaboraci\u00f3n m\u00e1s visitada fue: <a href=\"http:\/\/www.eloriente.net\/home\/2015\/02\/15\/ecologia-cultural-y-de-mercados\/\" target=\"_blank\">Ecolog\u00eda y Cultura<\/a>.<\/p>\n<p>&nbsp;<\/p>\n<p><strong><a href=\"http:\/\/www.eloriente.net\/home\/2015\/02\/15\/increibles-fotografias-ganadoras-del-world-press-photo-2015\/\" target=\"_blank\">9. INCRE\u00cdBLES FOTOGRAF\u00cdAS GANADORAS DEL WORLD PRESS PHOTO 2015<\/a><\/strong><\/p>\n<p>Los Premios <a href=\"http:\/\/www.worldpressphoto.org\/\" target=\"_blank\">World Press Photo<\/a>\u00a0anunciaron a los 42 fot\u00f3grafos ganadores de este a\u00f1o, entre los que se encuentran <a href=\"http:\/\/www.michelepalazziphotographer.com\/\" target=\"_blank\">Michele Palazzi<\/a>, <a href=\"http:\/\/www.glennagordon.com\/\" target=\"_blank\">Glenna Gordon<\/a>;\u00a0adem\u00e1s de <a href=\"http:\/\/www.darcypadilla.com\/\" target=\"_blank\">Darcy Padilla<\/a>. Estos premios se otorgaron despu\u00e9s de analizar casi 100,000 im\u00e1genes presentadas por 6,000 fot\u00f3grafos en todo el mundo. AQU\u00cd LAS FOTOS!<\/p>\n<p>&nbsp;<\/p>\n<p><strong><a href=\"http:\/\/www.eloriente.net\/home\/2015\/02\/10\/obesidad-en-mexico-la-epidemia-mas-peligrosa-del-siglo-xxi\/\" target=\"_blank\">8. OBESIDAD EN M\u00c9XICO: LA EPIDEMIA M\u00c1S PELIGROSA DEL SIGLO XXI<\/a><\/strong><\/p>\n<p>M\u00e9xico como pa\u00eds ocupa el primer lugar en obesidad dejando a Estados Unidos en segundo lugar, seg\u00fan un informe presentado por la Organizaci\u00f3n para la Cooperaci\u00f3n y Desarrollo Econ\u00f3micos (<a href=\"http:\/\/www.oecd.org\/centrodemexico\/laocde\/\" target=\"_blank\">OCDE<\/a>). Si no estamos dispuestos a ver esta grave problem\u00e1tica, muchas personas van a padecer enfermedades y hasta la muerte.<\/p>\n<p>El 30% de las muertes en adultos menores de 65 a\u00f1os que ocurren actualmente en <a href=\"http:\/\/www.ciedd.oaxaca.gob.mx\/info\/pdf\/obesidad_en_oaxaca.pdf\" target=\"_blank\">Oaxaca<\/a> est\u00e1n relacionadas con la obesidad, hipertensi\u00f3n arterial, <a href=\"http:\/\/www.eloriente.net\/home\/2012\/09\/06\/diabetes-reto-para-la-investigacion-cientifica\/\" target=\"_blank\">diabetes<\/a> y enfermedades cerebrovasculares.<\/p>\n<p>&nbsp;<\/p>\n<p><a href=\"http:\/\/www.eloriente.net\/home\/wp-content\/uploads\/2015\/03\/Portada-eloriente.net-100215.png\"><img loading=\"lazy\" decoding=\"async\" class=\"size-medium wp-image-35710 aligncenter\" src=\"http:\/\/www.eloriente.net\/home\/wp-content\/uploads\/2015\/03\/Portada-eloriente.net-100215-300x220.png\" alt=\"Portada eloriente.net 100215\" width=\"300\" height=\"220\" srcset=\"http:\/\/www.eloriente.net\/home\/wp-content\/uploads\/2015\/03\/Portada-eloriente.net-100215-300x220.png 300w, http:\/\/www.eloriente.net\/home\/wp-content\/uploads\/2015\/03\/Portada-eloriente.net-100215.png 973w\" sizes=\"(max-width: 300px) 100vw, 300px\" \/><\/a><\/p>\n<p><br class=\"Apple-interchange-newline\" \/><strong><a href=\"http:\/\/www.eloriente.net\/home\/2015\/02\/06\/una-mirada-masculina-del-acoso-callejero\/\" target=\"_blank\">7. UNA MIRADA MASCULINA DEL ACOSO CALLEJERO<\/a><\/strong><\/p>\n<p>Un excelente esfuerzo de UNICEF ahora compartido en ELORIENTE.NET En \u00e9lla estudiante Raisa Pimentel, nos da un ejemplo del acoso sexual, pero desde otra perspectiva, desde los zapatos de las mujeres, y desde el sentir de las mismas; este video fue realizado en el marco del taller de cineminutos Oneminutesjr. Te invitamos a verlo y a conocer m\u00e1s del tema.<\/p>\n<p><strong><a href=\"http:\/\/www.eloriente.net\/home\/2015\/02\/09\/el-embarazo-en-la-adolescencia-un-asunto-de-derechos-humanos\/\" target=\"_blank\">6. EL EMBARAZO EN LA ADOLESCENCIA: UN ASUNTO DE DERECHOS HUMANOS<\/a><\/strong><\/p>\n<p>La especialista en Derechos Humanos Ana Luisa Nerio est\u00e1 compartiendo con nosotros desde EnfoqueDH sus art\u00edculos que son de primera importancia para los lectores de ELORIENTE.NET En este caso, analiza este tema en el que, para darnos una idea seg\u00fan cifras de 2013: diariamente, 20 mil mujeres de 18 a\u00f1os dan a luz en pa\u00edses en v\u00edas de desarrollo y 2, de los 7.3 millones de partos de adolescentes que ocurrieron en ese a\u00f1o, correspondieron a ni\u00f1as menores de 15 a\u00f1os<\/p>\n<p><strong><a href=\"http:\/\/www.eloriente.net\/home\/2015\/02\/11\/la-revolucion-de-la-bio-construccion-en-oaxaca\/\" target=\"_blank\">5. LA REVOLUCI\u00d3N DE LA BIO-CONSTRUCCI\u00d3N EN OAXACA<\/a><\/strong><\/p>\n<p>Con el lema \u201carquitectura para todos\u201d, Marcos Ram\u00f3n S\u00e1nchez S\u00e1nchez arquitecto co-fundador de Eco constructores nos present\u00f3 su proyecto que define como una peque\u00f1a empresa que naci\u00f3 hace aproximadamente 15 a\u00f1os cuando a\u00fan se encontraba estudiando en la universidad. Los profesionistas y los proyectos innovadores de Oaxaca tienen siempre las puertas abiertas en ELORIENTE.NET<\/p>\n<p>De hecho, te invitamos a que escribas a direccioneditorial@eloriente.net para que nos cuentes y compartamos!<\/p>\n<p><strong><a href=\"http:\/\/www.eloriente.net\/home\/2015\/02\/14\/la-historia-detras-del-video-take-me-to-church-hozier-sergei-polunin-y-david-lachapelle\/\" target=\"_blank\">4. VIDEO RECOMENDACI\u00d3N: TAKE ME TO CHURCH: HOZIER, SERGEI POLUNIN Y DAVID LACHAPELLE<\/a><\/strong><\/p>\n<p>Tres artistas decidieron compartir sus talentos en un video: un extraordinario fot\u00f3grafo, un bailar\u00edn virtuoso y un m\u00fasico popular. De esta uni\u00f3n nace este video que es un deleite visual y multisensorial. Estas recomendaciones de ELORIENTE.NET son para que despiertes el placer, el disfrute, la felicidad.<br \/>\n<iframe loading=\"lazy\" src=\"https:\/\/www.youtube.com\/embed\/c-tW0CkvdDI\" width=\"560\" height=\"315\" frameborder=\"0\" allowfullscreen=\"allowfullscreen\"><\/iframe><\/p>\n<p>&nbsp;<\/p>\n<p><strong><a href=\"http:\/\/www.eloriente.net\/home\/2015\/02\/18\/condena-general-por-asesinato-de-perredistas-martinez-villavicencio-lopez-nelio-y-bautista\/\" target=\"_blank\">3. CONDENA GENERAL POR ASESINATO DE PERREDITAS MART\u00cdNEZ VILLAVICENCIO, L\u00d3PEZ NELIO Y BAUTISTA<\/a><\/strong><\/p>\n<p>Febrero fue un mes tr\u00e1gico para la pol\u00edtica local y particularmente para el PRD, pues tres de sus miembros activos fueron victimados en inmediaciones de Juxtlahuaca en Oaxaca. La condena en ese momento fue un\u00e1nime y la exigencia de justicia general. Aqu\u00ed las primer\u00edsimas reacciones.<\/p>\n<p><strong><a href=\"http:\/\/www.eloriente.net\/home\/tus-redes\/\" target=\"_blank\">2. TWITTER EN OAXACA<\/a><\/strong><\/p>\n<p>Las listas de la cuenta de twitter oficial de ELORIENTE.NET (@El_Oriente) son muy \u00fatiles para seguir temas, noticias y opiniones perfectamente sectorizadas y muy bien seleccionadas. Si vas a las listas en nuestra cuenta, vas a comprobar que twitter es mejor si lo clasificas. Suscr\u00edbete gratis a estas listas AQU\u00cd.<\/p>\n<p><strong><a href=\"http:\/\/www.eloriente.net\/home\/2015\/02\/03\/3feb15-en-vivo-mensaje-del-presidente-pena-nieto-desde-presidencia\/\" target=\"_blank\">1. EN VIVO: Mensaje del Presidente Pe\u00f1a sobre Anticorrupci\u00f3n<\/a><\/strong><\/p>\n<p>La expectaci\u00f3n en el pa\u00eds sobre el tema de la Transparencia y la Anticorrupci\u00f3n, ha llevado a que los lectores de ELORIENTE.NET est\u00e9n muy pendientes de todo lo que tenga relaci\u00f3n con esta tem\u00e1tica. No escapa de ello, el mensaje del presidente de M\u00e9xico presentando medidas al respecto el 3 de febrero de 2015. Aqu\u00ed puedes ver el video.<\/p>\n<p>&nbsp;<\/p>\n<p><strong>OTRAS ENTRADAS:<\/strong><\/p>\n<div id=\"post-6510\" class=\"post-6510 post type-post status-publish format-standard has-post-thumbnail hentry category-canal-3-musica category-entradas category-lo-mas-reciente entry loop-default border_bottom_30\">\n<h2 class=\"entry_title\"><a title=\"Enlace Permanente a Los videos m\u00e1s vistos en Youtube del 2012\" href=\"http:\/\/www.eloriente.net\/home\/2012\/12\/27\/los-videos-mas-vistos-en-youtube-en-mexico-este-2012\/\" rel=\"bookmark\">Los videos m\u00e1s vistos en Youtube del 2012<\/a><\/h2>\n<p><a href=\"http:\/\/www.eloriente.net\/home\/2012\/12\/27\/los-videos-mas-vistos-en-youtube-en-mexico-este-2012\/\" rel=\"bookmark\"><img decoding=\"async\" class=\"alignleft\" title=\"Los videos m\u00e1s vistos en Youtube del 2012\" src=\"http:\/\/www.eloriente.net\/home\/wp-content\/themes\/city-desk\/timthumb.php?src=http%3A%2F%2Fwww.eloriente.net%2Fhome%2Fwp-content%2Fuploads%2F2012%2F12%2FCaptura-de-pantalla-2012-12-27-a-las-09.43.04.png&amp;q=90&amp;w=160&amp;h=106&amp;zc=1\" alt=\"Los videos m\u00e1s vistos en Youtube del 2012\" \/><\/a>eloriente.net 27 de diciembre de 2012 eloriente.net (Oaxaca, Oax.) 27 de diciembre de 2012.- YouTube present\u00f3 la lista de videos con m\u00e1s audiencia en M\u00e9xico durante 2012, donde el n\u00famero uno es\u00a0 Psy-Gangnam Style, quien ocupa tambi\u00e9n el primer lugar a nivel mundial con\u00a0 1,055,949,365 vistas. Ricardo Arjona con el sencillo \u201cFuiste t\u00fa\u201d se ubica [\u2026]<\/p>\n<p class=\"postmeta\"><span class=\"meta_date\">diciembre 27, 2012<\/span><span class=\"meta_comment\">Comentarios desactivados<\/span><span class=\"meta_permalink\"><a title=\"Enlace Permanente a Los videos m\u00e1s vistos en Youtube del 2012\" href=\"http:\/\/www.eloriente.net\/home\/2012\/12\/27\/los-videos-mas-vistos-en-youtube-en-mexico-este-2012\/\" rel=\"bookmark\">Leer Mas<\/a><\/span><span class=\"meta_edit\"><a class=\"post-edit-link\" href=\"http:\/\/www.eloriente.net\/home\/wp-admin\/post.php?post=6510&amp;action=edit\">#<\/a><\/span><\/p>\n<p class=\"postmeta\">\n<\/div>\n<div id=\"post-34880\" class=\"post-34880 post type-post status-publish format-standard has-post-thumbnail hentry category-lunesdepolitica category-agenda category-capital category-destacadas category-editorial category-entradas category-estados category-municipios category-oaxaca-estados category-politica-y-gobierno category-principal tag-centro-de-convenciones tag-chimalapas tag-congreso-de-oaxaca tag-cotv tag-desempleo tag-elecciones-oaxaca tag-policia tag-reforma-educativa tag-television-estatal tag-trabajo-infantil tag-transparencia tag-zona-economica-del-sur entry loop-default border_bottom_30\">\n<h2 class=\"entry_title\"><a title=\"Enlace Permanente a Una Agenda para Oaxaca 2015: 10 temas\" href=\"http:\/\/www.eloriente.net\/home\/2015\/01\/08\/una-agenda-para-oaxaca-2015-10-temas\/\" rel=\"bookmark\">Una Agenda para Oaxaca 2015: 10 temas<\/a><\/h2>\n<p><a href=\"http:\/\/www.eloriente.net\/home\/2015\/01\/08\/una-agenda-para-oaxaca-2015-10-temas\/\" rel=\"bookmark\"><img decoding=\"async\" class=\"alignleft\" title=\"Una Agenda para Oaxaca 2015: 10 temas\" src=\"http:\/\/www.eloriente.net\/home\/wp-content\/themes\/city-desk\/timthumb.php?src=http%3A%2F%2Fwww.eloriente.net%2Fhome%2Fwp-content%2Fuploads%2F2015%2F01%2FHierve-el-Agua-cc-Karen-Cant%C3%BA-CC-e1420682803912.jpg&amp;q=90&amp;w=160&amp;h=106&amp;zc=1\" alt=\"Una Agenda para Oaxaca 2015: 10 temas\" \/><\/a>8 de enero de 2015 Editorial @El_Oriente Quienes tienen la generosidad de leernos, recordar\u00e1n que en ELORIENTE.NET hemos reiterado nuestra vocaci\u00f3n como un medio (no-noticioso) interesado en colaborar a que las personas encontremos m\u00e1s y mejores condiciones y motivos para experimentar la vida. Para nosotros importa la felicidad, el bienestar, la dicha, la experiencia est\u00e9tica, [\u2026]<\/p>\n<p class=\"postmeta\"><span class=\"meta_date\">enero 8, 2015<\/span><span class=\"meta_comment\">Comentarios desactivados<\/span><span class=\"meta_permalink\"><a title=\"Enlace Permanente a Una Agenda para Oaxaca 2015: 10 temas\" href=\"http:\/\/www.eloriente.net\/home\/2015\/01\/08\/una-agenda-para-oaxaca-2015-10-temas\/\" rel=\"bookmark\">Leer Mas<\/a><\/span><span class=\"meta_edit\"><a class=\"post-edit-link\" href=\"http:\/\/www.eloriente.net\/home\/wp-admin\/post.php?post=34880&amp;action=edit\">#<\/a><\/span><\/p>\n<p class=\"postmeta\">\n<\/div>\n<div id=\"post-32630\" class=\"post-32630 post type-post status-publish format-standard has-post-thumbnail hentry category-adrian-ortiz-romero category-capital category-colaboradores category-entradas category-lo-mas-reciente category-oaxaca-estados category-politica-y-gobierno tag-adrian-ortiz-romero-2 entry loop-default border_bottom_30\">\n<h2 class=\"entry_title\"><a title=\"Enlace Permanente a La autoridad, perdida: \u00bfqu\u00e9 m\u00e1s ser\u00e1 tolerado?\" href=\"http:\/\/www.eloriente.net\/home\/2014\/09\/26\/la-autoridad-perdida-que-mas-sera-tolerado\/\" rel=\"bookmark\">La autoridad, perdida: \u00bfqu\u00e9 m\u00e1s ser\u00e1 tolerado?<\/a><\/h2>\n<p><a href=\"http:\/\/www.eloriente.net\/home\/2014\/09\/26\/la-autoridad-perdida-que-mas-sera-tolerado\/\" rel=\"bookmark\"><img decoding=\"async\" class=\"alignleft\" title=\"La autoridad, perdida: \u00bfqu\u00e9 m\u00e1s ser\u00e1 tolerado?\" src=\"http:\/\/www.eloriente.net\/home\/wp-content\/themes\/city-desk\/timthumb.php?src=http%3A%2F%2Fwww.eloriente.net%2Fhome%2Fwp-content%2Fuploads%2F2014%2F04%2FMarcha-Contra-la-Reforma-Laboral-Por-Secci%C3%B3n-22.jpg&amp;q=90&amp;w=160&amp;h=106&amp;zc=1\" alt=\"La autoridad, perdida: \u00bfqu\u00e9 m\u00e1s ser\u00e1 tolerado?\" \/><\/a>eloriente.net 26\/septiembre\/2014 Por Adri\u00e1n Ortiz Romero Escalada de violencia; Oaxaca, un bot\u00f3n negro En otros estados del pa\u00eds se habla con preocupaci\u00f3n de la incontenible violencia derivada de la criminalidad. Se dice que en casos como el de Michoac\u00e1n, Nuevo Le\u00f3n o Tamaulipas hay situaciones claras de Estado fallido a partir de que el gobierno [\u2026]<\/p>\n<p class=\"postmeta\"><span class=\"meta_date\">septiembre 26, 2014<\/span><\/p>\n<\/div>\n\n\t\t\t  <div \n\t\t\t  \tclass = \"fb-comments\" \n\t\t\t  \tdata-href = \"http:\/\/www.eloriente.net\/home\/2015\/03\/04\/lo-mas-visto-en-eloriente-net-en-febrero-2015\/\"\n\t\t\t  \tdata-numposts = \"10\"\n\t\t\t\tdata-colorscheme = \"dark\"\n\t\t\t\tdata-order-by = \"social\"\n\t\t\t\tdata-mobile=true>\n\t\t\t  <\/div>\n\t\t  <style>\n\t\t\t.fb_iframe_widget_fluid_desktop iframe {\n\t\t\t    width: 100% !important;\n\t\t\t}\n\t\t  <\/style>\n\t\t  ","protected":false},"excerpt":{"rendered":"<p>&nbsp; &nbsp; &nbsp; (www.eloriente.net, M\u00e9xico, 4 de febrero de 2015).- Cada mes, ELORIENTE.NET publica la lista de los contenidos m\u00e1s visitados por nuestros usuarios de manera mensual. Esto, para que aquellos que se han perdido una buena recomendaci\u00f3n o una buena nota, tengan la oportunidad de volver sobre ella, regocijarse y disfrutar. Hay que recordar [&hellip;]<\/p>\n","protected":false},"author":1,"featured_media":35710,"comment_status":"open","ping_status":"open","sticky":false,"template":"","format":"standard","meta":{"_jetpack_memberships_contains_paid_content":false,"footnotes":""},"categories":[49,18,32,10,24],"tags":[1500,477,3414,3415,3416],"class_list":["post-35709","post","type-post","status-publish","format-standard","has-post-thumbnail","hentry","category-destacadas","category-educacion-y-cultura","category-entradas","category-lo-mas-reciente","category-mexico-y-el-mundo","tag-consejo","tag-el-oriente","tag-las-mas-vistas","tag-lo-mas-destacado","tag-nerio"],"jetpack_featured_media_url":"http:\/\/www.eloriente.net\/home\/wp-content\/uploads\/2015\/03\/Portada-eloriente.net-100215.png","jetpack_sharing_enabled":true,"_links":{"self":[{"href":"http:\/\/www.eloriente.net\/home\/wp-json\/wp\/v2\/posts\/35709"}],"collection":[{"href":"http:\/\/www.eloriente.net\/home\/wp-json\/wp\/v2\/posts"}],"about":[{"href":"http:\/\/www.eloriente.net\/home\/wp-json\/wp\/v2\/types\/post"}],"author":[{"embeddable":true,"href":"http:\/\/www.eloriente.net\/home\/wp-json\/wp\/v2\/users\/1"}],"replies":[{"embeddable":true,"href":"http:\/\/www.eloriente.net\/home\/wp-json\/wp\/v2\/comments?post=35709"}],"version-history":[{"count":2,"href":"http:\/\/www.eloriente.net\/home\/wp-json\/wp\/v2\/posts\/35709\/revisions"}],"predecessor-version":[{"id":35712,"href":"http:\/\/www.eloriente.net\/home\/wp-json\/wp\/v2\/posts\/35709\/revisions\/35712"}],"wp:featuredmedia":[{"embeddable":true,"href":"http:\/\/www.eloriente.net\/home\/wp-json\/wp\/v2\/media\/35710"}],"wp:attachment":[{"href":"http:\/\/www.eloriente.net\/home\/wp-json\/wp\/v2\/media?parent=35709"}],"wp:term":[{"taxonomy":"category","embeddable":true,"href":"http:\/\/www.eloriente.net\/home\/wp-json\/wp\/v2\/categories?post=35709"},{"taxonomy":"post_tag","embeddable":true,"href":"http:\/\/www.eloriente.net\/home\/wp-json\/wp\/v2\/tags?post=35709"}],"curies":[{"name":"wp","href":"https:\/\/api.w.org\/{rel}","templated":true}]}}