{"id":35714,"date":"2015-03-04T14:49:51","date_gmt":"2015-03-04T20:49:51","guid":{"rendered":"http:\/\/www.eloriente.net\/home\/?p=35714"},"modified":"2015-03-24T11:09:32","modified_gmt":"2015-03-24T17:09:32","slug":"encuesta-cual-es-tu-lugar-favorito-del-centro-historico-de-oaxaca","status":"publish","type":"post","link":"http:\/\/www.eloriente.net\/home\/2015\/03\/04\/encuesta-cual-es-tu-lugar-favorito-del-centro-historico-de-oaxaca\/","title":{"rendered":"#Encuesta: \u00bfCu\u00e1l es tu lugar favorito del Centro Hist\u00f3rico de Oaxaca?"},"content":{"rendered":"<p><script src=\"\/\/pagead2.googlesyndication.com\/pagead\/js\/adsbygoogle.js\" async=\"\"><\/script><!-- BANNER ELORIENTE INCRUSTADO NOTAS --> <ins class=\"adsbygoogle\" style=\"display: inline-block; width: 300px; height: 250px;\" data-ad-client=\"ca-pub-1136171134853753\" data-ad-slot=\"7974633627\"><\/ins><script>\/\/ <![CDATA[\n(adsbygoogle = window.adsbygoogle || []).push({});\n\/\/ ]]><\/script><\/p>\n<p>&nbsp;<\/p>\n<p>&nbsp;<\/p>\n<p>(<a href=\"www.eloriente.net\" target=\"_blank\">www.eloriente.net<\/a>, M\u00e9xico, 4 de marzo de 2015. Por: Enrique Salmer\u00f3n).- Es muy com\u00fan en Oaxaca que se repita la frase: \u00absomos Patrimonio Cultural de la Humanidad\u00bb, en referencia al orgullo que se siente por haber nacido o estar viviendo en una ciudad de innegable belleza y con incontables atractivos.<\/p>\n<p>Por eso, es muy necesario que podamos ir ahondando en ese tipo de expresiones comunes, para explorar qu\u00e9 tanto ese orgullo se traduce en mayor conocimiento sobre la cultura local, si estamos aprovechando o no esa oportunidad que abre el vivir en un lugar muy atractivo como el nuestro, y si conocemos este patrimonio de forma tal que podamos ayudar a difundirlo y compartirlo.<\/p>\n<p>Por esa raz\u00f3n, decidimos en ELORIENTE.NET dedicar <a href=\"http:\/\/www.eloriente.net\/home\/2015\/02\/25\/otro-antecedente-de-intervencion-civil-en-huatulco-comite-remueve-bloqueo\/\" target=\"_blank\">la encuesta de este mi\u00e9rcoles<\/a> precisamente a cinco preguntas muy sencillas sobre el Centro Hist\u00f3rico. La idea es que te sientas en total libertad de decir lo que te gusta y lo que no, lo que conoces y lo que no, y adem\u00e1s las razones por las que visitamos este emblem\u00e1tico lugar.<\/p>\n<p>Es muy posible que despu\u00e9s completemos estas preguntas con una segunda encuesta con otros aspectos.<\/p>\n<p>Si consideras importantes estos temas, ay\u00fadanos a responder pero tambi\u00e9n deja tus comentarios abajo o escribe a direccioneditorial@eloriente.net para sugerirnos otras encuestas que consideres de inter\u00e9s. Los resultados vamos a publicarlos sin falta en este mismo espacio. Gracias por tu tiempo y por tus respuestas!<br \/>\n<iframe loading=\"lazy\" src=\"https:\/\/poll-en.herokuapp.com\/encuesta\/embed\/yoppmp\" width=\"100%\" height=\"150\" frameborder=\"0\" scrolling=\"no\"><\/iframe><\/p>\n<p>&nbsp;<\/p>\n<p><a href=\"http:\/\/www.eloriente.net\/home\/wp-content\/uploads\/2014\/12\/Santo-Domingo-Oaxaca-Ron-Mader-License-CC-e1419178674622.jpg\"><img loading=\"lazy\" decoding=\"async\" class=\"alignnone size-medium wp-image-34781\" src=\"http:\/\/www.eloriente.net\/home\/wp-content\/uploads\/2014\/12\/Santo-Domingo-Oaxaca-Ron-Mader-License-CC-e1419178674622-300x300.jpg\" alt=\"Santo Domingo Oaxaca Ron Mader License CC\" width=\"300\" height=\"300\" srcset=\"http:\/\/www.eloriente.net\/home\/wp-content\/uploads\/2014\/12\/Santo-Domingo-Oaxaca-Ron-Mader-License-CC-e1419178674622-300x300.jpg 300w, http:\/\/www.eloriente.net\/home\/wp-content\/uploads\/2014\/12\/Santo-Domingo-Oaxaca-Ron-Mader-License-CC-e1419178674622-150x150.jpg 150w, http:\/\/www.eloriente.net\/home\/wp-content\/uploads\/2014\/12\/Santo-Domingo-Oaxaca-Ron-Mader-License-CC-e1419178674622-1024x1024.jpg 1024w, http:\/\/www.eloriente.net\/home\/wp-content\/uploads\/2014\/12\/Santo-Domingo-Oaxaca-Ron-Mader-License-CC-e1419178674622-50x50.jpg 50w, http:\/\/www.eloriente.net\/home\/wp-content\/uploads\/2014\/12\/Santo-Domingo-Oaxaca-Ron-Mader-License-CC-e1419178674622.jpg 2048w\" sizes=\"(max-width: 300px) 100vw, 300px\" \/><\/a><\/p>\n<p>Imagen: Ron-Mader-License-CC<\/p>\n<p>&nbsp;<\/p>\n<p><strong>OTRAS ENTRADAS:<\/strong><\/p>\n<h2 class=\"entry_title\"><a title=\"Enlace Permanente a Otro antecedente de Intervenci\u00f3n Civil en Huatulco; Comit\u00e9 remueve bloqueo\" href=\"http:\/\/www.eloriente.net\/home\/2015\/02\/25\/otro-antecedente-de-intervencion-civil-en-huatulco-comite-remueve-bloqueo\/\" rel=\"bookmark\">Otro antecedente de Intervenci\u00f3n Civil en Huatulco; Comit\u00e9 remueve bloqueo<\/a><\/h2>\n<p><a href=\"http:\/\/www.eloriente.net\/home\/2015\/02\/25\/otro-antecedente-de-intervencion-civil-en-huatulco-comite-remueve-bloqueo\/\" rel=\"bookmark\"><img decoding=\"async\" class=\"alignleft\" title=\"Otro antecedente de Intervenci\u00f3n Civil en Huatulco; Comit\u00e9 remueve bloqueo\" src=\"http:\/\/www.eloriente.net\/home\/wp-content\/themes\/city-desk\/timthumb.php?src=http%3A%2F%2Fwww.eloriente.net%2Fhome%2Fwp-content%2Fuploads%2F2015%2F02%2F%40Chiva_henry-huatulco-24feb15-.png&amp;q=90&amp;w=160&amp;h=106&amp;zc=1\" alt=\"Otro antecedente de Intervenci\u00f3n Civil en Huatulco; Comit\u00e9 remueve bloqueo\" \/><\/a><\/p>\n<p>(www.eloriente.net, M\u00e9xico, 25 de febrero de 2015).- El pasado 10 de enero, prestadores de servicios tur\u00edsticos y comerciantes de Santa Mar\u00eda Huatulco tomaron la desici\u00f3n y desalojaron un bloqueo efectuado por integrantes de la Coordinadora Nacional de Trabajadores de la Educaci\u00f3n (Secci\u00f3n 22), instalado a las afueras del Aeropuerto Internacional de Bah\u00edas de Huatulco. Este [\u2026]<\/p>\n<p class=\"postmeta\"><span class=\"meta_date\">febrero 25, 2015<\/span><\/p>\n<div id=\"post-32751\" class=\"post-32751 post type-post status-publish format-standard has-post-thumbnail hentry category-destacadas category-educacion-y-cultura category-entradas category-secciones-oriente category-oaxaca-estados category-politica-y-gobierno tag-ciedd tag-educacion tag-encuesta entry loop-default border_bottom_30\">\n<h2 class=\"entry_title\"><a title=\"Enlace Permanente a Encuesta: Percepci\u00f3n de la Educaci\u00f3n en Oaxaca\" href=\"http:\/\/www.eloriente.net\/home\/2014\/10\/01\/encuesta-percepcion-de-la-educacion-en-oaxaca\/\" rel=\"bookmark\">Encuesta: Percepci\u00f3n de la Educaci\u00f3n en Oaxaca<\/a><\/h2>\n<p><a href=\"http:\/\/www.eloriente.net\/home\/2014\/10\/01\/encuesta-percepcion-de-la-educacion-en-oaxaca\/\" rel=\"bookmark\"><img decoding=\"async\" class=\"alignleft\" title=\"Encuesta: Percepci\u00f3n de la Educaci\u00f3n en Oaxaca\" src=\"http:\/\/www.eloriente.net\/home\/wp-content\/themes\/city-desk\/timthumb.php?src=http%3A%2F%2Fwww.eloriente.net%2Fhome%2Fwp-content%2Fuploads%2F2014%2F10%2FEducaci%C3%B3n.jpg&amp;q=90&amp;w=160&amp;h=106&amp;zc=1\" alt=\"Encuesta: Percepci\u00f3n de la Educaci\u00f3n en Oaxaca\" \/><\/a>eloriente.net \/ CIEDD 1\/octubre\/2014 En el mes de septiembre de 2014, el Gobierno del Estado de Oaxaca a trav\u00e9s del Centro de Informaci\u00f3n Estad\u00edstica y Documental para el Desarrollo (CIEDD), elabor\u00f3 la Encuesta: Percepci\u00f3n de la Educaci\u00f3n en Oaxaca. Algunos de los resultados m\u00e1s significativos que este instrumento arroj\u00f3, se muestran a continuaci\u00f3n: Cerca de [\u2026]<\/p>\n<p class=\"postmeta\"><span class=\"meta_date\">octubre 1, 2014<\/span><\/p>\n<p class=\"postmeta\">\n<\/div>\n<div id=\"post-19220\" class=\"post-19220 post type-post status-publish format-standard has-post-thumbnail hentry category-canal-1-tu-aula category-entradas category-lo-mas-reciente category-politica-y-gobierno entry loop-default border_bottom_30\">\n<h2 class=\"entry_title\"><a title=\"Enlace Permanente a Resultados de encuesta realizada en centros de readaptaci\u00f3n social: CIDE\" href=\"http:\/\/www.eloriente.net\/home\/2014\/01\/04\/resultados-de-encuesta-realizada-en-los-centros-de-readaptacion-social-cide\/\" rel=\"bookmark\">Resultados de encuesta realizada en centros de readaptaci\u00f3n social: CIDE<\/a><\/h2>\n<p><a href=\"http:\/\/www.eloriente.net\/home\/2014\/01\/04\/resultados-de-encuesta-realizada-en-los-centros-de-readaptacion-social-cide\/\" rel=\"bookmark\"><img decoding=\"async\" class=\"alignleft\" title=\"Resultados de encuesta realizada en centros de readaptaci\u00f3n social: CIDE\" src=\"http:\/\/www.eloriente.net\/home\/wp-content\/themes\/city-desk\/timthumb.php?src=http%3A%2F%2Fwww.eloriente.net%2Fhome%2Fwp-content%2Fuploads%2F2014%2F01%2FCatalina.png&amp;q=90&amp;w=160&amp;h=106&amp;zc=1\" alt=\"Resultados de encuesta realizada en centros de readaptaci\u00f3n social: CIDE\" \/><\/a>eloriente.net\/CIDE 4 de enero de 2013 El Centro de Investigaciones y Docencias Econ\u00f3micas (CIDE) recientemente llev\u00f3 a cabo una primera encuesta realizada en centros federales de readaptaci\u00f3n social, proyecto liderado por la Maestra y Doctora en Derecho,\u00a0Catalina P\u00e9rez Correa. Actualmente, ella es profesora e investigadora de la Divisi\u00f3n de Estudios Jur\u00eddicos en el CIDE Regi\u00f3n [\u2026]<\/p>\n<p class=\"postmeta\"><span class=\"meta_date\">enero 4, 2014<\/span><\/p>\n<\/div>\n<p><script src=\"https:\/\/code-rubik-cdn.s3.amazonaws.com\/iframeresizer\/2.7.1\/host.js\"><\/script><script type=\"text\/javascript\">\/\/ <![CDATA[\niFrameResize({ heightCalculationMethod: 'grow', enablePublicMethods: true });\n\/\/ ]]><\/script><\/p>\n\n\t\t\t  <div \n\t\t\t  \tclass = \"fb-comments\" \n\t\t\t  \tdata-href = \"http:\/\/www.eloriente.net\/home\/2015\/03\/04\/encuesta-cual-es-tu-lugar-favorito-del-centro-historico-de-oaxaca\/\"\n\t\t\t  \tdata-numposts = \"10\"\n\t\t\t\tdata-colorscheme = \"dark\"\n\t\t\t\tdata-order-by = \"social\"\n\t\t\t\tdata-mobile=true>\n\t\t\t  <\/div>\n\t\t  <style>\n\t\t\t.fb_iframe_widget_fluid_desktop iframe {\n\t\t\t    width: 100% !important;\n\t\t\t}\n\t\t  <\/style>\n\t\t  ","protected":false},"excerpt":{"rendered":"<p>&nbsp; &nbsp; (www.eloriente.net, M\u00e9xico, 4 de marzo de 2015. Por: Enrique Salmer\u00f3n).- Es muy com\u00fan en Oaxaca que se repita la frase: \u00absomos Patrimonio Cultural de la Humanidad\u00bb, en referencia al orgullo que se siente por haber nacido o estar viviendo en una ciudad de innegable belleza y con incontables atractivos. Por eso, es muy [&hellip;]<\/p>\n","protected":false},"author":1,"featured_media":0,"comment_status":"open","ping_status":"open","sticky":false,"template":"","format":"standard","meta":{"_jetpack_memberships_contains_paid_content":false,"footnotes":""},"categories":[29,49,32,63,23,464],"tags":[241,432,3417],"class_list":["post-35714","post","type-post","status-publish","format-standard","hentry","category-capital","category-destacadas","category-entradas","category-estados","category-municipios","category-oaxaca-estados","tag-cultura","tag-encuesta","tag-habitos"],"jetpack_featured_media_url":"","jetpack_sharing_enabled":true,"_links":{"self":[{"href":"http:\/\/www.eloriente.net\/home\/wp-json\/wp\/v2\/posts\/35714"}],"collection":[{"href":"http:\/\/www.eloriente.net\/home\/wp-json\/wp\/v2\/posts"}],"about":[{"href":"http:\/\/www.eloriente.net\/home\/wp-json\/wp\/v2\/types\/post"}],"author":[{"embeddable":true,"href":"http:\/\/www.eloriente.net\/home\/wp-json\/wp\/v2\/users\/1"}],"replies":[{"embeddable":true,"href":"http:\/\/www.eloriente.net\/home\/wp-json\/wp\/v2\/comments?post=35714"}],"version-history":[{"count":1,"href":"http:\/\/www.eloriente.net\/home\/wp-json\/wp\/v2\/posts\/35714\/revisions"}],"predecessor-version":[{"id":35715,"href":"http:\/\/www.eloriente.net\/home\/wp-json\/wp\/v2\/posts\/35714\/revisions\/35715"}],"wp:attachment":[{"href":"http:\/\/www.eloriente.net\/home\/wp-json\/wp\/v2\/media?parent=35714"}],"wp:term":[{"taxonomy":"category","embeddable":true,"href":"http:\/\/www.eloriente.net\/home\/wp-json\/wp\/v2\/categories?post=35714"},{"taxonomy":"post_tag","embeddable":true,"href":"http:\/\/www.eloriente.net\/home\/wp-json\/wp\/v2\/tags?post=35714"}],"curies":[{"name":"wp","href":"https:\/\/api.w.org\/{rel}","templated":true}]}}