{"id":35716,"date":"2015-03-04T16:52:09","date_gmt":"2015-03-04T22:52:09","guid":{"rendered":"http:\/\/www.eloriente.net\/home\/?p=35716"},"modified":"2015-03-04T16:54:44","modified_gmt":"2015-03-04T22:54:44","slug":"oaxaca-justicia-por-propia-mano","status":"publish","type":"post","link":"http:\/\/www.eloriente.net\/home\/2015\/03\/04\/oaxaca-justicia-por-propia-mano\/","title":{"rendered":"Oaxaca: Justicia por propia mano"},"content":{"rendered":"<p><script src=\"\/\/pagead2.googlesyndication.com\/pagead\/js\/adsbygoogle.js\" async=\"\"><\/script><!-- BANNER ELORIENTE INCRUSTADO NOTAS --> <ins class=\"adsbygoogle\" style=\"display: inline-block; width: 300px; height: 250px;\" data-ad-client=\"ca-pub-1136171134853753\" data-ad-slot=\"7974633627\"><\/ins><script>\/\/ <![CDATA[\n(adsbygoogle = window.adsbygoogle || []).push({});\n\/\/ ]]><\/script><\/p>\n<p>&nbsp;<\/p>\n<p>&nbsp;<\/p>\n<p>(www.eloriente.net, M\u00e9xico, 4 de marzo de 2015).- Es com\u00fan en el ambiente de los programadores y editores de contenido a la hora de idear y armar nuevos productos y aplicaciones, el que se ponga sobre la mesa la necesidad de alg\u00fan mecanismo de alerta de bloqueos, marchas y plantones.<\/p>\n<p>Y es com\u00fan, porque en cualquier mesa, lluvia de ideas o networking la necesidad predominante hoy es la movilidad. \u00abLevanta una piedra y encontrar\u00e1s un manifestante\u00bb, dir\u00eda el cl\u00e1sico.<\/p>\n<p>Solamente hoy 4 de marzo pudimos monitorear marchas y bloqueos en: Calle Flores Mag\u00f3n (a un costado de Palacio de Gobierno por miembros del Frente Popular Revolucionario FPR); Sams, Home Depot, WalMart, Palaza del Valle y Gasoliner\u00eda de Avenida Universidad (por miembros de la Secci\u00f3n 22 CNTE); accesos de Tlalixtac de Cabrera y Ciudad Administrativa (por pobladores del lugar exigiendo obras); puentes de acceso a Ciudad Judicial, as\u00ed como en oficinas de SEDATU y avenida independencia (FPR). La Organizaci\u00f3n tambi\u00e9n march\u00f3 espu\u00e9s por Avenida Universidad hacia el Z\u00f3calo; oficinas de tr\u00e1nsito (por trabajadores); marcha del Frente Amplio de Lucha Popular (FALP) por carretera 190 y luego en calles del centro hist\u00f3rico.<\/p>\n<p>Lo anterior solo en la ciudad de Oaxaca (y quiz\u00e1 hagan falta algunas), pues en puntos como Pinotepa Nacional y Puerto Escondido tambi\u00e9n se reportaron movilizaciones.<\/p>\n<p>Pero todo lo anterior se ha vuelto ya lugar com\u00fan en el estado. La vida cotidiana de los habitantes de Oaxaca tiene tanta dosis de marchas como de cualquier otra cosa normal en la existencia de una comunidad.<\/p>\n<p>Sin embargo, como su nombre lo indica, se trata solo de MANIFESTACIONES, es decir, de <strong>reuniones p\u00fablicas donde se reclama ALGO.<\/strong><\/p>\n<p><strong>Pero el ALGO ha pasado a segundo t\u00e9rmino.<\/strong><\/p>\n<p>Lo que la ciudadan\u00eda quiere saber NO es qu\u00e9 es ese ALGO, si es justo o no, si tienen los participantes derecho a obtener ese ALGO o no, si hay ALGO que puedan hacer para que los manifestantes obtengan su ALGO reclamado.<\/p>\n<p>Hoy por hoy a nadie le interesa esa raz\u00f3n. La actividad (o industria) de la manifestaci\u00f3n se ha encargado de desgastar tanto su procedimiento, que inclusive sus causas pasan a segundo t\u00e9rmino y, lo que es incluso peor, se les degrada en modo tal, que quiz\u00e1 haya consenso en afirmar que NINGUNA MANIFESTACI\u00d3N se considera hoy leg\u00edtima a los ojos de la ciudadan\u00eda.<\/p>\n<p>La mayor\u00eda de las personas estamos tan desencantados con las manifestaciones y bloqueos, que le atribu\u00edmos intereses oscuros a todas y todos los l\u00edderes participantes (intereses econ\u00f3micos espec\u00edficamente) o el cariz de m\u00e9todos de presi\u00f3n partidistas o pol\u00edticos para obtener posiciones o prebendas.<\/p>\n<p>\u00bfCu\u00e1l es la consecuencia? Precisamente lo que desde hace algunas semanas ha venido ocurriendo en lugares como Huatulco, en que cierto sector de ciudadanos se ha venido organizando para desmantelar manifestaciones y desbloquear accesos, ante la inacci\u00f3n de las autoridades y el hartazgo social.<\/p>\n<p><strong>Sobre el tema, en ELORIENTE.NET hicimos preguntas a nuestros amigos en Redes Sociales y, aunque no nos atrever\u00edamos a decir que los resultados son infalibles o plenamente representantivos, nos parece que esbozan una discusi\u00f3n que es necesario afrontar en Oaxaca:<\/strong><\/p>\n<p><strong> ciertos l\u00edmites institucionales y normativos se han rebasado, de tal forma que la propia organizaci\u00f3n social est\u00e1 buscando opciones para asegurar sus derechos, incluso fuera del propio orden institucional y normativo.<\/strong><\/p>\n<p>Se aplica de alguna manera una especie de <strong>Justicia por propia mano<\/strong>, que si bien es un t\u00e9rmino aqu\u00ed extrapolado, tambi\u00e9n lo es que de alguna forma los ciudadanos pueden \u00abtomar\u00bb por s\u00ed mismos funciones que le corresponden al Estado para evitar que sean violentados sus derechos, lo cual puede derivar en linchamientos y una crispaci\u00f3n a\u00fan mayor.<\/p>\n<p>Si bien <a href=\"http:\/\/www.vanderbilt.edu\/lapop\/insights\/I0839es.pdf\" target=\"_blank\">algunos estudios indican que el apoyo a la justicia por propia mano se da sobre todo en comunidades con altos niveles de cohesi\u00f3n social<\/a>, cosa que en nuestro entorno es baja para asuntos de esta naturaleza, tambi\u00e9n lo es que la impunidad y los bajos niveles de confianza en autoridades puede llevar a peligrosos escenarios de confrontaci\u00f3n.<\/p>\n<p>Por eso, la respuesta en todos los niveles debe ser urgente. Los s\u00edntomas y agrupamientos entorno a este tema deben llevar a la acci\u00f3n inmediata. Necesitamos al Estado en todos sus t\u00e9rminos. Funcionando. Previniendo. Respondiendo. Inclusive desactivando y haciendo inteligencia.<\/p>\n<p><strong>A\u00fan estamos a tiempo de evitar un choque entre civiles.<br \/>\n<\/strong><\/p>\n<p>@El_Oriente<\/p>\n<p>&nbsp;<\/p>\n<p style=\"text-align: right;\"><em>N\u00fameros levantados del mi\u00e9rcoles pasado a este d\u00eda 4 de marzo de 2015:<\/em><\/p>\n<p>&nbsp;<\/p>\n<p><a href=\"http:\/\/www.eloriente.net\/home\/wp-content\/uploads\/2015\/03\/Encuesta-1-p-1-resultado-final-4mar15-eloriente.net-.png\"><img loading=\"lazy\" decoding=\"async\" class=\"alignnone size-medium wp-image-35717\" src=\"http:\/\/www.eloriente.net\/home\/wp-content\/uploads\/2015\/03\/Encuesta-1-p-1-resultado-final-4mar15-eloriente.net--300x238.png\" alt=\"Encuesta 1 p 1 resultado final 4mar15 eloriente.net\" width=\"300\" height=\"238\" srcset=\"http:\/\/www.eloriente.net\/home\/wp-content\/uploads\/2015\/03\/Encuesta-1-p-1-resultado-final-4mar15-eloriente.net--300x238.png 300w, http:\/\/www.eloriente.net\/home\/wp-content\/uploads\/2015\/03\/Encuesta-1-p-1-resultado-final-4mar15-eloriente.net-.png 437w\" sizes=\"(max-width: 300px) 100vw, 300px\" \/><\/a><\/p>\n<p>&nbsp;<\/p>\n<p><a href=\"http:\/\/www.eloriente.net\/home\/wp-content\/uploads\/2015\/03\/Encuesta-1-p-2-resultado-final-4mar15-eloriente.net-.png\"><img loading=\"lazy\" decoding=\"async\" class=\"alignnone size-medium wp-image-35718\" src=\"http:\/\/www.eloriente.net\/home\/wp-content\/uploads\/2015\/03\/Encuesta-1-p-2-resultado-final-4mar15-eloriente.net--300x247.png\" alt=\"Encuesta 1 p 2 resultado final 4mar15 eloriente.net\" width=\"300\" height=\"247\" srcset=\"http:\/\/www.eloriente.net\/home\/wp-content\/uploads\/2015\/03\/Encuesta-1-p-2-resultado-final-4mar15-eloriente.net--300x247.png 300w, http:\/\/www.eloriente.net\/home\/wp-content\/uploads\/2015\/03\/Encuesta-1-p-2-resultado-final-4mar15-eloriente.net-.png 402w\" sizes=\"(max-width: 300px) 100vw, 300px\" \/><\/a><\/p>\n<p>&nbsp;<\/p>\n<p><a href=\"http:\/\/www.eloriente.net\/home\/wp-content\/uploads\/2015\/03\/Encuesta-1-p-3-resultado-final-4mar15-eloriente.net-.png\"><img loading=\"lazy\" decoding=\"async\" class=\"alignnone size-medium wp-image-35719\" src=\"http:\/\/www.eloriente.net\/home\/wp-content\/uploads\/2015\/03\/Encuesta-1-p-3-resultado-final-4mar15-eloriente.net--300x249.png\" alt=\"Encuesta 1 p 3 resultado final 4mar15 eloriente.net\" width=\"300\" height=\"249\" srcset=\"http:\/\/www.eloriente.net\/home\/wp-content\/uploads\/2015\/03\/Encuesta-1-p-3-resultado-final-4mar15-eloriente.net--300x249.png 300w, http:\/\/www.eloriente.net\/home\/wp-content\/uploads\/2015\/03\/Encuesta-1-p-3-resultado-final-4mar15-eloriente.net-.png 401w\" sizes=\"(max-width: 300px) 100vw, 300px\" \/><\/a><\/p>\n<p>&nbsp;<\/p>\n<p><a href=\"http:\/\/www.eloriente.net\/home\/wp-content\/uploads\/2015\/03\/Encuesta-1-p-4-resultado-final-4mar15-eloriente.net-.png\"><img loading=\"lazy\" decoding=\"async\" class=\"alignnone size-medium wp-image-35720\" src=\"http:\/\/www.eloriente.net\/home\/wp-content\/uploads\/2015\/03\/Encuesta-1-p-4-resultado-final-4mar15-eloriente.net--300x249.png\" alt=\"Encuesta 1 p 4 resultado final 4mar15 eloriente.net\" width=\"300\" height=\"249\" srcset=\"http:\/\/www.eloriente.net\/home\/wp-content\/uploads\/2015\/03\/Encuesta-1-p-4-resultado-final-4mar15-eloriente.net--300x249.png 300w, http:\/\/www.eloriente.net\/home\/wp-content\/uploads\/2015\/03\/Encuesta-1-p-4-resultado-final-4mar15-eloriente.net-.png 406w\" sizes=\"(max-width: 300px) 100vw, 300px\" \/><\/a><\/p>\n<p>&nbsp;<\/p>\n<p><a href=\"http:\/\/www.eloriente.net\/home\/2015\/03\/04\/encuesta-cual-es-tu-lugar-favorito-del-centro-historico-de-oaxaca\/\" target=\"_blank\">DA CLICK AQU\u00cd PARA RESPONDER LA ENCUESTA DE ESTA SEMANA!!<\/a><\/p>\n<p>&nbsp;<\/p>\n<p><strong>OTRAS ENTRADAS:<\/strong><\/p>\n<div id=\"post-35655\" class=\"post-35655 post type-post status-publish format-standard has-post-thumbnail hentry category-lunesdepolitica category-derechos-humanos category-destacadas category-entradas category-estados category-lo-mas-reciente category-municipios category-oaxaca-estados category-politica-y-gobierno tag-bloqueo tag-huatulco tag-seccion-22 tag-xanica entry loop-default border_bottom_30\">\n<h2 class=\"entry_title\"><a title=\"Enlace Permanente a Otro antecedente de Intervenci\u00f3n Civil en Huatulco; Comit\u00e9 remueve bloqueo\" href=\"http:\/\/www.eloriente.net\/home\/2015\/02\/25\/otro-antecedente-de-intervencion-civil-en-huatulco-comite-remueve-bloqueo\/\" rel=\"bookmark\">Otro antecedente de Intervenci\u00f3n Civil en Huatulco; Comit\u00e9 remueve bloqueo<\/a><\/h2>\n<p><a href=\"http:\/\/www.eloriente.net\/home\/2015\/02\/25\/otro-antecedente-de-intervencion-civil-en-huatulco-comite-remueve-bloqueo\/\" rel=\"bookmark\"><img decoding=\"async\" class=\"alignleft\" title=\"Otro antecedente de Intervenci\u00f3n Civil en Huatulco; Comit\u00e9 remueve bloqueo\" src=\"http:\/\/www.eloriente.net\/home\/wp-content\/themes\/city-desk\/timthumb.php?src=http%3A%2F%2Fwww.eloriente.net%2Fhome%2Fwp-content%2Fuploads%2F2015%2F02%2F%40Chiva_henry-huatulco-24feb15-.png&amp;q=90&amp;w=160&amp;h=106&amp;zc=1\" alt=\"Otro antecedente de Intervenci\u00f3n Civil en Huatulco; Comit\u00e9 remueve bloqueo\" \/><\/a>(www.eloriente.net, M\u00e9xico, 25 de febrero de 2015).- El pasado 10 de enero, prestadores de servicios tur\u00edsticos y comerciantes de Santa Mar\u00eda Huatulco tomaron la desici\u00f3n y desalojaron un bloqueo efectuado por integrantes de la Coordinadora Nacional de Trabajadores de la Educaci\u00f3n (Secci\u00f3n 22), instalado a las afueras del Aeropuerto Internacional de Bah\u00edas de Huatulco. Este [\u2026]<\/p>\n<p class=\"postmeta\"><span class=\"meta_date\">febrero 25, 2015<\/span><\/p>\n<\/div>\n<div id=\"post-35216\" class=\"post-35216 post type-post status-publish format-standard has-post-thumbnail hentry category-destacadas category-entradas category-estados category-lo-mas-reciente category-medio-ambiente category-municipios category-oaxaca-estados category-turismo-y-negocios tag-blue-flag tag-chahue tag-huatulco tag-playas tag-sustentabilidad entry loop-default border_bottom_30\">\n<h2 class=\"entry_title\"><a title=\"Enlace Permanente a Dos playas en Huatulco van por el Blue Flag 2015\" href=\"http:\/\/www.eloriente.net\/home\/2015\/02\/07\/dos-playas-en-huatulco-van-por-el-blue-flag-2015\/\" rel=\"bookmark\">Dos playas en Huatulco van por el Blue Flag 2015<\/a><\/h2>\n<p><a href=\"http:\/\/www.eloriente.net\/home\/2015\/02\/07\/dos-playas-en-huatulco-van-por-el-blue-flag-2015\/\" rel=\"bookmark\"><img decoding=\"async\" class=\"alignleft\" title=\"Dos playas en Huatulco van por el Blue Flag 2015\" src=\"http:\/\/www.eloriente.net\/home\/wp-content\/themes\/city-desk\/timthumb.php?src=http%3A%2F%2Fwww.eloriente.net%2Fhome%2Fwp-content%2Fuploads%2F2012%2F11%2FBahia-Huatulco-Cacaluta.jpg&amp;q=90&amp;w=160&amp;h=106&amp;zc=1\" alt=\"Dos playas en Huatulco van por el Blue Flag 2015\" \/><\/a>(www.eloriente.net, M\u00e9xico, 7 de Febrero del 2015).- Dicen que en \u201cel mar la vida es m\u00e1s sabrosa\u201d, y en Chahu\u00e9 y El Tortuguero en Huatulco est\u00e1 comprobado, pues estas dos playas son candidatas a obtener el Premio Blue Flag 2015, por el manejo sustentable y desarrollo a favor de la poblaci\u00f3n, as\u00ed lo dio a [\u2026]<\/p>\n<p>&nbsp;<\/p>\n<p class=\"postmeta\"><span class=\"meta_date\">febrero 7, 2015<\/span><\/p>\n<\/div>\n\n\t\t\t  <div \n\t\t\t  \tclass = \"fb-comments\" \n\t\t\t  \tdata-href = \"http:\/\/www.eloriente.net\/home\/2015\/03\/04\/oaxaca-justicia-por-propia-mano\/\"\n\t\t\t  \tdata-numposts = \"10\"\n\t\t\t\tdata-colorscheme = \"dark\"\n\t\t\t\tdata-order-by = \"social\"\n\t\t\t\tdata-mobile=true>\n\t\t\t  <\/div>\n\t\t  <style>\n\t\t\t.fb_iframe_widget_fluid_desktop iframe {\n\t\t\t    width: 100% !important;\n\t\t\t}\n\t\t  <\/style>\n\t\t  ","protected":false},"excerpt":{"rendered":"<p>&nbsp; &nbsp; (www.eloriente.net, M\u00e9xico, 4 de marzo de 2015).- Es com\u00fan en el ambiente de los programadores y editores de contenido a la hora de idear y armar nuevos productos y aplicaciones, el que se ponga sobre la mesa la necesidad de alg\u00fan mecanismo de alerta de bloqueos, marchas y plantones. Y es com\u00fan, porque [&hellip;]<\/p>\n","protected":false},"author":1,"featured_media":35722,"comment_status":"open","ping_status":"open","sticky":false,"template":"","format":"standard","meta":{"_jetpack_memberships_contains_paid_content":false,"footnotes":""},"categories":[22,9,32,63,464,21],"tags":[432,255,483],"class_list":["post-35716","post","type-post","status-publish","format-standard","has-post-thumbnail","hentry","category-derechos-humanos","category-editorial","category-entradas","category-estados","category-oaxaca-estados","category-politica-y-gobierno","tag-encuesta","tag-justicia","tag-manifestaciones"],"jetpack_featured_media_url":"http:\/\/www.eloriente.net\/home\/wp-content\/uploads\/2015\/03\/Gra\u0301fica-resultados-encuesta.png","jetpack_sharing_enabled":true,"_links":{"self":[{"href":"http:\/\/www.eloriente.net\/home\/wp-json\/wp\/v2\/posts\/35716"}],"collection":[{"href":"http:\/\/www.eloriente.net\/home\/wp-json\/wp\/v2\/posts"}],"about":[{"href":"http:\/\/www.eloriente.net\/home\/wp-json\/wp\/v2\/types\/post"}],"author":[{"embeddable":true,"href":"http:\/\/www.eloriente.net\/home\/wp-json\/wp\/v2\/users\/1"}],"replies":[{"embeddable":true,"href":"http:\/\/www.eloriente.net\/home\/wp-json\/wp\/v2\/comments?post=35716"}],"version-history":[{"count":1,"href":"http:\/\/www.eloriente.net\/home\/wp-json\/wp\/v2\/posts\/35716\/revisions"}],"predecessor-version":[{"id":35721,"href":"http:\/\/www.eloriente.net\/home\/wp-json\/wp\/v2\/posts\/35716\/revisions\/35721"}],"wp:featuredmedia":[{"embeddable":true,"href":"http:\/\/www.eloriente.net\/home\/wp-json\/wp\/v2\/media\/35722"}],"wp:attachment":[{"href":"http:\/\/www.eloriente.net\/home\/wp-json\/wp\/v2\/media?parent=35716"}],"wp:term":[{"taxonomy":"category","embeddable":true,"href":"http:\/\/www.eloriente.net\/home\/wp-json\/wp\/v2\/categories?post=35716"},{"taxonomy":"post_tag","embeddable":true,"href":"http:\/\/www.eloriente.net\/home\/wp-json\/wp\/v2\/tags?post=35716"}],"curies":[{"name":"wp","href":"https:\/\/api.w.org\/{rel}","templated":true}]}}