{"id":35749,"date":"2015-03-06T17:19:39","date_gmt":"2015-03-06T23:19:39","guid":{"rendered":"http:\/\/www.eloriente.net\/home\/?p=35749"},"modified":"2015-03-06T17:49:51","modified_gmt":"2015-03-06T23:49:51","slug":"realmente-debia-cancelarse-la-exposicion-de-hermann-nitsch","status":"publish","type":"post","link":"http:\/\/www.eloriente.net\/home\/2015\/03\/06\/realmente-debia-cancelarse-la-exposicion-de-hermann-nitsch\/","title":{"rendered":"\u00bfRealmente deb\u00eda cancelarse la exposici\u00f3n de Hermann Nitsch?"},"content":{"rendered":"<p><script src=\"\/\/pagead2.googlesyndication.com\/pagead\/js\/adsbygoogle.js\" async=\"\"><\/script><!-- BANNER ELORIENTE INCRUSTADO NOTAS --> <ins class=\"adsbygoogle\" style=\"display: inline-block; width: 300px; height: 250px;\" data-ad-client=\"ca-pub-1136171134853753\" data-ad-slot=\"7974633627\"><\/ins><script>\/\/ <![CDATA[\n(adsbygoogle = window.adsbygoogle || []).push({});\n\/\/ ]]><\/script><\/p>\n<p>&nbsp;<\/p>\n<p>&nbsp;<\/p>\n<p><em><strong>eloriente.net\/<a href=\"http:\/\/www.agencian22.mx\" target=\"_blank\">AgenciaN22<\/a><\/strong><\/em><\/p>\n<p><em><strong>6 de marzo de 2015<\/strong><\/em><\/p>\n<p style=\"text-align: right;\">Por Ver\u00f3nica Lugo<\/p>\n<p style=\"text-align: right;\">@bretanicsgirl<\/p>\n<p>A lo largo de la\u00a0 historia se ha discutido mucho sobre el concepto de arte. En el siglo de las luces, por mencionar una etapa de la historia, eran vanagloriados los valores revolucionarios, los ideales a favor de la comunidad y sobre todo\u00a0 la idea (preconcebida) de la raz\u00f3n como arma contra la ignorancia, la injusticia y la tiran\u00eda, que fung\u00eda como la m\u00e1xima expresi\u00f3n art\u00edstica.<\/p>\n<p>Durante este periodo aquel artista que fuera en contra de estos nuevos valores est\u00e9ticos era considerado un ignorante y quien siguiera expresando en su arte la escuela medieval era un rezagado \u2013evidentemente a todos esos \u201cconocedores\u201d del arte, se les olvid\u00f3 que fue durante el llamado \u201coscurantismo\u201d donde se edificaron grandiosas fortalezas, catedrales, palacios y un sinf\u00edn de bellas piezas arquitect\u00f3nicas-.<\/p>\n<p>Como en toda cronolog\u00eda narrativa, el tiempo sigui\u00f3 transcurriendo y el concepto de arte segu\u00eda teniendo un raudal de discusiones. El siglo XIX lleg\u00f3 y trajo consigo m\u00e1s debates.\u00a0Pero \u00a0\u00bfqu\u00e9 es el arte?, ir\u00f3nicamente la respuesta m\u00e1s allegada a una respuesta es la disertaci\u00f3n.<\/p>\n<p>Dec\u00eda Imanuel Kant que disertar es pensar y respecto al arte \u00e9l cre\u00eda que la sensaci\u00f3n de complacencia es lo que determina el juicio del gusto, para conseguirlo hay que acercarse al legado art\u00edstico, apreciarlo sin ning\u00fan prejuicio, mantener la mente abierta y despejada\u201d. \u00bfPara qu\u00e9? Para despu\u00e9s disertar sobre lo que gusta o porque no.<\/p>\n<p>Antes de juzgar una pieza de arte es necesario tomarse el tiempo suficiente para pensar, analizar y entender el contexto social en el que el arte est\u00e1 siendo representado. Sin embargo que una pieza de arte disguste no es raz\u00f3n suficiente para no considerarla arte.<\/p>\n<p>La cancelaci\u00f3n de la exhibici\u00f3n de Hermann Nitsch en el Museo Jumex es ejemplo claro de c\u00f3mo las cosas para el arte no han cambiado mucho \u2013 o tal vez nada-.<\/p>\n<p>&nbsp;<\/p>\n<p><a href=\"http:\/\/www.eloriente.net\/home\/wp-content\/uploads\/2015\/03\/Hermann-Nitsch-agencia-n22.jpg\"><img loading=\"lazy\" decoding=\"async\" class=\"alignnone size-medium wp-image-35750\" src=\"http:\/\/www.eloriente.net\/home\/wp-content\/uploads\/2015\/03\/Hermann-Nitsch-agencia-n22-249x300.jpg\" alt=\"Hermann Nitsch agencia n22\" width=\"249\" height=\"300\" srcset=\"http:\/\/www.eloriente.net\/home\/wp-content\/uploads\/2015\/03\/Hermann-Nitsch-agencia-n22-249x300.jpg 249w, http:\/\/www.eloriente.net\/home\/wp-content\/uploads\/2015\/03\/Hermann-Nitsch-agencia-n22.jpg 624w\" sizes=\"(max-width: 249px) 100vw, 249px\" \/><\/a> Imagen: Agencia N22<\/p>\n<p>&nbsp;<\/p>\n<p>El pasado 22 de enero se inici\u00f3 una campa\u00f1a para cancelar la exposici\u00f3n de Nitsch. El argumento se edificaba en el rechazo a la mutilaci\u00f3n y sacrificio de animales durante las acciones teatrales del artista. La pol\u00e9mica se extendi\u00f3 en todas las redes sociales y r\u00e1pidamente pro-ambientalistas y defensores de la vida animal, arremetieron contra Hermann Nitsch como si se tratase de una cacer\u00eda de brujas.<\/p>\n<p>Lo que muchos de estos ambientalistas desconocen es que los cad\u00e1veres de animales empleados por Nitsch son cad\u00e1veres de carnicer\u00edas, de animales que fueron sacrificados, por la sociedad para el consumo humano y no por el artista.<\/p>\n<p>Comentarios de toda \u00edndole no se hicieron esperar. Una parte de la sociedad mexicana se escandaliz\u00f3 y acus\u00f3, sin ning\u00fan tipo de conocimiento o argumento v\u00e1lido, a Hermann Nitsch de s\u00e1dico y loco. Otros tantos se atrevieron a afirmar que su arte no era arte por ser monstruoso y repulsivo.<\/p>\n<p>La belleza ha sido el adjetivo m\u00e1s utilizado al momento de valorar la est\u00e9tica de una obra. Generalmente cuando una objeto posee el calificativo de arte trae consigo la afirmaci\u00f3n de que es bella; pero el que un ente sea bello depende del gusto del receptor; lo mismo ocurre con la fealdad.<\/p>\n<p>As\u00ed sucedi\u00f3 en su momento con la literatura de Donatien Alphonse Fran\u00e7ois de Sade. Su lengua fue considerada como transgresora, antiart\u00edstica y antiest\u00e9tica. El Marqu\u00e9s fue perseguido, encarcelado y su obra fue, en gran parte, destruida y censurada. Pas\u00f3 el tiempo y Georges Bataille rescat\u00f3, clandestinamente, el legado de su compatriota \u2013para \u00e9l la literatura del Marques, al contrario de los conservadores de la \u00e9poca era fastuoso- \u00a0y fue hasta con los estudios de Sigmund Freud que Sade obtendr\u00eda, aunque no del todo, la aceptaci\u00f3n de la sociedad.<\/p>\n<p>Al igual que Sade hay muchos otros artistas y corrientes art\u00edsticas que han sido castigadas por consider\u00e1rseles amorales y horribles. Rembrandt\u00a0fue condenado, por muchos de sus colegas, al considerar <em>La lecci\u00f3n de anatom\u00eda del Dr. Nicolaes Tulp<\/em>\u00a0como una herej\u00eda antiacad\u00e9mica; Francisco Goya fue para la Iglesia Cat\u00f3lica la reencarnaci\u00f3n del demonio por lo \u201cblasfemo\u201d de su obra; el Conde de Lautr\u00e9amont, escritor de <em>Los cantos de Maldoror<\/em>, fue satanizado por la sociedad de su tiempo por atreverse a enaltecer el mal, la putrefacci\u00f3n y la muerte \u2013como si estos conceptos no fueran inherentes al ser humano y a la vida propia-.<\/p>\n<p>Lo grotesco fustiga porque no s\u00f3lo se refiere a lo f\u00edsico, sino tambi\u00e9n a la exacerbaci\u00f3n de los vicios, los defectos y los males sociales. Lo grotesco en una obra puede producir al espectador risa, iron\u00eda o sarcasmo, pero tambi\u00e9n puede provocar miedo por el horror que causa ver algo \u201canormal\u201d, pero el que una obra de arte parezca -a ciertos sectores sociales- espantosa, no debe ser criterio suficiente para desacreditarla, castigarla y censurarla.<\/p>\n<p>El arte que expresa Hemann Nitsch pretender mostrar lo feo de la realidad, lo horrible dentro de la vida, aquello que existe pero es escondido, es negado. Su obra muestra la realidad, vista desde otra trinchera donde se observa la violencia, la destrucci\u00f3n, la muerte, lo tr\u00e1gico. Todos estos elementos son fundamentales en la obra de Nitsch, a la par de que \u00e9stos mismos son parte de la realidad de nuestro pa\u00eds. Posiblemente por esta raz\u00f3n el arte de Nitch, al igual que el contexto actual del pa\u00eds, es negado y considerado por las \u201cbuenas mentes\u201d un tab\u00fa del cual es mejor no departir, no disertar.<\/p>\n<p><strong>OTRAS ENTRADAS:<\/strong><\/p>\n<div id=\"post-35144\" class=\"post-35144 post type-post status-publish format-standard has-post-thumbnail hentry category-comunicados-y-boletines category-entradas category-estados category-municipios category-musica-de-oaxaca category-oaxaca-estados tag-bellas-artes tag-musica tag-uabjo entry loop-default border_bottom_30\">\n<h2 class=\"entry_title\"><a title=\"Enlace Permanente a Se fue primer semestre de licenciatura en m\u00fasica en Bellas Artes\" href=\"http:\/\/www.eloriente.net\/home\/2015\/02\/02\/se-fue-primer-semestre-de-licenciatura-en-musica-en-bellas-artes\/\" rel=\"bookmark\">Se fue primer semestre de licenciatura en m\u00fasica en Bellas Artes<\/a><\/h2>\n<p><a href=\"http:\/\/www.eloriente.net\/home\/2015\/02\/02\/se-fue-primer-semestre-de-licenciatura-en-musica-en-bellas-artes\/\" rel=\"bookmark\"><img decoding=\"async\" class=\"alignleft\" title=\"Se fue primer semestre de licenciatura en m\u00fasica en Bellas Artes\" src=\"http:\/\/www.eloriente.net\/home\/wp-content\/themes\/city-desk\/timthumb.php?src=http%3A%2F%2Fwww.eloriente.net%2Fhome%2Fwp-content%2Fuploads%2F2015%2F02%2FBellas-Artes-UABJO.jpg&amp;q=90&amp;w=160&amp;h=106&amp;zc=1\" alt=\"Se fue primer semestre de licenciatura en m\u00fasica en Bellas Artes\" \/><\/a>eloriente.net\/UABJO 2 de febrero de 2015 La Escuela de Bellas Artes de la Universidad Aut\u00f3noma \u201cBenito Ju\u00e1rez\u201d de Oaxaca (EBA UABJO) ofreci\u00f3 un Concierto de Gala de Maestros en el marco de la culminaci\u00f3n del primer semestre de la Licenciatura en M\u00fasica la cual dio inicio en el mes de Septiembre del 2014. Este recital, [\u2026]<\/p>\n<p class=\"postmeta\"><span class=\"meta_date\">febrero 2, 2015<\/span><\/p>\n<\/div>\n<div id=\"post-35095\" class=\"post-35095 post type-post status-publish format-standard has-post-thumbnail hentry category-martesdevacantes category-entradas category-especiales category-estados category-mexico-y-el-mundo category-oaxaca-estados category-principal tag-directivos tag-empleos tag-empleos-en-oaxaca tag-naciones-unidas tag-trabajos entry loop-default border_bottom_30\">\n<h2 class=\"entry_title\"><a title=\"Enlace Permanente a Cinco Vacantes en Oaxaca para Nivel Directivo #MartesdeVacantes\" href=\"http:\/\/www.eloriente.net\/home\/2015\/01\/27\/cinco-vacantes-en-oaxaca-para-nivel-directivo-martesdevacantes\/\" rel=\"bookmark\">Cinco Vacantes en Oaxaca para Nivel Directivo #MartesdeVacantes<\/a><\/h2>\n<p><a href=\"http:\/\/www.eloriente.net\/home\/2015\/01\/27\/cinco-vacantes-en-oaxaca-para-nivel-directivo-martesdevacantes\/\" rel=\"bookmark\"><img decoding=\"async\" class=\"alignleft\" title=\"Cinco Vacantes en Oaxaca para Nivel Directivo #MartesdeVacantes\" src=\"http:\/\/www.eloriente.net\/home\/wp-content\/themes\/city-desk\/timthumb.php?src=http%3A%2F%2Fwww.eloriente.net%2Fhome%2Fwp-content%2Fuploads%2F2014%2F05%2Fprincipal-martes-vacantes.jpg&amp;q=90&amp;w=160&amp;h=106&amp;zc=1\" alt=\"Cinco Vacantes en Oaxaca para Nivel Directivo #MartesdeVacantes\" \/><\/a>(www.eloriente.net, Oaxaca, M\u00e9xico, 26 de enero de 2015).- Conscientes de la importancia para la ciudadan\u00eda en general de la b\u00fasqueda de nuevas oportunidades de crecimiento profesional, en El Oriente ponemos a tu disposici\u00f3n semanalmente ofertas de empleo disponibles en la ciudad de Oaxaca de Ju\u00e1rez, municipios conurbados y en regiones al interior del estado. 1. [\u2026]<\/p>\n<p class=\"postmeta\"><span class=\"meta_date\">enero 27, 2015<\/span><\/p>\n<\/div>\n\n\t\t\t  <div \n\t\t\t  \tclass = \"fb-comments\" \n\t\t\t  \tdata-href = \"http:\/\/www.eloriente.net\/home\/2015\/03\/06\/realmente-debia-cancelarse-la-exposicion-de-hermann-nitsch\/\"\n\t\t\t  \tdata-numposts = \"10\"\n\t\t\t\tdata-colorscheme = \"dark\"\n\t\t\t\tdata-order-by = \"social\"\n\t\t\t\tdata-mobile=true>\n\t\t\t  <\/div>\n\t\t  <style>\n\t\t\t.fb_iframe_widget_fluid_desktop iframe {\n\t\t\t    width: 100% !important;\n\t\t\t}\n\t\t  <\/style>\n\t\t  ","protected":false},"excerpt":{"rendered":"<p>&nbsp; &nbsp; eloriente.net\/AgenciaN22 6 de marzo de 2015 Por Ver\u00f3nica Lugo @bretanicsgirl A lo largo de la\u00a0 historia se ha discutido mucho sobre el concepto de arte. En el siglo de las luces, por mencionar una etapa de la historia, eran vanagloriados los valores revolucionarios, los ideales a favor de la comunidad y sobre todo\u00a0 [&hellip;]<\/p>\n","protected":false},"author":1,"featured_media":35750,"comment_status":"open","ping_status":"open","sticky":false,"template":"","format":"standard","meta":{"_jetpack_memberships_contains_paid_content":false,"footnotes":""},"categories":[1588,18,32],"tags":[3424,3423],"class_list":["post-35749","post","type-post","status-publish","format-standard","has-post-thumbnail","hentry","category-comunicados-y-boletines","category-educacion-y-cultura","category-entradas","tag-agencia-canal-22","tag-arte-exposiciones"],"jetpack_featured_media_url":"http:\/\/www.eloriente.net\/home\/wp-content\/uploads\/2015\/03\/Hermann-Nitsch-agencia-n22.jpg","jetpack_sharing_enabled":true,"_links":{"self":[{"href":"http:\/\/www.eloriente.net\/home\/wp-json\/wp\/v2\/posts\/35749"}],"collection":[{"href":"http:\/\/www.eloriente.net\/home\/wp-json\/wp\/v2\/posts"}],"about":[{"href":"http:\/\/www.eloriente.net\/home\/wp-json\/wp\/v2\/types\/post"}],"author":[{"embeddable":true,"href":"http:\/\/www.eloriente.net\/home\/wp-json\/wp\/v2\/users\/1"}],"replies":[{"embeddable":true,"href":"http:\/\/www.eloriente.net\/home\/wp-json\/wp\/v2\/comments?post=35749"}],"version-history":[{"count":3,"href":"http:\/\/www.eloriente.net\/home\/wp-json\/wp\/v2\/posts\/35749\/revisions"}],"predecessor-version":[{"id":35755,"href":"http:\/\/www.eloriente.net\/home\/wp-json\/wp\/v2\/posts\/35749\/revisions\/35755"}],"wp:featuredmedia":[{"embeddable":true,"href":"http:\/\/www.eloriente.net\/home\/wp-json\/wp\/v2\/media\/35750"}],"wp:attachment":[{"href":"http:\/\/www.eloriente.net\/home\/wp-json\/wp\/v2\/media?parent=35749"}],"wp:term":[{"taxonomy":"category","embeddable":true,"href":"http:\/\/www.eloriente.net\/home\/wp-json\/wp\/v2\/categories?post=35749"},{"taxonomy":"post_tag","embeddable":true,"href":"http:\/\/www.eloriente.net\/home\/wp-json\/wp\/v2\/tags?post=35749"}],"curies":[{"name":"wp","href":"https:\/\/api.w.org\/{rel}","templated":true}]}}